{"id":56693,"date":"2023-04-26T16:10:42","date_gmt":"2023-04-26T13:10:42","guid":{"rendered":"https:\/\/new.mavikadin.com\/?p=56693"},"modified":"2024-09-16T17:10:21","modified_gmt":"2024-09-16T14:10:21","slug":"ucak-pencereleri-neden-kare-ya-da-dikdortgen-degil-basit-gibi-gorunse-de-bu-detay-hayat-kurtariyor","status":"publish","type":"post","link":"https:\/\/www.tgrthaber.com\/mavikadin\/ucak-pencereleri-neden-kare-ya-da-dikdortgen-degil-basit-gibi-gorunse-de-bu-detay-hayat-kurtariyor\/","title":{"rendered":"U\u00e7ak pencereleri neden kare ya da dikd\u00f6rtgen de\u011fil? Basit gibi g\u00f6r\u00fcnse de bu detay hayat kurtar\u0131yor!"},"content":{"rendered":"<p>U\u00e7ak pencerelerinin neden oval oldu\u011funu hi\u00e7 d\u00fc\u015f\u00fcnd\u00fcn\u00fcz m\u00fc? U\u00e7aklardaki oval pencereler gereksiz bir tercih de\u011fil. Basit gibi g\u00f6r\u00fcnen bu detay asl\u0131nda hayat kurtar\u0131yor!<\/p>\n<p>U&ccedil;ak pencereleri ev ve araba pencereleri gibi olsayd\u0131 u&ccedil;a\u011f\u0131n tamam\u0131 yok olabilirdi. <strong>Evet yanl\u0131\u015f duymad\u0131n\u0131z! Asl\u0131nda hayat kurtaran bir m&uuml;hendislik bulu\u015fu diyebiliriz.<\/strong> E\u011fer oval yerine k&ouml;\u015fegen pencereler olsayd\u0131 atmosfer ile kabin bas\u0131nc\u0131 aras\u0131ndaki farkl\u0131l\u0131ktan dolay\u0131 y&uuml;ksek irtifada sorun olu\u015fturur ve u&ccedil;a\u011f\u0131n par&ccedil;alanmas\u0131na neden olurdu ki bir zamanlar bu olay aynen ya\u015fand\u0131..<\/p>\n<h3><strong>U&Ccedil;AK PENCERELER\u0130 ESK\u0130DEN OVAL DE\u011e\u0130LD\u0130<\/strong><\/h3>\n<p><strong>Son derece ilgin&ccedil; bilgiler Legend Science&rsquo;nin Youtube kanal\u0131nda payla\u015f\u0131ld\u0131.<\/strong> 1950&#8217;lere kadar u&ccedil;aklar oval de\u011fil kare pencerelere sahipti ancak g&uuml;venli\u011fi riske att\u0131\u011f\u0131 ortaya &ccedil;\u0131k\u0131nca oval pencerelere ge&ccedil;ildi.<\/p>\n<p>Kare pencereli u&ccedil;aklar\u0131n do\u011fal olarak stresin yo\u011funla\u015ft\u0131\u011f\u0131 ve hava bas\u0131nc\u0131yla giderek zay\u0131flad\u0131\u011f\u0131 irtifalarda soruna neden oluyordu. Ayr\u0131ca ilk ticari hava yollar\u0131 21. Y&uuml;zy\u0131l\u0131n sonlar\u0131nda u&ccedil;aklar\u0131 daha y&uuml;ksekten u&ccedil;urmaya ba\u015flad\u0131. Bu plan\u0131n amac\u0131 ise para tasarrufu yapmakt\u0131. U&ccedil;ak &uuml;zerindeki s&uuml;r&uuml;klenme kuvvetinin ve t&uuml;ketilen yak\u0131t miktar\u0131n\u0131n azalmas\u0131 demekti.<\/p>\n<p><img decoding=\"async\" src=\"https:\/\/static.mavikadin.com\/images\/haberler\/23-04\/26\/ucak-2.jpg\" alt=\"\" title=\"\"><\/p>\n<p>\u0130\u015fte istedikleri u&ccedil;ak olu\u015fturulmu\u015ftu&hellip; Ya da &ouml;yle d&uuml;\u015f&uuml;n&uuml;lm&uuml;\u015ft&uuml;. <strong>1950&rsquo;li y\u0131llarda m&uuml;hendislerin &ouml;nemli bir tasar\u0131m kusurunu g&ouml;zden ka&ccedil;\u0131rmas\u0131 sebebiyle &uuml;&ccedil; u&ccedil;a\u011f\u0131n g&ouml;vdesi par&ccedil;alara ayr\u0131ld\u0131.<\/strong> &Ccedil;&uuml;nk&uuml; bu u&ccedil;aklarda kere pencereler kullan\u0131lm\u0131\u015ft\u0131.<\/p>\n<p>M&uuml;hendisler, g&uuml;venli bir \u015fekilde u&ccedil;abilmemiz i&ccedil;in stresin d&uuml;zg&uuml;n bir \u015fekilde akmas\u0131n\u0131 sa\u011flamak amac\u0131yla kare pencereleri oval pencerelere d&ouml;n&uuml;\u015ft&uuml;rd&uuml;. \u0130&ccedil; bas\u0131nc\u0131 destekleyen oval pencereler, sivri k&ouml;\u015felerde birikebilecek bask\u0131y\u0131 &ouml;nledi. \u0130\u015fte yuvarlak pencerenin perde arkas\u0131 buradan geliyor.<\/p>\n<p>Oval pencereler sadece i&ccedil; bas\u0131nc\u0131 da\u011f\u0131tmakla kalm\u0131yor, ayr\u0131ca &ccedil;atlak ve k\u0131r\u0131lma olas\u0131l\u0131\u011f\u0131n\u0131 da azalt\u0131yor. <strong>Ek olarak, dairesel \u015fekiller deformasyona kar\u015f\u0131 daha diren&ccedil; sa\u011fl\u0131yor ve u&ccedil;a\u011f\u0131n i&ccedil;inde ve d\u0131\u015f\u0131nda son derece farkl\u0131 hava bas\u0131nc\u0131 de\u011ferlerine dayanabiliyor.<\/strong><\/p>\n<h3><strong>BU V\u0130DEO DA \u0130LG\u0130N\u0130Z\u0130 &Ccedil;EKEB\u0130L\u0130R<\/strong><\/h3>\n<p>#vd-200#<\/p><\/p>\n","protected":false},"excerpt":{"rendered":"<p>U\u00e7ak pencerelerinin neden oval oldu\u011funu hi\u00e7 d\u00fc\u015f\u00fcnd\u00fcn\u00fcz m\u00fc? U\u00e7aklardaki oval pencereler gereksiz bir tercih de\u011fil. Basit gibi g\u00f6r\u00fcnen bu detay asl\u0131nda hayat kurtar\u0131yor! U&ccedil;ak pencereleri ev ve araba pencereleri gibi olsayd\u0131 u&ccedil;a\u011f\u0131n tamam\u0131 yok olabilirdi. Evet yanl\u0131\u015f duymad\u0131n\u0131z! Asl\u0131nda hayat kurtaran bir m&uuml;hendislik bulu\u015fu diyebiliriz. E\u011fer oval yerine k&ouml;\u015fegen pencereler olsayd\u0131 atmosfer ile kabin bas\u0131nc\u0131 [&hellip;]<\/p>\n","protected":false},"author":6,"featured_media":56692,"comment_status":"closed","ping_status":"open","sticky":false,"template":"","format":"standard","meta":{"rank_math_lock_modified_date":false,"footnotes":""},"categories":[101],"tags":[43312,43313,43311,43310,43314],"class_list":["post-56693","post","type-post","status-publish","format-standard","has-post-thumbnail","hentry","category-kesfet","tag-havacilik-guvenligi","tag-muhendislik","tag-oval-pencere","tag-ucak-pencereleri","tag-ucak-tasarimi"],"_links":{"self":[{"href":"https:\/\/www.tgrthaber.com\/mavikadin\/wp-json\/wp\/v2\/posts\/56693"}],"collection":[{"href":"https:\/\/www.tgrthaber.com\/mavikadin\/wp-json\/wp\/v2\/posts"}],"about":[{"href":"https:\/\/www.tgrthaber.com\/mavikadin\/wp-json\/wp\/v2\/types\/post"}],"author":[{"embeddable":true,"href":"https:\/\/www.tgrthaber.com\/mavikadin\/wp-json\/wp\/v2\/users\/6"}],"replies":[{"embeddable":true,"href":"https:\/\/www.tgrthaber.com\/mavikadin\/wp-json\/wp\/v2\/comments?post=56693"}],"version-history":[{"count":1,"href":"https:\/\/www.tgrthaber.com\/mavikadin\/wp-json\/wp\/v2\/posts\/56693\/revisions"}],"predecessor-version":[{"id":56694,"href":"https:\/\/www.tgrthaber.com\/mavikadin\/wp-json\/wp\/v2\/posts\/56693\/revisions\/56694"}],"wp:featuredmedia":[{"embeddable":true,"href":"https:\/\/www.tgrthaber.com\/mavikadin\/wp-json\/wp\/v2\/media\/56692"}],"wp:attachment":[{"href":"https:\/\/www.tgrthaber.com\/mavikadin\/wp-json\/wp\/v2\/media?parent=56693"}],"wp:term":[{"taxonomy":"category","embeddable":true,"href":"https:\/\/www.tgrthaber.com\/mavikadin\/wp-json\/wp\/v2\/categories?post=56693"},{"taxonomy":"post_tag","embeddable":true,"href":"https:\/\/www.tgrthaber.com\/mavikadin\/wp-json\/wp\/v2\/tags?post=56693"}],"curies":[{"name":"wp","href":"https:\/\/api.w.org\/{rel}","templated":true}]}}