{"id":56714,"date":"2023-04-27T13:02:40","date_gmt":"2023-04-27T10:02:40","guid":{"rendered":"https:\/\/new.mavikadin.com\/?p=56714"},"modified":"2024-09-16T17:11:12","modified_gmt":"2024-09-16T14:11:12","slug":"2-bin-yildir-cozulemeyen-soru-insanlar-kendini-neden-gidiklayamaz","status":"publish","type":"post","link":"https:\/\/www.tgrthaber.com\/mavikadin\/2-bin-yildir-cozulemeyen-soru-insanlar-kendini-neden-gidiklayamaz\/","title":{"rendered":"2 bin y\u0131ld\u0131r \u00e7\u00f6z\u00fclemeyen soru \u201c\u0130nsanlar kendini neden g\u0131d\u0131klayamaz?\u201d"},"content":{"rendered":"<p>Ba\u015fka bir insan v\u00fccudunuzun hassas b\u00f6l\u00fcmlerine dokundu\u011funda g\u0131d\u0131klan\u0131rken ne kadar duyarl\u0131 olursan\u0131z olun ayn\u0131 i\u015flevi kendinizi yapt\u0131\u011f\u0131n\u0131zda g\u0131d\u0131klanmazs\u0131n\u0131z. Anlad\u0131k da peki neden kendimizi g\u0131d\u0131klayamay\u0131z?<\/p>\n<p>G\u0131d\u0131klanma sinir bozucu oldu\u011fu kadar dozunda yap\u0131ld\u0131\u011f\u0131nda e\u011flencelidir de.<strong> Kendi kendimizi g\u0131d\u0131klayamamam\u0131z\u0131n nedeni tam olarak &lsquo;cerebellum&rsquo; yani &lsquo;beyincik&rsquo; ile alakal\u0131<\/strong>. Beyin bunun &ouml;nceden fark\u0131ndad\u0131r ve g\u0131d\u0131klanman\u0131n o anda tam olarak ne zaman, nereye gelece\u011fini bilerek kendini korumaya al\u0131r. Yani beyin v&uuml;cudunuzu g\u0131d\u0131klaman\u0131n \u015fokunu haz\u0131rlar.<\/p>\n<h3><strong>KEND\u0130 DOKUNU\u015eUNUZ BEYN\u0130N\u0130Z TARAFINDAN &Ouml;NG&Ouml;R&Uuml;L&Uuml;R<\/strong><\/h3>\n<p>G\u0131d\u0131klanma derinin y&uuml;zeyinde bulunan k&uuml;&ccedil;&uuml;k sinir lifciklerin harekete ge&ccedil;mesiyle ortaya &ccedil;\u0131kar. Bu lifcikler beyne sinyal yollad\u0131\u011f\u0131nda huylanma, g&uuml;lme, &uuml;rperme gibi refleksler devreye girer.<\/p>\n<p>Beklenmedik bir \u015fekilde ba\u015fka biri g\u0131d\u0131klad\u0131\u011f\u0131nda v&uuml;cut ger&ccedil;ek tepkisini ortaya &ccedil;\u0131kar\u0131r. <strong>Ancak kendinizi g\u0131d\u0131klamaya &ccedil;al\u0131\u015ft\u0131\u011f\u0131n\u0131zda beyin &ouml;nceden yapaca\u011f\u0131n\u0131z hareketi tahmin etti\u011fi i&ccedil;in ger&ccedil;ekle\u015fti\u011finde \u015fa\u015f\u0131rmaz. <\/strong>Yani g\u0131d\u0131klanmaz, g&uuml;lmez ya da tepki g&ouml;stermezsiniz.<\/p>\n<p>Beyin biz fark etmesek bile etraf\u0131m\u0131zda olup biteni tahmin eder ve unutmaz. &Ouml;rne\u011fin kol veya baca\u011f\u0131n\u0131z ka\u015f\u0131nd\u0131\u011f\u0131nda beyninizin ka\u015f\u0131maya y&ouml;nelece\u011fini &ouml;nceden bilir.<\/p>\n<p><strong>Beynimiz v&uuml;cut hareketlerimizi ve bunlar\u0131n neden oldu\u011fu hisleri takip etme yetene\u011fine sahip olmasayd\u0131 ne olurdu biliyor musunuz?<\/strong> S&uuml;rekli olarak d&uuml;rt&uuml;l&uuml;yormu\u015f gibi hisseder ve dikkatimizi hi&ccedil;bir \u015feye veremezdik.<\/p>\n<p><img decoding=\"async\" src=\"https:\/\/static.mavikadin.com\/images\/haberler\/23-04\/27\/gidiklama-3.jpg\" alt=\"\" title=\"\"><\/p>\n<h3><strong>\u0130NSANLAR KEND\u0130 KEND\u0130LER\u0130N\u0130 NEDEN GIDIKLAYAMAZ?<\/strong><\/h3>\n<p>&Ouml;nceki ara\u015ft\u0131rmalar, g\u0131d\u0131klaman\u0131n ruh haline ba\u011fl\u0131 oldu\u011funu ortaya koymu\u015ftu. <strong>BBC&rsquo;nin haberinde yer alan i&ccedil;eri\u011fe g&ouml;re, kendi hareketlerimiz ile ba\u015fkalar\u0131n\u0131n eylemleri aras\u0131nda ayr\u0131m yapabilmek bu nedenle kendi varl\u0131\u011f\u0131m\u0131z ile d\u0131\u015f varl\u0131klar\u0131 duyumsamam\u0131z\u0131n temelini olu\u015fturur.<\/strong><\/p>\n<p>Beyin kendi hareketlerimiz ile ba\u015fkalar\u0131n\u0131n eylemleri aras\u0131nda ayr\u0131m\u0131 yapar. Beynin kendi istedi\u011fimizle yapt\u0131\u011f\u0131m\u0131z hareketlere verdi\u011fi tepkiyi azaltmas\u0131n\u0131n sebebinin, istem d\u0131\u015f\u0131 d\u0131\u015f uyaranlara kar\u015f\u0131 duyarl\u0131l\u0131\u011f\u0131m\u0131z\u0131 art\u0131rmak i&ccedil;in oldu\u011fu d&uuml;\u015f&uuml;n&uuml;l&uuml;yor.<\/p>\n<p><img decoding=\"async\" src=\"https:\/\/static.mavikadin.com\/images\/haberler\/23-04\/27\/gidiklama-6.jpg\" alt=\"\" title=\"\"><\/p>\n<h3><strong>GIDIKLANMAYA ODAKLANIRSANIZ DAHA &Ccedil;OK H\u0130SSEDERS\u0130N\u0130Z<\/strong><\/h3>\n<p>G\u0131d\u0131klanma v&uuml;cudun bir&ccedil;ok yerinde olabilir. G&uuml;lme Psikolojisi adl\u0131 makalede, t&uuml;m insanlar\u0131n genellikle ayn\u0131 g\u0131d\u0131klanma noktalar\u0131na sahip oldu\u011funu; ayaklar ilk s\u0131rada yer al\u0131rken koltuk altlar\u0131, boyunlar ve &ccedil;enenin takip etti\u011fi yaz\u0131yor.<\/p>\n<p>G\u0131d\u0131klama hissinin olu\u015fmas\u0131 i&ccedil;in derideki dokunma duyusunu alg\u0131layan sinirlerin hafif&ccedil;e uyar\u0131lmas\u0131 gerekir. Bildi\u011fimiz gibi iki tip g\u0131d\u0131klama vard\u0131r: <strong>hafif g\u0131d\u0131klama ve a\u011f\u0131r dayan\u0131lmaz g\u0131d\u0131klama. Hafif olan bu g\u0131d\u0131klama knismesis olarak bilinir. Hafif, narin hareketten kaynaklanan bir histir.<\/strong><\/p>\n<p>A\u011f\u0131r g\u0131d\u0131klama ise gargalesis olarak bilinir ve v&uuml;cudun kolay incinir b&ouml;lgelerinde (&ouml;rne\u011fin; ayaklar, kar\u0131n ve koltukalt\u0131 gibi) yo\u011fun bir hareketin neticesinde ortaya &ccedil;\u0131kar. \u0130\u015fte gargalesis denilen bu t&uuml;r g\u0131d\u0131klamay\u0131 kendi kendinize yapamazs\u0131n\u0131z.<\/p>\n<p>Bir kimsenin knismesisi kendi &uuml;zerinde yapabilirken, gargalesisi neden yapamad\u0131\u011f\u0131n\u0131n sebebini uzmanlar \u015f&ouml;yle tarif ediyor; knismesis daha duyusal bir his iken, gargalesis ise uyarana verdi\u011fimiz i&ccedil;g&uuml;d&uuml;sel tepki olarak karakterize edilmektedir.<\/p>\n<h3><strong>BU V\u0130DEO DA \u0130LG\u0130N\u0130Z\u0130 &Ccedil;EKEB\u0130L\u0130R<\/strong><\/h3>\n<p>#vd-431#<\/p><\/p>\n","protected":false},"excerpt":{"rendered":"<p>Ba\u015fka bir insan v\u00fccudunuzun hassas b\u00f6l\u00fcmlerine dokundu\u011funda g\u0131d\u0131klan\u0131rken ne kadar duyarl\u0131 olursan\u0131z olun ayn\u0131 i\u015flevi kendinizi yapt\u0131\u011f\u0131n\u0131zda g\u0131d\u0131klanmazs\u0131n\u0131z. Anlad\u0131k da peki neden kendimizi g\u0131d\u0131klayamay\u0131z? G\u0131d\u0131klanma sinir bozucu oldu\u011fu kadar dozunda yap\u0131ld\u0131\u011f\u0131nda e\u011flencelidir de. Kendi kendimizi g\u0131d\u0131klayamamam\u0131z\u0131n nedeni tam olarak &lsquo;cerebellum&rsquo; yani &lsquo;beyincik&rsquo; ile alakal\u0131. Beyin bunun &ouml;nceden fark\u0131ndad\u0131r ve g\u0131d\u0131klanman\u0131n o anda tam olarak ne [&hellip;]<\/p>\n","protected":false},"author":6,"featured_media":56713,"comment_status":"closed","ping_status":"open","sticky":false,"template":"","format":"standard","meta":{"rank_math_lock_modified_date":false,"footnotes":""},"categories":[101],"tags":[10074,10827,1557,224,43323],"class_list":["post-56714","post","type-post","status-publish","format-standard","has-post-thumbnail","hentry","category-kesfet","tag-beyin","tag-bilim","tag-gidiklama","tag-insan","tag-neden"],"_links":{"self":[{"href":"https:\/\/www.tgrthaber.com\/mavikadin\/wp-json\/wp\/v2\/posts\/56714"}],"collection":[{"href":"https:\/\/www.tgrthaber.com\/mavikadin\/wp-json\/wp\/v2\/posts"}],"about":[{"href":"https:\/\/www.tgrthaber.com\/mavikadin\/wp-json\/wp\/v2\/types\/post"}],"author":[{"embeddable":true,"href":"https:\/\/www.tgrthaber.com\/mavikadin\/wp-json\/wp\/v2\/users\/6"}],"replies":[{"embeddable":true,"href":"https:\/\/www.tgrthaber.com\/mavikadin\/wp-json\/wp\/v2\/comments?post=56714"}],"version-history":[{"count":1,"href":"https:\/\/www.tgrthaber.com\/mavikadin\/wp-json\/wp\/v2\/posts\/56714\/revisions"}],"predecessor-version":[{"id":56715,"href":"https:\/\/www.tgrthaber.com\/mavikadin\/wp-json\/wp\/v2\/posts\/56714\/revisions\/56715"}],"wp:featuredmedia":[{"embeddable":true,"href":"https:\/\/www.tgrthaber.com\/mavikadin\/wp-json\/wp\/v2\/media\/56713"}],"wp:attachment":[{"href":"https:\/\/www.tgrthaber.com\/mavikadin\/wp-json\/wp\/v2\/media?parent=56714"}],"wp:term":[{"taxonomy":"category","embeddable":true,"href":"https:\/\/www.tgrthaber.com\/mavikadin\/wp-json\/wp\/v2\/categories?post=56714"},{"taxonomy":"post_tag","embeddable":true,"href":"https:\/\/www.tgrthaber.com\/mavikadin\/wp-json\/wp\/v2\/tags?post=56714"}],"curies":[{"name":"wp","href":"https:\/\/api.w.org\/{rel}","templated":true}]}}