{"id":56843,"date":"2023-05-01T14:00:00","date_gmt":"2023-05-01T11:00:00","guid":{"rendered":"https:\/\/new.mavikadin.com\/?p=56843"},"modified":"2024-09-16T17:17:08","modified_gmt":"2024-09-16T14:17:08","slug":"eski-fotograflardaki-insanlar-neden-gulumsemez-sebebi-mutsuz-olmalari-degil","status":"publish","type":"post","link":"https:\/\/www.tgrthaber.com\/mavikadin\/eski-fotograflardaki-insanlar-neden-gulumsemez-sebebi-mutsuz-olmalari-degil\/","title":{"rendered":"Eski foto\u011fraflardaki insanlar neden g\u00fcl\u00fcmsemez? Sebebi mutsuz olmalar\u0131 de\u011fil&#8230;"},"content":{"rendered":"<p>Aile b\u00fcy\u00fcklerinizin eski zamanlarda topluca poz verdi\u011fi eski foto\u011fraflara bak\u0131p, neden herkesin bu kadar ciddi oldu\u011funu merak ettiniz mi? Gelin, insanlar\u0131n eski foto\u011fraflarda hi\u00e7 g\u00fcl\u00fcmsememesinin alt\u0131ndan yatan birbirinden ilgin\u00e7 sebeplere g\u00f6z atal\u0131m\u2026<\/p>\n<p>G&uuml;n&uuml;m&uuml;z&uuml;n bol g&uuml;l&uuml;msemeli foto\u011fraflar\u0131n\u0131n aksine eski foto\u011fraflara bakt\u0131\u011f\u0131m\u0131zda genellikle donuk ifadeyle g&uuml;l&uuml;msemeyen insanlar\u0131 g&ouml;r&uuml;yoruz. Peki neden? G&uuml;n&uuml;m&uuml;zde foto\u011fraf &ccedil;ektirmek, birka&ccedil; saniyeye indirgenmi\u015f olsa da bu durum eskiden b&ouml;yle de\u011fildi. &Ouml;yle ki, foto\u011fraf s&uuml;resinin uzun olmas\u0131, &ccedil;o\u011fu ki\u015finin g&ouml;sterdi\u011fi ilk sebep diyebiliriz. Ancak nedenleri bununla s\u0131n\u0131rl\u0131 de\u011fil. Eski foto\u011fraflarda insanlar\u0131n neden g&uuml;l&uuml;msemekten ka&ccedil;\u0131nd\u0131\u011f\u0131na dair ortaya at\u0131lan pek &ccedil;ok teori var.<\/p>\n<p><strong>Webtekno.com sayfas\u0131n\u0131n derledi\u011fi habere g&ouml;re eski foto\u011fraflarda g&uuml;l&uuml;msememenin yayg\u0131n olarak inan\u0131lan ikinci sebep ise o d&ouml;nemlerde di\u015flerin g&ouml;sterilmek istenmemi\u015f olmas\u0131.<\/strong><\/p>\n<h3><strong>D\u0130\u015eLERLE G&Uuml;L&Uuml;MSEMEN\u0130N K&Ouml;T&Uuml; G&Ouml;R&Uuml;ND&Uuml;\u011e&Uuml;N&Uuml; D&Uuml;\u015e&Uuml;N&Uuml;YORLARDI<\/strong><\/h3>\n<p>19 y&uuml;zy\u0131lda insanlar di\u015flerinden pek rahats\u0131z de\u011fildi, yani g&uuml;n&uuml;m&uuml;zdeki gibi di\u015f bak\u0131ma &ccedil;ok &ouml;nem verilmiyordu. Bu y&uuml;zden kimilerinin di\u015fleri epey k&ouml;t&uuml;yd&uuml;. Foto\u011fraflarda g&uuml;zel g&ouml;r&uuml;nmek i&ccedil;in g&uuml;l&uuml;msememeyi tercih ediyorlard\u0131.<\/p>\n<h3><strong>FOTO\u011eRAF MAK\u0130NALARI G&Uuml;L&Uuml;MSEMEY\u0130 YAKALAMAKTA BA\u015eARISIZDI<\/strong><\/h3>\n<p>Eski foto\u011fraf makineleri g&uuml;l&uuml;msemeleri net yakalayacak teknolojiye sahip de\u011fildi. 1826&#8217;da &ccedil;ekilen ilk foto\u011fraf\u0131 pozlamak 8 saat s&uuml;rd&uuml;. Sonralar\u0131 15 dakika ve sonra 20-40 saniyeye dek indirildi. Yani 19. y&uuml;zy\u0131lda foto\u011fraf &ccedil;ekilmek hi&ccedil; de bug&uuml;n oldu\u011fu kadar kolay bir i\u015f de\u011fildi. <strong>Foto\u011fraf &ccedil;ekilirken insanlar\u0131n y&uuml;z&uuml;ndeki g&uuml;l&uuml;msemeyi uzun s&uuml;re tutmas\u0131 m&uuml;mk&uuml;n de\u011fildi. <\/strong>Tahmin ederseniz ki ayn\u0131 g&uuml;l&uuml;mseme pozisyonda durmak hi&ccedil; k\u0131p\u0131rdamadan durmadan daha zor!<\/p>\n<p><img decoding=\"async\" src=\"https:\/\/static.mavikadin.com\/images\/haberler\/23-05\/01\/fotograf-5.jpg\" alt=\"\" title=\"\"><\/p>\n<h3><strong>B&Uuml;Y&Uuml;K DE\u011e\u0130L K&Uuml;&Ccedil;&Uuml;K DUDAKLAR G&Uuml;ZELD\u0130<\/strong><\/h3>\n<p>En yayg\u0131n teorilerden biri o d&ouml;nemde k&uuml;&ccedil;&uuml;k a\u011f\u0131zlar ve dudaklar g&uuml;zellik g&ouml;stergesiydi. Foto\u011fraf&ccedil;\u0131lar poz veren insanlardan sakince prune (kuru erik) demesini istiyordu. <strong>Yani g&uuml;n&uuml;m&uuml;zdeki &lsquo;peynir&rsquo; diye &ccedil;ekilen foto\u011fraflar\u0131n tam z\u0131tt\u0131&hellip;<\/strong> Ama&ccedil; insanlar\u0131n dudaklar\u0131n\u0131 resimde daha k&uuml;&ccedil;&uuml;k g&ouml;stermekti.<\/p>\n<h3><strong>FOTO\u011eRAF &Ccedil;EKT\u0130RMEK &Ccedil;OK PAHALI \u0130D\u0130<\/strong><\/h3>\n<p>Foto\u011fraf &ccedil;ektirmenin &ccedil;ok pahal\u0131 oldu\u011fu o d&ouml;nemlerde &ccedil;ektirebilenler ise, hayatlar\u0131nda bu \u015fans\u0131 sadece bir defa yakal\u0131yordu. Dolay\u0131s\u0131yla bu an\u0131 ciddi ve vakur g&ouml;r&uuml;nerek &ouml;l&uuml;ms&uuml;zle\u015ftirmek istiyorlard\u0131.<\/p>\n<h3><strong>SOYLULAR G\u0130B\u0130 C\u0130DD\u0130 G&Ouml;R&Uuml;NMEK \u0130ST\u0130YORLARDI<\/strong><\/h3>\n<p>&nbsp;Bir di\u011fer teori de zengin g&ouml;r&uuml;nmek i&ccedil;in g&uuml;l&uuml;msemiyorlard\u0131. Soylu insanlar\u0131n resimlerde g&uuml;l&uuml;msemedi\u011fi belliydi. Dolay\u0131s\u0131yla halk da en &uuml;st s\u0131n\u0131ftan insanlar\u0131n foto\u011fraflardaki pozuna bakarak ayn\u0131s\u0131n\u0131 yapmak istediler ve daha g&uuml;&ccedil;l&uuml; ve ihti\u015faml\u0131 g&ouml;r&uuml;nmek i&ccedil;in ciddi poz verdiler&#8230;<\/p>\n<p><img decoding=\"async\" src=\"https:\/\/static.mavikadin.com\/images\/haberler\/23-05\/01\/fotograf-2.jpg\" alt=\"\" title=\"\"><\/p>\n<h3><strong>ESK\u0130 K&Uuml;LT&Uuml;RLERDE G&Uuml;LMEK APTALLIK SAYILIYORDU<\/strong><\/h3>\n<p>Eski insanlar\u0131n foto\u011fraflarda g&uuml;lmemesinin en yayg\u0131n teorilerden biri de g&uuml;l&uuml;msemenin bir aptall\u0131k g&ouml;stergesi oldu\u011funu d&uuml;\u015f&uuml;nmeleri. O zamanlar foto\u011fraflarda g&uuml;l&uuml;mseyenler soytar\u0131lar, palya&ccedil;olar, kanunsuzlar, yoksullar veya sarho\u015flard\u0131.<\/p>\n<h3><strong>FOTO\u011eRAF SANATININ PAR&Ccedil;ASI OLARAK G&Ouml;R&Uuml;L&Uuml;YORDU<\/strong><\/h3>\n<p>Foto\u011fraf &ccedil;ekilmek o zamanlar ressamdan portre istemek kadar resmiydi. Bu resmiyet nedeniyle insanlar foto\u011fraf &ccedil;ekim hizmetine sayg\u0131 duyduklar\u0131 i&ccedil;in foto\u011fraf &ccedil;ekilirken ba\u015ftan savma g&ouml;r&uuml;nmek istemediler.<\/p>\n<p>Peki, insanlar foto\u011fraflarda ne zaman g&uuml;lmeye ba\u015flad\u0131 diyecek olursak; Yayg\u0131n olarak bakt\u0131\u011f\u0131m\u0131zda 1900&rsquo;lerden itibaren 1910&rsquo;lara, 20&rsquo;lere gidildi\u011finde zaman i&ccedil;inde foto\u011fraflarda g&uuml;lmenin yayg\u0131nla\u015fmas\u0131 g&ouml;ze &ccedil;arp\u0131yor.<\/p>\n<p><strong>Eski foto\u011fraflarda insanlar\u0131n neden g&uuml;l&uuml;msemekten ka&ccedil;\u0131nd\u0131\u011f\u0131na dair ortaya at\u0131lan teorileri &ouml;\u011frendi\u011finize g&ouml;re sizce en akla yatk\u0131n sebep hangisi? G&ouml;r&uuml;\u015flerinizi yorumlarda bizimle payla\u015fmay\u0131 unutmay\u0131n&#8230;<\/strong><\/p>\n<h3><strong>BU V\u0130DEO DA \u0130LG\u0130N\u0130Z\u0130 &Ccedil;EKEB\u0130L\u0130R<\/strong><\/h3>\n<p>#vd-454#<\/p><\/p>\n","protected":false},"excerpt":{"rendered":"<p>Aile b\u00fcy\u00fcklerinizin eski zamanlarda topluca poz verdi\u011fi eski foto\u011fraflara bak\u0131p, neden herkesin bu kadar ciddi oldu\u011funu merak ettiniz mi? Gelin, insanlar\u0131n eski foto\u011fraflarda hi\u00e7 g\u00fcl\u00fcmsememesinin alt\u0131ndan yatan birbirinden ilgin\u00e7 sebeplere g\u00f6z atal\u0131m\u2026 G&uuml;n&uuml;m&uuml;z&uuml;n bol g&uuml;l&uuml;msemeli foto\u011fraflar\u0131n\u0131n aksine eski foto\u011fraflara bakt\u0131\u011f\u0131m\u0131zda genellikle donuk ifadeyle g&uuml;l&uuml;msemeyen insanlar\u0131 g&ouml;r&uuml;yoruz. Peki neden? G&uuml;n&uuml;m&uuml;zde foto\u011fraf &ccedil;ektirmek, birka&ccedil; saniyeye indirgenmi\u015f olsa [&hellip;]<\/p>\n","protected":false},"author":6,"featured_media":56842,"comment_status":"closed","ping_status":"open","sticky":false,"template":"","format":"standard","meta":{"rank_math_lock_modified_date":false,"footnotes":""},"categories":[101],"tags":[43387,1564,43388,43389,43390,13285],"class_list":["post-56843","post","type-post","status-publish","format-standard","has-post-thumbnail","hentry","category-kesfet","tag-eski-fotograflar","tag-fotograf","tag-fotograf-tarihi","tag-gulumsememe","tag-neden-gulmuyorlar","tag-nostalji"],"_links":{"self":[{"href":"https:\/\/www.tgrthaber.com\/mavikadin\/wp-json\/wp\/v2\/posts\/56843"}],"collection":[{"href":"https:\/\/www.tgrthaber.com\/mavikadin\/wp-json\/wp\/v2\/posts"}],"about":[{"href":"https:\/\/www.tgrthaber.com\/mavikadin\/wp-json\/wp\/v2\/types\/post"}],"author":[{"embeddable":true,"href":"https:\/\/www.tgrthaber.com\/mavikadin\/wp-json\/wp\/v2\/users\/6"}],"replies":[{"embeddable":true,"href":"https:\/\/www.tgrthaber.com\/mavikadin\/wp-json\/wp\/v2\/comments?post=56843"}],"version-history":[{"count":1,"href":"https:\/\/www.tgrthaber.com\/mavikadin\/wp-json\/wp\/v2\/posts\/56843\/revisions"}],"predecessor-version":[{"id":56844,"href":"https:\/\/www.tgrthaber.com\/mavikadin\/wp-json\/wp\/v2\/posts\/56843\/revisions\/56844"}],"wp:featuredmedia":[{"embeddable":true,"href":"https:\/\/www.tgrthaber.com\/mavikadin\/wp-json\/wp\/v2\/media\/56842"}],"wp:attachment":[{"href":"https:\/\/www.tgrthaber.com\/mavikadin\/wp-json\/wp\/v2\/media?parent=56843"}],"wp:term":[{"taxonomy":"category","embeddable":true,"href":"https:\/\/www.tgrthaber.com\/mavikadin\/wp-json\/wp\/v2\/categories?post=56843"},{"taxonomy":"post_tag","embeddable":true,"href":"https:\/\/www.tgrthaber.com\/mavikadin\/wp-json\/wp\/v2\/tags?post=56843"}],"curies":[{"name":"wp","href":"https:\/\/api.w.org\/{rel}","templated":true}]}}