{"id":57806,"date":"2023-05-27T11:47:34","date_gmt":"2023-05-27T08:47:34","guid":{"rendered":"https:\/\/new.mavikadin.com\/?p=57806"},"modified":"2024-09-16T17:55:09","modified_gmt":"2024-09-16T14:55:09","slug":"camdaki-kiz-ekibi-hep-birlikte-yunanistana-tatile-gitti","status":"publish","type":"post","link":"https:\/\/www.tgrthaber.com\/mavikadin\/camdaki-kiz-ekibi-hep-birlikte-yunanistana-tatile-gitti\/","title":{"rendered":"Camdaki K\u0131z ekibi hep birlikte Yunanistan&#8217;a tatile gitti"},"content":{"rendered":"<p>Camdaki K\u0131z dizisinin ekibi, \u00e7ekimlerin tamamlanmas\u0131yla solu\u011fu Yunanistan&#8217;\u0131n Atina \u015fehrinde ald\u0131. Ekip, mutlu anlar\u0131n\u0131 sosyal medya hesaplar\u0131ndan payla\u015ft\u0131.<\/p>\n<p>Kanal D&#8217;nin sevilen dizisi &#8220;Camdaki K\u0131z&#8221; 2 sezondur devam ediyordu. Psikiyatrist G&uuml;lseren Buday\u0131c\u0131o\u011flu&#8217;nun ayn\u0131 adl\u0131 kitab\u0131ndan ekrana uyarlanan dizi, 82. b&ouml;l&uuml;m&uuml;n&uuml;n ard\u0131ndan ekrana veda edecek. Ge&ccedil;ti\u011fimiz g&uuml;n &ccedil;ekimleri tamamlanan dizi ekibi, hep birlikte yemek yiyerek son kez bir araya gelmi\u015fti. Oyuncular\u0131n bir k\u0131sm\u0131 daha sonra Yunanistan&#8217;a tatile gitti.<\/p>\n<h3><strong>CAMDAK\u0130 KIZ OYUNCULARI TAT\u0130LE G\u0130TT\u0130<\/strong><\/h3>\n<p>Dizinin oyuncular\u0131, &ccedil;ekimlerin tamamlanmas\u0131n\u0131n ard\u0131ndan solu\u011fu tatilde ald\u0131. Hep birlikte Yunanistan sokaklar\u0131n\u0131 kar\u0131\u015f kar\u0131\u015f gezen isimler aras\u0131nda dizide Muzo karakterini canland\u0131ran Enis Ar\u0131kan, Nalan karakterini canland\u0131ran Burcu Biricik, anne G&uuml;lcihan karakterini canland\u0131ran Devrim Yakut, evin hizmetlisi D&ouml;nd&uuml; karakterini canland\u0131ran&nbsp; Feri Baycu G&uuml;ler, evin k\u0131z\u0131 Selma Erge&ccedil; ve evin damad\u0131 Levent&#8217;i canland\u0131ran Tu\u011frul T&uuml;let vard\u0131.<\/p>\n<p><img decoding=\"async\" src=\"https:\/\/static.mavikadin.com\/images\/haberler\/23-05\/27\/camdaki_kiz_ekibi_hep_birlikte_tatile_gitti-4.jpg\" alt=\"\" title=\"\"><\/p>\n<p>Sekt&ouml;r&uuml;n en huzurlu &ccedil;al\u0131\u015fan ve birbirini en &ccedil;ok seven ekiplerinden biri olarak kendilerini adland\u0131ran dizi ekibi arkada\u015f\u0131klar\u0131n\u0131 tatile ta\u015f\u0131d\u0131. Atina&#8217;da &ouml;zel bir \u015fehir turu da ger&ccedil;ekle\u015ftiren ekip, Enis Ar\u0131kan&#8217;\u0131n payla\u015ft\u0131\u011f\u0131 videoda oy kullanmak i&ccedil;in hemen yurtd\u0131\u015f\u0131ndan d&ouml;neceklerini belirtti.<\/p>\n<p><img decoding=\"async\" src=\"https:\/\/static.mavikadin.com\/images\/haberler\/23-05\/27\/camdaki_kiz_ekibi_hep_birlikte_tatile_gitti-2.jpg\" alt=\"\" title=\"\"><\/p>\n","protected":false},"excerpt":{"rendered":"<p>Camdaki K\u0131z dizisinin ekibi, \u00e7ekimlerin tamamlanmas\u0131yla solu\u011fu Yunanistan&#8217;\u0131n Atina \u015fehrinde ald\u0131. Ekip, mutlu anlar\u0131n\u0131 sosyal medya hesaplar\u0131ndan payla\u015ft\u0131. Kanal D&#8217;nin sevilen dizisi &#8220;Camdaki K\u0131z&#8221; 2 sezondur devam ediyordu. Psikiyatrist G&uuml;lseren Buday\u0131c\u0131o\u011flu&#8217;nun ayn\u0131 adl\u0131 kitab\u0131ndan ekrana uyarlanan dizi, 82. b&ouml;l&uuml;m&uuml;n&uuml;n ard\u0131ndan ekrana veda edecek. Ge&ccedil;ti\u011fimiz g&uuml;n &ccedil;ekimleri tamamlanan dizi ekibi, hep birlikte yemek yiyerek son kez [&hellip;]<\/p>\n","protected":false},"author":2,"featured_media":57805,"comment_status":"closed","ping_status":"open","sticky":false,"template":"","format":"standard","meta":{"rank_math_lock_modified_date":false,"footnotes":""},"categories":[76],"tags":[5606,26465,32159,14082,43792],"class_list":["post-57806","post","type-post","status-publish","format-standard","has-post-thumbnail","hentry","category-magazin","tag-burcu-biricik","tag-camdaki-kiz","tag-dizi","tag-enis-arikan","tag-yunanistan-tatili"],"_links":{"self":[{"href":"https:\/\/www.tgrthaber.com\/mavikadin\/wp-json\/wp\/v2\/posts\/57806"}],"collection":[{"href":"https:\/\/www.tgrthaber.com\/mavikadin\/wp-json\/wp\/v2\/posts"}],"about":[{"href":"https:\/\/www.tgrthaber.com\/mavikadin\/wp-json\/wp\/v2\/types\/post"}],"author":[{"embeddable":true,"href":"https:\/\/www.tgrthaber.com\/mavikadin\/wp-json\/wp\/v2\/users\/2"}],"replies":[{"embeddable":true,"href":"https:\/\/www.tgrthaber.com\/mavikadin\/wp-json\/wp\/v2\/comments?post=57806"}],"version-history":[{"count":1,"href":"https:\/\/www.tgrthaber.com\/mavikadin\/wp-json\/wp\/v2\/posts\/57806\/revisions"}],"predecessor-version":[{"id":57807,"href":"https:\/\/www.tgrthaber.com\/mavikadin\/wp-json\/wp\/v2\/posts\/57806\/revisions\/57807"}],"wp:featuredmedia":[{"embeddable":true,"href":"https:\/\/www.tgrthaber.com\/mavikadin\/wp-json\/wp\/v2\/media\/57805"}],"wp:attachment":[{"href":"https:\/\/www.tgrthaber.com\/mavikadin\/wp-json\/wp\/v2\/media?parent=57806"}],"wp:term":[{"taxonomy":"category","embeddable":true,"href":"https:\/\/www.tgrthaber.com\/mavikadin\/wp-json\/wp\/v2\/categories?post=57806"},{"taxonomy":"post_tag","embeddable":true,"href":"https:\/\/www.tgrthaber.com\/mavikadin\/wp-json\/wp\/v2\/tags?post=57806"}],"curies":[{"name":"wp","href":"https:\/\/api.w.org\/{rel}","templated":true}]}}