{"id":58334,"date":"2023-06-13T12:05:37","date_gmt":"2023-06-13T09:05:37","guid":{"rendered":"https:\/\/new.mavikadin.com\/?p=58334"},"modified":"2024-09-16T18:15:31","modified_gmt":"2024-09-16T15:15:31","slug":"emre-altugdan-cagla-sikele-olay-gonderme","status":"publish","type":"post","link":"https:\/\/www.tgrthaber.com\/mavikadin\/emre-altugdan-cagla-sikele-olay-gonderme\/","title":{"rendered":"Emre Altu\u011f&#8217;dan \u00c7a\u011fla \u015e\u0131kel&#8217;e olay g\u00f6nderme!"},"content":{"rendered":"<p>\u00dcnl\u00fc \u015fark\u0131c\u0131 Emre Altu\u011f, 2008 y\u0131l\u0131nda \u00fcnl\u00fc model \u00c7a\u011fla \u015e\u0131kel ile evlenmi\u015f ve iki o\u011flu Kuzey ve Uzay&#8217;a isminde \u00e7ocuklar\u0131 d\u00fcnyaya gelmi\u015fti ancak 2015 y\u0131l\u0131nda \u00e7ift bo\u015fanm\u0131\u015ft\u0131. Ge\u00e7ti\u011fimiz g\u00fcn Emre Altu\u011f, Babalar G\u00fcn\u00fc i\u00e7in d\u00fczenlenen \u00f6zel bir tenis ma\u00e7\u0131na o\u011flu Kuzey ile birlikte kat\u0131ld\u0131 ve muhabirlerle sohbet etti. \u015eark\u0131c\u0131, \u00e7ocuklar\u0131ndan bahsederken, eski e\u015fi \u00c7a\u011fla \u015e\u0131kel&#8217;e y\u00f6nelik s\u00f6ylemi g\u00f6nderme olarak alg\u0131land\u0131.<\/p>\n<p>\u015eark\u0131c\u0131 ve oyuncu Emre Altu\u011f, Tenis Turnuvas\u0131&#8217;nda o\u011flu Kuzey ile birlikte &#8216;Babalar G&uuml;n&uuml;&#8217; i&ccedil;in &ouml;zel bir g&ouml;steri ma&ccedil;\u0131 yapt\u0131. Altu\u011f ve o\u011flu Kuzey, Levent Tenis Kul&uuml;b&uuml;&#8217;nde kendileri gibi bir baba o\u011ful ile g&ouml;steri ma&ccedil;\u0131na &ccedil;\u0131kt\u0131. &Ouml;ncesinde bas\u0131n mensuplar\u0131n\u0131n sorular\u0131n\u0131 yan\u0131tlayan Emre Altu\u011f, o\u011flu Kuzey &uuml;zerinden eski e\u015fi &Ccedil;a\u011fla \u015e\u0131kel&#8217;e g&ouml;nderme yapt\u0131.<\/p>\n<h3><strong>EMRE ALTU\u011e&#8217;DAN &Ccedil;A\u011eLA \u015eIKEL&#8217;E OLAY G&Ouml;NDERME<\/strong><\/h3>\n<p>Kar\u015f\u0131la\u015fma 4-4 berabere sona erdikten sonra Emre Altu\u011f, o\u011flu Kuzey ile birlikte bas\u0131n mensuplar\u0131n\u0131n sorular\u0131n\u0131 yan\u0131tlad\u0131. Yo\u011fun program\u0131 nedeniyle bu y\u0131l turnuvaya kat\u0131lamad\u0131\u011f\u0131n\u0131 belirten &uuml;nl&uuml; isim, \u015fu \u015fekilde konu\u015ftu;<\/p>\n<p>&#8220;Bu sene yo\u011fun oldu\u011fum i&ccedil;in turnuvaya kat\u0131lamad\u0131m ama rica ettim, &#8216;Burada olmak, baba-o\u011ful oynamak istiyorum&#8217; dedim. Sa\u011f olsunlar bug&uuml;ne &ouml;zel g&ouml;steri ma&ccedil;\u0131 koydular ama kar\u015f\u0131m\u0131za hocalar\u0131 koymu\u015flar. Kuzey ile ilk defa &ccedil;iftler oynuyoruz. Biraz parma\u011f\u0131 yaral\u0131, m\u0131r\u0131n k\u0131r\u0131n ederek geldi.&#8221;<\/p>\n<p><img decoding=\"async\" src=\"https:\/\/static.mavikadin.com\/images\/haberler\/23-06\/13\/emre_altug_dan_cagla_sikel_e_gonderme-4.jpg\" alt=\"\" title=\"\"><\/p>\n<p>G&ouml;steri ma&ccedil;\u0131n\u0131n ard\u0131ndan \u015fark\u0131c\u0131, espri yaparak &#8220;Babalar galip geldi&#8221; dedi ve &#8220;H\u0131rsl\u0131 m\u0131s\u0131n\u0131zd\u0131r?&#8221; sorusuna cevap verirken eski e\u015fi &Ccedil;a\u011fla \u015eikel&#8217;e g&ouml;ndermede bulundu. &#8220;Ben rekabet&ccedil;i biri de\u011filim, Kuzey daha h\u0131rsl\u0131, annesi de &ouml;yle. Ona annesinden ge&ccedil;mi\u015f. Ben daha i&ccedil;ten i&ccedil;e olan biriyim, &ccedil;ok h\u0131rslanmam ama yapt\u0131\u011f\u0131m i\u015fin iyi olmas\u0131n\u0131 isterim. Benim i&ccedil;in &#8216;kaybettim ya da kazand\u0131m&#8217; gibi duygular yok. Ne &uuml;z&uuml;l&uuml;r&uuml;m ne de sevinirim. Bug&uuml;n birlikte oynamak g&uuml;zeldi&#8221; \u015feklinde a&ccedil;\u0131klamalarda bulundu.<\/p>\n<p><img decoding=\"async\" src=\"https:\/\/static.mavikadin.com\/images\/haberler\/23-06\/13\/untitled-2r.jpg\" alt=\"\" title=\"\"><\/p>\n","protected":false},"excerpt":{"rendered":"<p>\u00dcnl\u00fc \u015fark\u0131c\u0131 Emre Altu\u011f, 2008 y\u0131l\u0131nda \u00fcnl\u00fc model \u00c7a\u011fla \u015e\u0131kel ile evlenmi\u015f ve iki o\u011flu Kuzey ve Uzay&#8217;a isminde \u00e7ocuklar\u0131 d\u00fcnyaya gelmi\u015fti ancak 2015 y\u0131l\u0131nda \u00e7ift bo\u015fanm\u0131\u015ft\u0131. Ge\u00e7ti\u011fimiz g\u00fcn Emre Altu\u011f, Babalar G\u00fcn\u00fc i\u00e7in d\u00fczenlenen \u00f6zel bir tenis ma\u00e7\u0131na o\u011flu Kuzey ile birlikte kat\u0131ld\u0131 ve muhabirlerle sohbet etti. \u015eark\u0131c\u0131, \u00e7ocuklar\u0131ndan bahsederken, eski e\u015fi \u00c7a\u011fla \u015e\u0131kel&#8217;e [&hellip;]<\/p>\n","protected":false},"author":2,"featured_media":58333,"comment_status":"closed","ping_status":"open","sticky":false,"template":"","format":"standard","meta":{"rank_math_lock_modified_date":false,"footnotes":""},"categories":[76],"tags":[23580,2584,3752,44019],"class_list":["post-58334","post","type-post","status-publish","format-standard","has-post-thumbnail","hentry","category-magazin","tag-babalar-gunu","tag-cagla-sikel","tag-emre-altug","tag-gonderme"],"_links":{"self":[{"href":"https:\/\/www.tgrthaber.com\/mavikadin\/wp-json\/wp\/v2\/posts\/58334"}],"collection":[{"href":"https:\/\/www.tgrthaber.com\/mavikadin\/wp-json\/wp\/v2\/posts"}],"about":[{"href":"https:\/\/www.tgrthaber.com\/mavikadin\/wp-json\/wp\/v2\/types\/post"}],"author":[{"embeddable":true,"href":"https:\/\/www.tgrthaber.com\/mavikadin\/wp-json\/wp\/v2\/users\/2"}],"replies":[{"embeddable":true,"href":"https:\/\/www.tgrthaber.com\/mavikadin\/wp-json\/wp\/v2\/comments?post=58334"}],"version-history":[{"count":1,"href":"https:\/\/www.tgrthaber.com\/mavikadin\/wp-json\/wp\/v2\/posts\/58334\/revisions"}],"predecessor-version":[{"id":58335,"href":"https:\/\/www.tgrthaber.com\/mavikadin\/wp-json\/wp\/v2\/posts\/58334\/revisions\/58335"}],"wp:featuredmedia":[{"embeddable":true,"href":"https:\/\/www.tgrthaber.com\/mavikadin\/wp-json\/wp\/v2\/media\/58333"}],"wp:attachment":[{"href":"https:\/\/www.tgrthaber.com\/mavikadin\/wp-json\/wp\/v2\/media?parent=58334"}],"wp:term":[{"taxonomy":"category","embeddable":true,"href":"https:\/\/www.tgrthaber.com\/mavikadin\/wp-json\/wp\/v2\/categories?post=58334"},{"taxonomy":"post_tag","embeddable":true,"href":"https:\/\/www.tgrthaber.com\/mavikadin\/wp-json\/wp\/v2\/tags?post=58334"}],"curies":[{"name":"wp","href":"https:\/\/api.w.org\/{rel}","templated":true}]}}