{"id":58340,"date":"2023-06-13T13:55:46","date_gmt":"2023-06-13T10:55:46","guid":{"rendered":"https:\/\/new.mavikadin.com\/?p=58340"},"modified":"2024-09-16T18:15:47","modified_gmt":"2024-09-16T15:15:47","slug":"eda-ece-yeni-rolunu-buldu-uyarlama-bir-dizi-ile-dugunden-sonra-ekranlara-geri-donecek","status":"publish","type":"post","link":"https:\/\/www.tgrthaber.com\/mavikadin\/eda-ece-yeni-rolunu-buldu-uyarlama-bir-dizi-ile-dugunden-sonra-ekranlara-geri-donecek\/","title":{"rendered":"Eda Ece, yeni rol\u00fcn\u00fc buldu: Uyarlama bir dizi ile d\u00fc\u011f\u00fcnden sonra ekranlara geri d\u00f6necek"},"content":{"rendered":"<p>Eda Ece, yeni bir karakterle uluslararas\u0131 alanda tan\u0131nmaya haz\u0131rlan\u0131yor. Yasak Elma dizisinde canland\u0131rd\u0131\u011f\u0131 Y\u0131ld\u0131z karakteriyle uzun y\u0131llar boyunca seyircilerin kar\u015f\u0131s\u0131na \u00e7\u0131kan oyuncu, bu sefer d\u00fcnya \u00e7ap\u0131nda \u00fcnl\u00fc bir dizinin uyarlamas\u0131nda rol alacak. Y\u0131ld\u0131z karakteri, haf\u0131zalardan silinecek.<\/p>\n<p>Yasak Elma dizisinin sona ermesine ra\u011fmen, Eda Ece&#8217;nin kariyer yolculu\u011fu devam ediyor. &Uuml;nl&uuml; oyuncu, 6 sezon boyunca Y\u0131ld\u0131z karakteriyle hayranlar\u0131n\u0131n kar\u015f\u0131s\u0131na &ccedil;\u0131kt\u0131ktan sonra bu kez farkl\u0131 bir karakterle ekranlara d&ouml;nmeye haz\u0131rlan\u0131yor. 21 Haziran&#8217;da basketbolcu Bu\u011frahan Tuncer ile evlenecek olan Eda Ece, yeni sezonda ekranlarda olmaya haz\u0131rlan\u0131yor.<\/p>\n<h3><strong>EDA ECE BAMBA\u015eKA KARAKTERLE EKRANA GELECEK<\/strong><\/h3>\n<p>T&uuml;rkiye&#8217;nin yeti\u015ftirdi\u011fi en &ouml;nemli isimlerden biri olan Eda Ece, \u0130stanbul&#8217;da do\u011fdu ve Bah&ccedil;e\u015fehir &Uuml;niversitesi&#8217;nde Psikoloji b&ouml;l&uuml;m&uuml;nden mezun oldu. Televizyon d&uuml;nyas\u0131ndaki ilk deneyimini Bir &Ccedil;ocuk Sevdim dizisinde ya\u015fad\u0131 ve ard\u0131ndan bir&ccedil;ok &ouml;nemli projede yer ald\u0131. Ka&ccedil;ak Gelinler, K\u0131yamet &Ccedil;i&ccedil;e\u011fi gibi projelerde rol alan &uuml;nl&uuml; oyuncu, Yasak Elma dizisinde unutulmaz bir performans sergiledi. Hem do\u011fa&ccedil;lamalar\u0131 hem de oyunculu\u011fuyla televizyon d&uuml;nyas\u0131n\u0131n aranan ismi olan Eda Ece, \u015fimdi farkl\u0131 bir karakterle ekranlara gelmek istiyor.<\/p>\n<p><img decoding=\"async\" src=\"https:\/\/static.mavikadin.com\/images\/haberler\/23-06\/13\/eda_ece_yeni_rolunu_buldu-2.jpg\" alt=\"\" title=\"\"><\/p>\n<p>Yeni sezonda Amerikan dizisi Dynasty&#8217;nin T&uuml;rk televizyonlar\u0131nda uyarlanaca\u011f\u0131 haberleri yap\u0131l\u0131yordu. Merakla beklenen dizinin, aile \u015firketinin varisi olan ve babas\u0131n\u0131n yeni ni\u015fanl\u0131s\u0131n\u0131n \u015firkette kendisine rakip oldu\u011fu Fallon karakterini Eda Ece&#8217;nin rol alaca\u011f\u0131 konu\u015fuluyor.<\/p>\n<p>&Uuml;nl&uuml; oyuncunun yeni sezon projesi i&ccedil;in haz\u0131rl\u0131klar yapt\u0131\u011f\u0131 haberleri de geliyor.<\/p>\n<p><img decoding=\"async\" src=\"https:\/\/static.mavikadin.com\/images\/haberler\/23-06\/13\/eda_ece_dugun_icin_saclarini_degistirdi-5.jpg\" alt=\"\" title=\"\"><\/p>\n","protected":false},"excerpt":{"rendered":"<p>Eda Ece, yeni bir karakterle uluslararas\u0131 alanda tan\u0131nmaya haz\u0131rlan\u0131yor. Yasak Elma dizisinde canland\u0131rd\u0131\u011f\u0131 Y\u0131ld\u0131z karakteriyle uzun y\u0131llar boyunca seyircilerin kar\u015f\u0131s\u0131na \u00e7\u0131kan oyuncu, bu sefer d\u00fcnya \u00e7ap\u0131nda \u00fcnl\u00fc bir dizinin uyarlamas\u0131nda rol alacak. Y\u0131ld\u0131z karakteri, haf\u0131zalardan silinecek. Yasak Elma dizisinin sona ermesine ra\u011fmen, Eda Ece&#8217;nin kariyer yolculu\u011fu devam ediyor. &Uuml;nl&uuml; oyuncu, 6 sezon boyunca Y\u0131ld\u0131z karakteriyle [&hellip;]<\/p>\n","protected":false},"author":2,"featured_media":58339,"comment_status":"closed","ping_status":"open","sticky":false,"template":"","format":"standard","meta":{"rank_math_lock_modified_date":false,"footnotes":""},"categories":[76],"tags":[2628,44021,2858,38423,3185],"class_list":["post-58340","post","type-post","status-publish","format-standard","has-post-thumbnail","hentry","category-magazin","tag-dizi-haberleri","tag-dynasty-uyarlama","tag-eda-ece","tag-turk-oyuncular","tag-yeni-dizi"],"_links":{"self":[{"href":"https:\/\/www.tgrthaber.com\/mavikadin\/wp-json\/wp\/v2\/posts\/58340"}],"collection":[{"href":"https:\/\/www.tgrthaber.com\/mavikadin\/wp-json\/wp\/v2\/posts"}],"about":[{"href":"https:\/\/www.tgrthaber.com\/mavikadin\/wp-json\/wp\/v2\/types\/post"}],"author":[{"embeddable":true,"href":"https:\/\/www.tgrthaber.com\/mavikadin\/wp-json\/wp\/v2\/users\/2"}],"replies":[{"embeddable":true,"href":"https:\/\/www.tgrthaber.com\/mavikadin\/wp-json\/wp\/v2\/comments?post=58340"}],"version-history":[{"count":1,"href":"https:\/\/www.tgrthaber.com\/mavikadin\/wp-json\/wp\/v2\/posts\/58340\/revisions"}],"predecessor-version":[{"id":58341,"href":"https:\/\/www.tgrthaber.com\/mavikadin\/wp-json\/wp\/v2\/posts\/58340\/revisions\/58341"}],"wp:featuredmedia":[{"embeddable":true,"href":"https:\/\/www.tgrthaber.com\/mavikadin\/wp-json\/wp\/v2\/media\/58339"}],"wp:attachment":[{"href":"https:\/\/www.tgrthaber.com\/mavikadin\/wp-json\/wp\/v2\/media?parent=58340"}],"wp:term":[{"taxonomy":"category","embeddable":true,"href":"https:\/\/www.tgrthaber.com\/mavikadin\/wp-json\/wp\/v2\/categories?post=58340"},{"taxonomy":"post_tag","embeddable":true,"href":"https:\/\/www.tgrthaber.com\/mavikadin\/wp-json\/wp\/v2\/tags?post=58340"}],"curies":[{"name":"wp","href":"https:\/\/api.w.org\/{rel}","templated":true}]}}