{"id":58352,"date":"2023-06-13T18:35:24","date_gmt":"2023-06-13T15:35:24","guid":{"rendered":"https:\/\/new.mavikadin.com\/?p=58352"},"modified":"2024-09-16T18:16:14","modified_gmt":"2024-09-16T15:16:14","slug":"kadir-dogulu-kameralara-kustu-neslihan-atagul-iddialar-hakkinda-aciklama-yapti","status":"publish","type":"post","link":"https:\/\/www.tgrthaber.com\/mavikadin\/kadir-dogulu-kameralara-kustu-neslihan-atagul-iddialar-hakkinda-aciklama-yapti\/","title":{"rendered":"Kadir Do\u011fulu kameralara k\u00fcst\u00fc: Neslihan Atag\u00fcl iddialar hakk\u0131nda a\u00e7\u0131klama yapt\u0131"},"content":{"rendered":"<p>Kadir Do\u011fulu ve Neslihan Atag\u00fcl, bir e\u011flence mekan\u0131nda kad\u0131nlarla yak\u0131n temasta oldu\u011fu iddialar\u0131na ili\u015fkin \u00fcnl\u00fc \u00e7iftin aras\u0131nda so\u011fuk r\u00fczgarlar\u0131n esti\u011fi konu\u015fulmu\u015ftu. Son zamanlarda s\u00fcrekli bo\u015fanma haberleriyle g\u00fcndeme gelen \u00e7ift, tatilde g\u00f6r\u00fcnt\u00fclendi. Tatil d\u00f6n\u00fc\u015f\u00fc havaalan\u0131nda objektiflere yans\u0131yan \u00e7iftten Neslihan Atag\u00fcl, ihanet iddialar\u0131na cevap verdi. Kadir Do\u011fulu&#8217;nun ise kameralara k\u00fcst\u00fc\u011f\u00fc g\u00f6r\u00fcld\u00fc.<\/p>\n<p>Kadir Do\u011fulu ve Neslihan Atag&uuml;l, 2016 y\u0131l\u0131nda g&ouml;rkemli bir d&uuml;\u011f&uuml;nle evlenerek nikah masas\u0131na oturmu\u015ftu ancak Kadir Do\u011fulu, bir e\u011flence mekan\u0131nda kad\u0131nlarla yak\u0131n \u015fekilde g&ouml;r&uuml;nt&uuml;lendi ve bu olay b&uuml;y&uuml;k tart\u0131\u015fmalara yol a&ccedil;m\u0131\u015ft\u0131. G&ouml;r&uuml;nt&uuml;lerin ard\u0131ndan &ccedil;iftin bo\u015fanaca\u011f\u0131 iddialar\u0131 ortaya at\u0131lm\u0131\u015ft\u0131 fakat &ccedil;ift, birka&ccedil; hafta sonra birlikte &ccedil;\u0131kt\u0131klar\u0131 tatilde g&ouml;r&uuml;nt&uuml;lendi. Tatil d&ouml;n&uuml;\u015f&uuml; havaalan\u0131nda g&ouml;r&uuml;nt&uuml;lenen ikiliden Neslihan Atag&uuml;l, ihanet iddialar\u0131n\u0131 yan\u0131tlad\u0131.<\/p>\n<h3><strong>KAD\u0130R DO\u011eULU K&Uuml;ST&Uuml; NESL\u0130HAN ATAG&Uuml;L A&Ccedil;IKLADI<\/strong><\/h3>\n<p>Bo\u015fanma haberlerini yalanlayan &ccedil;ift, K\u0131br\u0131s&#8217;a gitmeye karar verdi. K\u0131br\u0131s&#8217;ta yat\u0131r\u0131m yapmak ve ev aramak i&ccedil;in birlikte hareket ettikleri konu\u015fulan &ccedil;ift, arkada\u015flar\u0131n\u0131n foto\u011fraf makinelerine poz verdi. &Ccedil;ift olduk&ccedil;a keyifli g&ouml;r&uuml;n&uuml;yordu ve bunu g&ouml;renler &#8220;bo\u015fanma yok&#8221; yorumlar\u0131n\u0131 yapmaktan geri kalmad\u0131.&nbsp;<\/p>\n<p><img decoding=\"async\" src=\"https:\/\/static.mavikadin.com\/images\/haberler\/23-06\/13\/neslihan_atagul_aldat_ma_iddialarina_bir_kez_daha_cevap_verdi-3.jpg\" alt=\"\" title=\"\"><\/p>\n<p>Tatil d&ouml;n&uuml;\u015f&uuml; havaalan\u0131nda Gazete Magazin objektiflerine yans\u0131yan ikili, gazetecilerin sorular\u0131n\u0131 yan\u0131tlad\u0131. Kadir Do\u011fulu kameralara &#8216;merhaba&#8217; bile demezken Neslihan Atag&uuml;l ihanet iddialar\u0131 hakk\u0131nda konu\u015ftu.<\/p>\n<p>&#8220;Ben zaten sizlerin oldu\u011fu ak\u015fam konu\u015fmu\u015ftum, bununla alakal\u0131 daha hi&ccedil;bir \u015fey s&ouml;ylemem. Biz bu iddialarla ilgili s&ouml;yleyece\u011fimizi s&ouml;yledik, ben daha fazla hi&ccedil;bir \u015fey s&ouml;ylemeyece\u011fim&#8221; diyerek s&ouml;zlerini yineledi.<\/p>\n","protected":false},"excerpt":{"rendered":"<p>Kadir Do\u011fulu ve Neslihan Atag\u00fcl, bir e\u011flence mekan\u0131nda kad\u0131nlarla yak\u0131n temasta oldu\u011fu iddialar\u0131na ili\u015fkin \u00fcnl\u00fc \u00e7iftin aras\u0131nda so\u011fuk r\u00fczgarlar\u0131n esti\u011fi konu\u015fulmu\u015ftu. Son zamanlarda s\u00fcrekli bo\u015fanma haberleriyle g\u00fcndeme gelen \u00e7ift, tatilde g\u00f6r\u00fcnt\u00fclendi. Tatil d\u00f6n\u00fc\u015f\u00fc havaalan\u0131nda objektiflere yans\u0131yan \u00e7iftten Neslihan Atag\u00fcl, ihanet iddialar\u0131na cevap verdi. Kadir Do\u011fulu&#8217;nun ise kameralara k\u00fcst\u00fc\u011f\u00fc g\u00f6r\u00fcld\u00fc. Kadir Do\u011fulu ve Neslihan Atag&uuml;l, 2016 [&hellip;]<\/p>\n","protected":false},"author":2,"featured_media":58351,"comment_status":"closed","ping_status":"open","sticky":false,"template":"","format":"standard","meta":{"rank_math_lock_modified_date":false,"footnotes":""},"categories":[76],"tags":[154,43887,3097,3096],"class_list":["post-58352","post","type-post","status-publish","format-standard","has-post-thumbnail","hentry","category-magazin","tag-bosanma","tag-ihanet","tag-kadir-dogulu","tag-neslihan-atagul"],"_links":{"self":[{"href":"https:\/\/www.tgrthaber.com\/mavikadin\/wp-json\/wp\/v2\/posts\/58352"}],"collection":[{"href":"https:\/\/www.tgrthaber.com\/mavikadin\/wp-json\/wp\/v2\/posts"}],"about":[{"href":"https:\/\/www.tgrthaber.com\/mavikadin\/wp-json\/wp\/v2\/types\/post"}],"author":[{"embeddable":true,"href":"https:\/\/www.tgrthaber.com\/mavikadin\/wp-json\/wp\/v2\/users\/2"}],"replies":[{"embeddable":true,"href":"https:\/\/www.tgrthaber.com\/mavikadin\/wp-json\/wp\/v2\/comments?post=58352"}],"version-history":[{"count":1,"href":"https:\/\/www.tgrthaber.com\/mavikadin\/wp-json\/wp\/v2\/posts\/58352\/revisions"}],"predecessor-version":[{"id":58353,"href":"https:\/\/www.tgrthaber.com\/mavikadin\/wp-json\/wp\/v2\/posts\/58352\/revisions\/58353"}],"wp:featuredmedia":[{"embeddable":true,"href":"https:\/\/www.tgrthaber.com\/mavikadin\/wp-json\/wp\/v2\/media\/58351"}],"wp:attachment":[{"href":"https:\/\/www.tgrthaber.com\/mavikadin\/wp-json\/wp\/v2\/media?parent=58352"}],"wp:term":[{"taxonomy":"category","embeddable":true,"href":"https:\/\/www.tgrthaber.com\/mavikadin\/wp-json\/wp\/v2\/categories?post=58352"},{"taxonomy":"post_tag","embeddable":true,"href":"https:\/\/www.tgrthaber.com\/mavikadin\/wp-json\/wp\/v2\/tags?post=58352"}],"curies":[{"name":"wp","href":"https:\/\/api.w.org\/{rel}","templated":true}]}}