{"id":58355,"date":"2023-06-13T18:50:27","date_gmt":"2023-06-13T15:50:27","guid":{"rendered":"https:\/\/new.mavikadin.com\/?p=58355"},"modified":"2024-09-16T18:16:20","modified_gmt":"2024-09-16T15:16:20","slug":"dogukan-manco-babasi-baris-manconun-arabasini-belcikadan-getirtmek-istiyor","status":"publish","type":"post","link":"https:\/\/www.tgrthaber.com\/mavikadin\/dogukan-manco-babasi-baris-manconun-arabasini-belcikadan-getirtmek-istiyor\/","title":{"rendered":"Do\u011fukan Man\u00e7o babas\u0131 Bar\u0131\u015f Man\u00e7o&#8217;nun arabas\u0131n\u0131 Bel\u00e7ika&#8217;dan getirtmek istiyor"},"content":{"rendered":"<p>Sanat\u00e7\u0131 Bar\u0131\u015f Man\u00e7o&#8217;nun 1999 y\u0131l\u0131nda hayat\u0131n\u0131 kaybetmesinin ard\u0131ndan ak\u0131beti belirsiz olan bir otomobilinin Bel\u00e7ika&#8217;da bulundu\u011fu ortaya \u00e7\u0131kt\u0131. Bar\u0131\u015f Man\u00e7o&#8217;nun o\u011flu Do\u011fukan Man\u00e7o, babas\u0131n\u0131n arabas\u0131n\u0131 T\u00fcrkiye&#8217;ye getirmek i\u00e7in harekete ge\u00e7ti.<\/p>\n<p>Unutulmaz sanat&ccedil;\u0131 Bar\u0131\u015f Man&ccedil;o, hayat\u0131n\u0131 1 \u015eubat 1999 tarihinde kaybettikten k\u0131sa bir s&uuml;re &ouml;nce Bel&ccedil;ika&#8217;da bir otomobil sat\u0131n alm\u0131\u015ft\u0131. Bar\u0131\u015f Man&ccedil;o&#8217;nun o\u011flu Do\u011fukan Man&ccedil;o&#8217;ya, babas\u0131n\u0131n bu arabas\u0131n\u0131n ne oldu\u011fu ve nerede oldu\u011fuyla ilgili a&ccedil;\u0131klama yapt\u0131.<\/p>\n<h3><strong>BARI\u015e MAN&Ccedil;O&#8217;NUN ARABASI BEL&Ccedil;\u0130KA&#8217;DA KALDI<\/strong><\/h3>\n<p>Ara&ccedil;lara olan tutkusuyla bilinen Do\u011fukan Man&ccedil;o, ge&ccedil;ti\u011fimiz g&uuml;n bir al\u0131\u015fveri\u015f merkezinde konser verdi. Konser &ouml;ncesinde bas\u0131n mensuplar\u0131n\u0131n sorular\u0131n\u0131 cevaplayan Man&ccedil;o, evinin alt\u0131nda bulunan at&ouml;lyede ara&ccedil;lar\u0131n restorasyonunu yapt\u0131\u011f\u0131n\u0131 ifade etti ve \u015funlar\u0131 ekledi; &#8220;Evin alt\u0131n\u0131 y\u0131kt\u0131m ve at&ouml;lyeye &ccedil;evirdim. Burada birtak\u0131m &uuml;retimler yap\u0131yorum. Olmayan bir par&ccedil;ay\u0131 da ayn\u0131 zamanda imal etmeye &ccedil;al\u0131\u015f\u0131yorum.&#8221;<\/p>\n<p><img decoding=\"async\" src=\"https:\/\/static.mavikadin.com\/images\/haberler\/23-06\/13\/lal_manco_yu_gorenler_inanamadi_kiim_der_72-4.jpg\" alt=\"\" title=\"\"><\/p>\n<p>Do\u011fukan Man&ccedil;o, babas\u0131 Bar\u0131\u015f Man&ccedil;o&#8217;nun &ouml;l&uuml;m&uuml;nden &ouml;nce Bel&ccedil;ika&#8217;da sat\u0131n ald\u0131\u011f\u0131 arac\u0131 T&uuml;rkiye&#8217;ye getirerek sergilemek istediklerini dile getirdi.<\/p>\n<p><img decoding=\"async\" src=\"https:\/\/static.mavikadin.com\/images\/haberler\/23-06\/13\/dogukan_manco_baris_manco_nun_arabasini_belcika_dan_getirtmek_istiyor-2.jpg\" alt=\"\" title=\"\"><\/p>\n<p>&#8220;Babam\u0131n T&uuml;rkiye&rsquo;deki bir&ccedil;ok arac\u0131 zaman\u0131nda haczedildi. Fakat o ara&ccedil; Bel&ccedil;ika&rsquo;da. O ara&ccedil; da 20 sene kullan\u0131lmad\u0131. O arac\u0131 buraya getirmek istiyorum. Bakanl\u0131\u011fa ba\u015fvuru da yapt\u0131m. S\u0131cak bak\u0131ld\u0131 ama \u015fu an yaln\u0131z kald\u0131m&#8221;<\/p>\n","protected":false},"excerpt":{"rendered":"<p>Sanat\u00e7\u0131 Bar\u0131\u015f Man\u00e7o&#8217;nun 1999 y\u0131l\u0131nda hayat\u0131n\u0131 kaybetmesinin ard\u0131ndan ak\u0131beti belirsiz olan bir otomobilinin Bel\u00e7ika&#8217;da bulundu\u011fu ortaya \u00e7\u0131kt\u0131. Bar\u0131\u015f Man\u00e7o&#8217;nun o\u011flu Do\u011fukan Man\u00e7o, babas\u0131n\u0131n arabas\u0131n\u0131 T\u00fcrkiye&#8217;ye getirmek i\u00e7in harekete ge\u00e7ti. Unutulmaz sanat&ccedil;\u0131 Bar\u0131\u015f Man&ccedil;o, hayat\u0131n\u0131 1 \u015eubat 1999 tarihinde kaybettikten k\u0131sa bir s&uuml;re &ouml;nce Bel&ccedil;ika&#8217;da bir otomobil sat\u0131n alm\u0131\u015ft\u0131. Bar\u0131\u015f Man&ccedil;o&#8217;nun o\u011flu Do\u011fukan Man&ccedil;o&#8217;ya, babas\u0131n\u0131n bu [&hellip;]<\/p>\n","protected":false},"author":2,"featured_media":58354,"comment_status":"closed","ping_status":"open","sticky":false,"template":"","format":"standard","meta":{"rank_math_lock_modified_date":false,"footnotes":""},"categories":[76],"tags":[3975,2630,9994,2631,13285],"class_list":["post-58355","post","type-post","status-publish","format-standard","has-post-thumbnail","hentry","category-magazin","tag-araba","tag-baris-manco","tag-belcika","tag-dogukan-manco","tag-nostalji"],"_links":{"self":[{"href":"https:\/\/www.tgrthaber.com\/mavikadin\/wp-json\/wp\/v2\/posts\/58355"}],"collection":[{"href":"https:\/\/www.tgrthaber.com\/mavikadin\/wp-json\/wp\/v2\/posts"}],"about":[{"href":"https:\/\/www.tgrthaber.com\/mavikadin\/wp-json\/wp\/v2\/types\/post"}],"author":[{"embeddable":true,"href":"https:\/\/www.tgrthaber.com\/mavikadin\/wp-json\/wp\/v2\/users\/2"}],"replies":[{"embeddable":true,"href":"https:\/\/www.tgrthaber.com\/mavikadin\/wp-json\/wp\/v2\/comments?post=58355"}],"version-history":[{"count":1,"href":"https:\/\/www.tgrthaber.com\/mavikadin\/wp-json\/wp\/v2\/posts\/58355\/revisions"}],"predecessor-version":[{"id":58356,"href":"https:\/\/www.tgrthaber.com\/mavikadin\/wp-json\/wp\/v2\/posts\/58355\/revisions\/58356"}],"wp:featuredmedia":[{"embeddable":true,"href":"https:\/\/www.tgrthaber.com\/mavikadin\/wp-json\/wp\/v2\/media\/58354"}],"wp:attachment":[{"href":"https:\/\/www.tgrthaber.com\/mavikadin\/wp-json\/wp\/v2\/media?parent=58355"}],"wp:term":[{"taxonomy":"category","embeddable":true,"href":"https:\/\/www.tgrthaber.com\/mavikadin\/wp-json\/wp\/v2\/categories?post=58355"},{"taxonomy":"post_tag","embeddable":true,"href":"https:\/\/www.tgrthaber.com\/mavikadin\/wp-json\/wp\/v2\/tags?post=58355"}],"curies":[{"name":"wp","href":"https:\/\/api.w.org\/{rel}","templated":true}]}}