{"id":58508,"date":"2023-06-19T11:04:46","date_gmt":"2023-06-19T08:04:46","guid":{"rendered":"https:\/\/new.mavikadin.com\/?p=58508"},"modified":"2024-09-16T18:22:25","modified_gmt":"2024-09-16T15:22:25","slug":"yillarca-dogru-olduguna-inanilan-tarihte-hic-gerceklesmemis-6-efsanevi-olay","status":"publish","type":"post","link":"https:\/\/www.tgrthaber.com\/mavikadin\/yillarca-dogru-olduguna-inanilan-tarihte-hic-gerceklesmemis-6-efsanevi-olay\/","title":{"rendered":"Y\u0131llarca do\u011fru oldu\u011funa inan\u0131lan tarihte hi\u00e7 ger\u00e7ekle\u015fmemi\u015f 6 efsanevi olay!"},"content":{"rendered":"<p>G\u00fcn\u00fcm\u00fczde ger\u00e7ek oldu\u011fu d\u00fc\u015f\u00fcn\u00fclse de tarihte hi\u00e7 ger\u00e7ekle\u015fmeyen efsane olaylar\u0131 bir araya getirdik. Tarihte ya\u015fand\u0131\u011f\u0131n\u0131 sand\u0131\u011f\u0131m\u0131z 6 tarihi olay sizinle! Keyifli okumalar\u2026<\/p>\n<p>\u0130nsan kula\u011f\u0131ndan zehirlenir, her duydu\u011funa inanma diye bir s&ouml;z vard\u0131r eskilerin. Hayatta olan biten olaylar\u0131n hepsini bilmesek bile, tarih o anda neler oldu\u011funu merak etmemizi sa\u011flayan &ccedil;\u0131lg\u0131n hikayelerle dolu. Tarihte ya\u015fand\u0131\u011f\u0131n\u0131 sand\u0131\u011f\u0131m\u0131z baz\u0131 efsaneler var ki onlar\u0131n ger&ccedil;ek olmad\u0131\u011f\u0131na inanmak epey zor. <strong>Gelin inan\u0131lmaz hayal g&uuml;c&uuml;yle anlat\u0131\u015fm\u0131\u015f, inand\u0131r\u0131m\u0131\u015f ilgin&ccedil; efsanelere g&ouml;z atal\u0131m.<\/strong><\/p>\n<h3><strong>TAR\u0130HTE H\u0130&Ccedil; GER&Ccedil;EKLE\u015eMEM\u0130 EFSANE OLAYLAR<\/strong><\/h3>\n<p><strong>Isaac Newton&rsquo;un kafas\u0131na elma d&uuml;\u015fmedi!<\/strong><\/p>\n<p>Efsaneye g&ouml;re Newton elma a\u011fac\u0131n\u0131n alt\u0131nda otururken elman\u0131n kafas\u0131na d&uuml;\u015fmesiyle birlikte yer &ccedil;ekimi teorisini ke\u015ffeder. <strong>Tabi ki Newton yer &ccedil;ekimini bulmak i&ccedil;in a\u011fa&ccedil;tan d&uuml;\u015fen elmalar\u0131 izledi ancak efsanede s&ouml;ylendi\u011fi gibi de\u011fil. <\/strong>Form&uuml;l geli\u015ftirmek i&ccedil;in annesinin bah&ccedil;esinde a\u011fa&ccedil;lardan d&uuml;\u015fen elmalar\u0131 izledi ve matematik &uuml;zerine uzun y\u0131llar &ccedil;al\u0131\u015ft\u0131.<\/p>\n<p><strong>Walt Disney&rsquo;in v&uuml;cudu dondurulmad\u0131!<\/strong><\/p>\n<p>D&uuml;nyan\u0131n en &uuml;nl&uuml; animat&ouml;r&uuml; Walt Disney &ouml;ld&uuml;kten sonra, v&uuml;cudu insanlara &ouml;lm&uuml;\u015f birisini yeniden hayata d&ouml;nd&uuml;recek olan teknolojiyi geli\u015ftirmeleri i&ccedil;in zaman vermek amac\u0131yla so\u011futularak donduruldu\u011fu s&ouml;ylenir. Ancak Disney&rsquo;in k\u0131z\u0131 Diane&rsquo;in s&ouml;yledi\u011fine g&ouml;re bu efsane do\u011fru de\u011fil.<\/p>\n<p>Walt Disney ilerleyen teknolojiyle hayata d&ouml;nd&uuml;r&uuml;lmek &uuml;zere dondurulmad\u0131. <strong>K\u0131z\u0131 Diane&rsquo;nin s&ouml;ylemine g&ouml;re Walt Disney &ouml;l&uuml;m&uuml;nden sonra yak\u0131ld\u0131.<\/strong><\/p>\n<p><strong><img decoding=\"async\" src=\"https:\/\/static.mavikadin.com\/images\/haberler\/23-06\/19\/5.jpg\" alt=\"\" title=\"\"><\/strong><\/p>\n<p><strong>Einstein matematikte ba\u015far\u0131s\u0131z de\u011fildi!<\/strong><\/p>\n<p>Albert Einstein, okulda matematik dersinde ba\u015far\u0131s\u0131z de\u011fildi&hellip; Asl\u0131nda Einstein matematikte harikayd\u0131. Bu s&ouml;ylenti \u0130svi&ccedil;re&#8217;de okurken ald\u0131\u011f\u0131 notlardan geliyor. Burada matematik dersinden &ldquo;1&rdquo; notunu ald\u0131 ve 1&#8217;den 6&#8217;ya kadar olan &ouml;l&ccedil;ekte &ldquo;1&rdquo; asl\u0131nda en iyi nottu. Ancak k\u0131sa bir zaman sonra sistem de\u011fi\u015fti ve &ldquo;6&rdquo; en iyi not oldu.<\/p>\n<p><strong>Roma yanarken Nero keman &ccedil;alm\u0131yordu!<\/strong><\/p>\n<p>Efsaneye g&ouml;re Roma \u0130mparatoru Nero, Roma&#8217;y\u0131 ate\u015fe verdi ve Roma yanarken keman &ccedil;al\u0131yordu. Ancak bilim adamlar\u0131 ger&ccedil;ekte ne oldu\u011fu konusunda hala hemfikir olmasalar da &ccedil;o\u011fu tarih&ccedil;i Nero&#8217;nun B&uuml;y&uuml;k Yang\u0131n&#8217;la ilgisi olmad\u0131\u011f\u0131n\u0131 d&uuml;\u015f&uuml;n&uuml;yor. Yang\u0131n ba\u015flad\u0131\u011f\u0131nda Nero&rsquo;nun uzakta oldu\u011fu ve haberi duyunca, itfaiyecilere yar\u0131m etti\u011fi, bah&ccedil;esini ise evleri y\u0131k\u0131lan insanlara bar\u0131nak sa\u011flamak i&ccedil;in a&ccedil;t\u0131\u011f\u0131 s&ouml;ylentiler aras\u0131nda. Yine de baz\u0131lar\u0131, Nero&#8217;nun \u015fehri yakt\u0131\u011f\u0131na inan\u0131yor. <strong>Muhtemelen ger&ccedil;ekte ne oldu\u011funu asla &ouml;\u011frenemeyece\u011fiz, ancak kesin olarak bildi\u011fimiz tek \u015fey Nero kesinlikle olay olurken keman &ccedil;almad\u0131, &ccedil;&uuml;nk&uuml; keman hen&uuml;z &uuml;retilmemi\u015ft<\/strong>i&hellip;<\/p>\n<p><strong>\u0130nan\u0131lan\u0131n aksine 1929&#8217;da borsan\u0131n &ccedil;&ouml;kmesiyle insanlar camdan a\u015fa\u011f\u0131 atlamad\u0131lar!<\/strong><\/p>\n<p><em>&lsquo;1929&#8217;daki borsa &ccedil;&ouml;k&uuml;\u015f&uuml;, Wall Street yat\u0131r\u0131mc\u0131lar\u0131 aras\u0131nda a\u015f\u0131r\u0131 miktarda para kayb\u0131na neden olur ve bu durum yat\u0131r\u0131mc\u0131lar\u0131n pencerelerden atlamas\u0131yla b&uuml;y&uuml;k intihar dalgas\u0131na neden olur.&rsquo;<\/em> Bu efsaneyi hepimiz duymu\u015fuzdur. Ancak ger&ccedil;ekten b&ouml;yle bir \u015fey ya\u015fanmad\u0131.<\/p>\n<p>29 Ekim 1929 tarihinde bir g&uuml;nde yakla\u015f\u0131k 16 milyon hisse i\u015flem g&ouml;r&uuml;r ve o g&uuml;n &#8220;Kara Sal\u0131&#8221; olarak bilinir. G&uuml;n sonunda 30 milyar dolar kaybedildi\u011fi i&ccedil;in bir sonraki B&uuml;y&uuml;k Buhran&#8217;\u0131n sebeplerinden biri haline gelir. Ancak, intiharlara neden olan \u015fey bu de\u011fil. 1929&#8217;un Ekim ve Kas\u0131m aylar\u0131 borsan\u0131n en d&uuml;\u015f&uuml;k zaman\u0131yd\u0131. Bu s&ouml;ylentinin ard\u0131nda yatan ki\u015fi, Alman kimyager Dr. Otto Matthies&#8217;in bir otelin on alt\u0131nc\u0131 kat\u0131ndan d&uuml;\u015ft&uuml;\u011f&uuml;n&uuml; g&ouml;ren Winston Churchill&#8217;di. Asl\u0131nda nu olay borsan\u0131n &ccedil;&ouml;k&uuml;\u015f&uuml;nden &ouml;nce ger&ccedil;ekle\u015fmi\u015f, bu olayla ilgisi yoktur.<\/p>\n<p><strong>Truva at\u0131 hi&ccedil; var olmad\u0131!<\/strong><\/p>\n<p>Arkeolojik kal\u0131nt\u0131lar Truva&rsquo;n\u0131n yak\u0131ld\u0131\u011f\u0131n\u0131 ve Truva ad\u0131 verilen tahta at\u0131n asl\u0131nda bir masaldan ibaret oldu\u011funu g&ouml;steriyor.<\/p><\/p>\n","protected":false},"excerpt":{"rendered":"<p>G\u00fcn\u00fcm\u00fczde ger\u00e7ek oldu\u011fu d\u00fc\u015f\u00fcn\u00fclse de tarihte hi\u00e7 ger\u00e7ekle\u015fmeyen efsane olaylar\u0131 bir araya getirdik. Tarihte ya\u015fand\u0131\u011f\u0131n\u0131 sand\u0131\u011f\u0131m\u0131z 6 tarihi olay sizinle! Keyifli okumalar\u2026 \u0130nsan kula\u011f\u0131ndan zehirlenir, her duydu\u011funa inanma diye bir s&ouml;z vard\u0131r eskilerin. Hayatta olan biten olaylar\u0131n hepsini bilmesek bile, tarih o anda neler oldu\u011funu merak etmemizi sa\u011flayan &ccedil;\u0131lg\u0131n hikayelerle dolu. Tarihte ya\u015fand\u0131\u011f\u0131n\u0131 sand\u0131\u011f\u0131m\u0131z baz\u0131 [&hellip;]<\/p>\n","protected":false},"author":6,"featured_media":58507,"comment_status":"closed","ping_status":"open","sticky":false,"template":"","format":"standard","meta":{"rank_math_lock_modified_date":false,"footnotes":""},"categories":[101],"tags":[44095,43799,44092,44094,44093],"class_list":["post-58508","post","type-post","status-publish","format-standard","has-post-thumbnail","hentry","category-kesfet","tag-efsane-gercekler","tag-ilginc-bilgiler","tag-tarihi-efsaneler","tag-tarihi-olaylar","tag-yanlis-bilgiler"],"_links":{"self":[{"href":"https:\/\/www.tgrthaber.com\/mavikadin\/wp-json\/wp\/v2\/posts\/58508"}],"collection":[{"href":"https:\/\/www.tgrthaber.com\/mavikadin\/wp-json\/wp\/v2\/posts"}],"about":[{"href":"https:\/\/www.tgrthaber.com\/mavikadin\/wp-json\/wp\/v2\/types\/post"}],"author":[{"embeddable":true,"href":"https:\/\/www.tgrthaber.com\/mavikadin\/wp-json\/wp\/v2\/users\/6"}],"replies":[{"embeddable":true,"href":"https:\/\/www.tgrthaber.com\/mavikadin\/wp-json\/wp\/v2\/comments?post=58508"}],"version-history":[{"count":1,"href":"https:\/\/www.tgrthaber.com\/mavikadin\/wp-json\/wp\/v2\/posts\/58508\/revisions"}],"predecessor-version":[{"id":58509,"href":"https:\/\/www.tgrthaber.com\/mavikadin\/wp-json\/wp\/v2\/posts\/58508\/revisions\/58509"}],"wp:featuredmedia":[{"embeddable":true,"href":"https:\/\/www.tgrthaber.com\/mavikadin\/wp-json\/wp\/v2\/media\/58507"}],"wp:attachment":[{"href":"https:\/\/www.tgrthaber.com\/mavikadin\/wp-json\/wp\/v2\/media?parent=58508"}],"wp:term":[{"taxonomy":"category","embeddable":true,"href":"https:\/\/www.tgrthaber.com\/mavikadin\/wp-json\/wp\/v2\/categories?post=58508"},{"taxonomy":"post_tag","embeddable":true,"href":"https:\/\/www.tgrthaber.com\/mavikadin\/wp-json\/wp\/v2\/tags?post=58508"}],"curies":[{"name":"wp","href":"https:\/\/api.w.org\/{rel}","templated":true}]}}