{"id":58574,"date":"2023-06-20T21:09:44","date_gmt":"2023-06-20T18:09:44","guid":{"rendered":"https:\/\/new.mavikadin.com\/?p=58574"},"modified":"2024-09-16T18:25:01","modified_gmt":"2024-09-16T15:25:01","slug":"fenomen-nez-demire-pompali-tufekle-saldirdilar-yeni-araci-paramparca-oldu","status":"publish","type":"post","link":"https:\/\/www.tgrthaber.com\/mavikadin\/fenomen-nez-demire-pompali-tufekle-saldirdilar-yeni-araci-paramparca-oldu\/","title":{"rendered":"Fenomen Nez Demir&#8217;e pompal\u0131 t\u00fcfekle sald\u0131rd\u0131lar: Yeni arac\u0131 parampar\u00e7a oldu"},"content":{"rendered":"<p>Sosyal medyada videolar\u0131yla \u00fcnlenen ve i\u015f d\u00fcnyas\u0131nda faaliyet g\u00f6steren Nez Demir, arac\u0131na y\u00f6nelik pompal\u0131 t\u00fcfek sald\u0131r\u0131s\u0131 ya\u015fad\u0131\u011f\u0131n\u0131 duyurdu. Ya\u015fad\u0131\u011f\u0131 korku dolu anlar\u0131 g\u00f6zya\u015flar\u0131 i\u00e7inde anlatan Nez Demir&#8217;in olay\u0131n \u015fokundan \u00e7\u0131kamad\u0131\u011f\u0131 g\u00f6r\u00fcld\u00fc.<\/p>\n<p>\u0130lk olarak sosyal medya fenomeni olarak tan\u0131nan ard\u0131ndan g&uuml;zellik salonu sekt&ouml;r&uuml;ne ad\u0131m atarak i\u015f kad\u0131nl\u0131\u011f\u0131na soyunan Nez Demir, silahl\u0131 sald\u0131r\u0131ya u\u011frad\u0131. Sadece birka&ccedil; g&uuml;n &ouml;nce sat\u0131n ald\u0131\u011f\u0131 yeni arac\u0131 delik de\u015fik olan Nez Demir, arabas\u0131n\u0131n son halini de payla\u015ft\u0131. &Uuml;nl&uuml; isim g&ouml;zya\u015flar\u0131 i&ccedil;inde ya\u015fananlar\u0131 anlatt\u0131.<\/p>\n<h3><strong>NEZ DEM\u0130R POMPALI T&Uuml;FEKLE SALDIRIYA U\u011eRADI<\/strong><\/h3>\n<p>Nez Demir, sosyal medyada yay\u0131nlad\u0131\u011f\u0131 videolarla b&uuml;y&uuml;k bir &uuml;n kazand\u0131ktan sonra kendi markas\u0131n\u0131 kurarak i\u015f d&uuml;nyas\u0131na ad\u0131m atm\u0131\u015ft\u0131. Bug&uuml;n yapt\u0131\u011f\u0131 payla\u015f\u0131mda Nez Demir, evinin &ouml;n&uuml;nde bulunan arac\u0131n\u0131n pompal\u0131 t&uuml;fekle ate\u015f edildi\u011fini ve neyse ki o s\u0131rada ara&ccedil;ta olmad\u0131\u011f\u0131n\u0131 a&ccedil;\u0131klad\u0131. G&ouml;zya\u015flar\u0131 i&ccedil;inde kalan &uuml;nl&uuml; isim a&ccedil;\u0131klamas\u0131nda olduk&ccedil;a sinirliydi ve bu s&ouml;zlerle hislerini ifade etti;<\/p>\n<p><img decoding=\"async\" src=\"https:\/\/static.mavikadin.com\/images\/haberler\/23-06\/20\/fenomen_nez_demir_pompali_tufekle_saldiriya_ugradi-3.jpg\" alt=\"\" title=\"\"><\/p>\n<p>&#8220;Ya\u015fad\u0131\u011f\u0131m olaydan nefesim kesildi. Bu nas\u0131l kin, nefret? \u0130nsan\u0131n mal\u0131na, can\u0131na zarar vermeyi d&uuml;\u015f&uuml;necek kadar ne ya\u015fad\u0131n\u0131z? Kimseye k&ouml;t&uuml;l&uuml;\u011f&uuml;m olmad\u0131. Kas\u0131tl\u0131 zarar\u0131m olmad\u0131. Bildi\u011fim bir d&uuml;\u015fman\u0131m bile yok. \u015eu an t&uuml;m ekipler olay yeri incelemede. &Ccedil;ok fazla konu\u015fam\u0131yorum. Beklemede kalmam\u0131z s&ouml;ylendi. Her kim bana bu sald\u0131r\u0131y\u0131 yapt\u0131ysa Allah hesab\u0131n\u0131 sorsun.&#8221;<\/p>\n<p><img decoding=\"async\" src=\"https:\/\/static.mavikadin.com\/images\/haberler\/23-06\/20\/fenomen_nez_demir_pompali_tufekle_saldiriya_ugradi-2.jpg\" alt=\"\" title=\"\"><\/p>\n","protected":false},"excerpt":{"rendered":"<p>Sosyal medyada videolar\u0131yla \u00fcnlenen ve i\u015f d\u00fcnyas\u0131nda faaliyet g\u00f6steren Nez Demir, arac\u0131na y\u00f6nelik pompal\u0131 t\u00fcfek sald\u0131r\u0131s\u0131 ya\u015fad\u0131\u011f\u0131n\u0131 duyurdu. Ya\u015fad\u0131\u011f\u0131 korku dolu anlar\u0131 g\u00f6zya\u015flar\u0131 i\u00e7inde anlatan Nez Demir&#8217;in olay\u0131n \u015fokundan \u00e7\u0131kamad\u0131\u011f\u0131 g\u00f6r\u00fcld\u00fc. \u0130lk olarak sosyal medya fenomeni olarak tan\u0131nan ard\u0131ndan g&uuml;zellik salonu sekt&ouml;r&uuml;ne ad\u0131m atarak i\u015f kad\u0131nl\u0131\u011f\u0131na soyunan Nez Demir, silahl\u0131 sald\u0131r\u0131ya u\u011frad\u0131. Sadece birka&ccedil; g&uuml;n [&hellip;]<\/p>\n","protected":false},"author":2,"featured_media":58573,"comment_status":"closed","ping_status":"open","sticky":false,"template":"","format":"standard","meta":{"rank_math_lock_modified_date":false,"footnotes":""},"categories":[76],"tags":[44138,44136,44137,3169,38564],"class_list":["post-58574","post","type-post","status-publish","format-standard","has-post-thumbnail","hentry","category-magazin","tag-arac-saldirisi","tag-nez-demir","tag-pompali-saldiri","tag-sosyal-medya","tag-unlu"],"_links":{"self":[{"href":"https:\/\/www.tgrthaber.com\/mavikadin\/wp-json\/wp\/v2\/posts\/58574"}],"collection":[{"href":"https:\/\/www.tgrthaber.com\/mavikadin\/wp-json\/wp\/v2\/posts"}],"about":[{"href":"https:\/\/www.tgrthaber.com\/mavikadin\/wp-json\/wp\/v2\/types\/post"}],"author":[{"embeddable":true,"href":"https:\/\/www.tgrthaber.com\/mavikadin\/wp-json\/wp\/v2\/users\/2"}],"replies":[{"embeddable":true,"href":"https:\/\/www.tgrthaber.com\/mavikadin\/wp-json\/wp\/v2\/comments?post=58574"}],"version-history":[{"count":1,"href":"https:\/\/www.tgrthaber.com\/mavikadin\/wp-json\/wp\/v2\/posts\/58574\/revisions"}],"predecessor-version":[{"id":58575,"href":"https:\/\/www.tgrthaber.com\/mavikadin\/wp-json\/wp\/v2\/posts\/58574\/revisions\/58575"}],"wp:featuredmedia":[{"embeddable":true,"href":"https:\/\/www.tgrthaber.com\/mavikadin\/wp-json\/wp\/v2\/media\/58573"}],"wp:attachment":[{"href":"https:\/\/www.tgrthaber.com\/mavikadin\/wp-json\/wp\/v2\/media?parent=58574"}],"wp:term":[{"taxonomy":"category","embeddable":true,"href":"https:\/\/www.tgrthaber.com\/mavikadin\/wp-json\/wp\/v2\/categories?post=58574"},{"taxonomy":"post_tag","embeddable":true,"href":"https:\/\/www.tgrthaber.com\/mavikadin\/wp-json\/wp\/v2\/tags?post=58574"}],"curies":[{"name":"wp","href":"https:\/\/api.w.org\/{rel}","templated":true}]}}