{"id":58580,"date":"2023-06-21T10:30:49","date_gmt":"2023-06-21T07:30:49","guid":{"rendered":"https:\/\/new.mavikadin.com\/?p=58580"},"modified":"2024-09-16T18:25:16","modified_gmt":"2024-09-16T15:25:16","slug":"acun-ilicalidan-kizi-leylaya-milyonluk-hediye-kizinin-sozleriyle-mest-oldu","status":"publish","type":"post","link":"https:\/\/www.tgrthaber.com\/mavikadin\/acun-ilicalidan-kizi-leylaya-milyonluk-hediye-kizinin-sozleriyle-mest-oldu\/","title":{"rendered":"Acun Il\u0131cal\u0131&#8217;dan k\u0131z\u0131 Leyla&#8217;ya milyonluk hediye! K\u0131z\u0131n\u0131n s\u00f6zleriyle mest oldu"},"content":{"rendered":"<p>Acun Il\u0131cal\u0131, ge\u00e7en y\u0131l mezun olan 19 ya\u015f\u0131ndaki k\u0131z\u0131 Leyla Il\u0131cal\u0131&#8217;ya son model bir araba hediye ederek sevindirdi. Il\u0131cal\u0131, k\u0131z\u0131yla birlikte trafi\u011fe \u00e7\u0131karak \u00e7ekti\u011fi videoyu payla\u015ft\u0131 ve Leyla&#8217;ya sordu\u011fu soruya ald\u0131\u011f\u0131 cevapla adeta mest oldu.<\/p>\n<p>&Uuml;nl&uuml; yap\u0131mc\u0131 ve sunucu Acun Il\u0131cal\u0131, k\u0131zlar\u0131na olan ba\u011fl\u0131l\u0131\u011f\u0131yla biliniyor. &Uuml;nl&uuml; televizyon adam\u0131, Zeynep Y\u0131lmaz ile olan evlili\u011finden do\u011fan b&uuml;y&uuml;k k\u0131z\u0131 Leyla Il\u0131cal\u0131&#8217;ya l&uuml;ks bir araba hediye etti. K\u0131z\u0131 Leyla&#8217;n\u0131n arabas\u0131n\u0131 ilk kulland\u0131\u011f\u0131 anlar\u0131 kaydeden ve sosyal medya hesab\u0131ndan payla\u015fan Acun Il\u0131cal\u0131, k\u0131z\u0131na sordu\u011fu soru kar\u015f\u0131s\u0131nda ald\u0131\u011f\u0131 cevapla duyguland\u0131.<\/p>\n<h3><strong>ACUN ILICALI KIZINA SON MODEL ARABA ALDI<\/strong><\/h3>\n<p>Acun Il\u0131cal\u0131, toplamda 4 k\u0131z\u0131 olan bir baba olarak, Banu Ba\u015fbu\u011f ile evlili\u011finden 1, Zeynep Y\u0131lmaz ile evlili\u011finden 2 ve \u015eeyma Suba\u015f\u0131 ile evlili\u011finden 1 k\u0131z\u0131 bulunuyor. &Uuml;nl&uuml; isim ge&ccedil;en y\u0131l mezun olan 19 ya\u015f\u0131ndaki Leyla Il\u0131cal\u0131&#8217;ya ise son model bir araba sat\u0131n ald\u0131. Arabas\u0131na binen Leyla Il\u0131cal\u0131, babas\u0131n\u0131 da yan\u0131na alarak \u0130stanbul turu att\u0131. O anlar\u0131 telefon kameras\u0131yla kaydeden Acun Il\u0131cal\u0131 bir kez daha ad\u0131ndan s&ouml;z ettirdi.<\/p>\n<p><img decoding=\"async\" src=\"https:\/\/static.mavikadin.com\/images\/haberler\/23-06\/21\/untitled-2.jpg\" alt=\"\" title=\"\"><\/p>\n<p>&Uuml;nl&uuml; televizyoncu, k\u0131z\u0131yla \u0130stanbul sokaklar\u0131n\u0131 turlarken, o anlar\u0131 13,6 milyon takip&ccedil;ili sosyal medya hesab\u0131nda yay\u0131nlad\u0131. Video &ccedil;ekti\u011fi s\u0131rada k\u0131z\u0131na; &#8220;Hay\u0131rl\u0131 olsun, heyecan var m\u0131? \u0130stanbul trafi\u011fi seni &uuml;rk&uuml;t&uuml;yor mu?&#8221; diye sordu. O s\u0131rada yeni arabas\u0131n\u0131 kullanan Leyla Il\u0131cal\u0131&#8217;n\u0131n &#8220;Te\u015fekk&uuml;r ederim. Sen yan\u0131mda olunca de\u011fil&#8221; cevab\u0131 Acun Il\u0131cal\u0131&#8217;y\u0131 mest etti.<\/p>\n","protected":false},"excerpt":{"rendered":"<p>Acun Il\u0131cal\u0131, ge\u00e7en y\u0131l mezun olan 19 ya\u015f\u0131ndaki k\u0131z\u0131 Leyla Il\u0131cal\u0131&#8217;ya son model bir araba hediye ederek sevindirdi. Il\u0131cal\u0131, k\u0131z\u0131yla birlikte trafi\u011fe \u00e7\u0131karak \u00e7ekti\u011fi videoyu payla\u015ft\u0131 ve Leyla&#8217;ya sordu\u011fu soruya ald\u0131\u011f\u0131 cevapla adeta mest oldu. &Uuml;nl&uuml; yap\u0131mc\u0131 ve sunucu Acun Il\u0131cal\u0131, k\u0131zlar\u0131na olan ba\u011fl\u0131l\u0131\u011f\u0131yla biliniyor. &Uuml;nl&uuml; televizyon adam\u0131, Zeynep Y\u0131lmaz ile olan evlili\u011finden do\u011fan b&uuml;y&uuml;k [&hellip;]<\/p>\n","protected":false},"author":2,"featured_media":58579,"comment_status":"closed","ping_status":"open","sticky":false,"template":"","format":"standard","meta":{"rank_math_lock_modified_date":false,"footnotes":""},"categories":[76],"tags":[38195,44140,25076,44141],"class_list":["post-58580","post","type-post","status-publish","format-standard","has-post-thumbnail","hentry","category-magazin","tag-acun-ilicali","tag-araba-hediye","tag-leyla-ilicali","tag-unlu-baba"],"_links":{"self":[{"href":"https:\/\/www.tgrthaber.com\/mavikadin\/wp-json\/wp\/v2\/posts\/58580"}],"collection":[{"href":"https:\/\/www.tgrthaber.com\/mavikadin\/wp-json\/wp\/v2\/posts"}],"about":[{"href":"https:\/\/www.tgrthaber.com\/mavikadin\/wp-json\/wp\/v2\/types\/post"}],"author":[{"embeddable":true,"href":"https:\/\/www.tgrthaber.com\/mavikadin\/wp-json\/wp\/v2\/users\/2"}],"replies":[{"embeddable":true,"href":"https:\/\/www.tgrthaber.com\/mavikadin\/wp-json\/wp\/v2\/comments?post=58580"}],"version-history":[{"count":1,"href":"https:\/\/www.tgrthaber.com\/mavikadin\/wp-json\/wp\/v2\/posts\/58580\/revisions"}],"predecessor-version":[{"id":58581,"href":"https:\/\/www.tgrthaber.com\/mavikadin\/wp-json\/wp\/v2\/posts\/58580\/revisions\/58581"}],"wp:featuredmedia":[{"embeddable":true,"href":"https:\/\/www.tgrthaber.com\/mavikadin\/wp-json\/wp\/v2\/media\/58579"}],"wp:attachment":[{"href":"https:\/\/www.tgrthaber.com\/mavikadin\/wp-json\/wp\/v2\/media?parent=58580"}],"wp:term":[{"taxonomy":"category","embeddable":true,"href":"https:\/\/www.tgrthaber.com\/mavikadin\/wp-json\/wp\/v2\/categories?post=58580"},{"taxonomy":"post_tag","embeddable":true,"href":"https:\/\/www.tgrthaber.com\/mavikadin\/wp-json\/wp\/v2\/tags?post=58580"}],"curies":[{"name":"wp","href":"https:\/\/api.w.org\/{rel}","templated":true}]}}