{"id":60274,"date":"2023-08-17T17:00:00","date_gmt":"2023-08-17T14:00:00","guid":{"rendered":"https:\/\/new.mavikadin.com\/?p=60274"},"modified":"2024-09-16T19:29:07","modified_gmt":"2024-09-16T16:29:07","slug":"gokhan-ozen-los-angelestan-turkiyeye-dondu-kizlariyla-kavustugu-ani-paylasti","status":"publish","type":"post","link":"https:\/\/www.tgrthaber.com\/mavikadin\/gokhan-ozen-los-angelestan-turkiyeye-dondu-kizlariyla-kavustugu-ani-paylasti\/","title":{"rendered":"G\u00f6khan \u00d6zen Los Angeles&#8217;tan T\u00fcrkiye&#8217;ye d\u00f6nd\u00fc! K\u0131zlar\u0131yla kavu\u015ftu\u011fu an\u0131 payla\u015ft\u0131"},"content":{"rendered":"<p>2000&#8217;li y\u0131llarda olduk\u00e7a pop\u00fcler olan \u015fark\u0131c\u0131 G\u00f6khan \u00d6zen, uzun bir s\u00fcredir Amerika&#8217;da ya\u015fam\u0131na devam ediyordu. Selen Sevigen ile olayl\u0131 \u015fekilde bo\u015fanan 42 ya\u015f\u0131ndaki \u00d6zen, T\u00fcrkiye&#8217;ye d\u00f6ner d\u00f6nmez k\u0131zlar\u0131yla bulu\u015ftu.\u00a0<\/p>\n<p>&#8216;Benim i&ccedil;in Ne yapard\u0131n?&#8217; &#8216;Aramazsan Arama&#8217; ve &#8216; Bize A\u015fk Laz\u0131m&#8217; \u015fark\u0131lar\u0131yla &uuml;nlenen <a href=\"https:\/\/www.mavikadin.com\/gokhan-ozen-kalp-krizi-gecirdi\" target=\"_blank\" rel=\"noopener\">G&ouml;khan &Ouml;zen<\/a>, 2000&#8217;li y\u0131llar\u0131n sevilen sanat&ccedil;\u0131lar\u0131nd\u0131. Uzun s&uuml;redir g&ouml;zlerden uzak Los Angeles&#8217;ta ya\u015fan ve \u0130ngilizce alb&uuml;m &ccedil;al\u0131\u015fmas\u0131n\u0131 s&uuml;rd&uuml;ren \u015fark\u0131c\u0131 T&uuml;rkiye&#8217;ye d&ouml;nd&uuml;\u011f&uuml; gibi yeni proje i&ccedil;in haz\u0131rl\u0131klara ba\u015flad\u0131.&nbsp;<\/p>\n<p>8 y\u0131ld\u0131r Los Angeles&#8217;ta ya\u015fayan &uuml;nl&uuml; \u015fark\u0131c\u0131 son h&acirc;liyle &#8220;Y\u0131llara meydan okuyor&#8221; \u015feklinde yorumlar\u0131n oda\u011f\u0131nda olmu\u015ftu. Selen Sevigen ile evlenmi\u015f ve bir s&uuml;re sonra anla\u015famad\u0131klar\u0131 i&ccedil;in ayr\u0131lm\u0131\u015flard\u0131.&nbsp;<\/p>\n<p><img loading=\"lazy\" decoding=\"async\" src=\"https:\/\/icdn.mavikadin.com\/crop\/810x458\/images\/haberler\/22-12\/19\/gokhan_ozen_kalp_krizi_gecirdi_manset-3.jpg\" alt=\"\" width=\"800\" height=\"452\" title=\"\"><\/p>\n<p>&Uuml;lkeye d&ouml;nece\u011fini twitterdan &#8220;Bu kadar &ouml;zlediyseniz yak\u0131nda \u0130stanbuldaym merak etmeyin&#8221; \u015feklinde haber vermi\u015fti. Sonras\u0131nda \u0130stanbul&#8217;da konseri <a href=\"https:\/\/www.mavikadin.com\/gokhan-ozenin-son-hali-hayranlarini-kendine-hayran-birakti\" target=\"_blank\" rel=\"noopener\">G&ouml;khan &Ouml;zen sosyal medya<\/a> hesab\u0131ndan duyurmu\u015ftu.&nbsp;<\/p>\n<h3><strong>&#8220;KAVU\u015eTUK&#8221;<\/strong><\/h3>\n<p>Sevingen ile olayl\u0131 \u015fekilde bo\u015fanan &Ouml;zen, T&uuml;rkiye&#8217;ye gelince k\u0131zlar\u0131yla bulu\u015ftu. Bu an\u0131 sosyal medya hesab\u0131ndan &#8220;Kavu\u015ftuk&#8221; notunu d&uuml;\u015ferek payla\u015ft\u0131. &Ouml;zen ve k\u0131zlar\u0131n\u0131n sevgi dolu karesine sevenleri Ma\u015fallah&#8221;, &#8221; Sonunda&#8221;, &#8220;&Ccedil;ok g&uuml;zelsiniz&#8221; \u015feklinde yorumlar yapt\u0131lar.&nbsp;<\/p><\/p>\n","protected":false},"excerpt":{"rendered":"<p>2000&#8217;li y\u0131llarda olduk\u00e7a pop\u00fcler olan \u015fark\u0131c\u0131 G\u00f6khan \u00d6zen, uzun bir s\u00fcredir Amerika&#8217;da ya\u015fam\u0131na devam ediyordu. Selen Sevigen ile olayl\u0131 \u015fekilde bo\u015fanan 42 ya\u015f\u0131ndaki \u00d6zen, T\u00fcrkiye&#8217;ye d\u00f6ner d\u00f6nmez k\u0131zlar\u0131yla bulu\u015ftu.\u00a0 &#8216;Benim i&ccedil;in Ne yapard\u0131n?&#8217; &#8216;Aramazsan Arama&#8217; ve &#8216; Bize A\u015fk Laz\u0131m&#8217; \u015fark\u0131lar\u0131yla &uuml;nlenen G&ouml;khan &Ouml;zen, 2000&#8217;li y\u0131llar\u0131n sevilen sanat&ccedil;\u0131lar\u0131nd\u0131. Uzun s&uuml;redir g&ouml;zlerden uzak Los Angeles&#8217;ta ya\u015fan [&hellip;]<\/p>\n","protected":false},"author":23,"featured_media":60273,"comment_status":"closed","ping_status":"open","sticky":false,"template":"","format":"standard","meta":{"rank_math_lock_modified_date":false,"footnotes":""},"categories":[76],"tags":[827,8031,44952,44953,29453,44954],"class_list":["post-60274","post","type-post","status-publish","format-standard","has-post-thumbnail","hentry","category-magazin","tag-gokhan","tag-gokhan-ozen","tag-gokhan-ozen-dondu","tag-gokhan-ozen-kizlari","tag-muzik-dunyasi","tag-unlulerin-donusu"],"_links":{"self":[{"href":"https:\/\/www.tgrthaber.com\/mavikadin\/wp-json\/wp\/v2\/posts\/60274"}],"collection":[{"href":"https:\/\/www.tgrthaber.com\/mavikadin\/wp-json\/wp\/v2\/posts"}],"about":[{"href":"https:\/\/www.tgrthaber.com\/mavikadin\/wp-json\/wp\/v2\/types\/post"}],"author":[{"embeddable":true,"href":"https:\/\/www.tgrthaber.com\/mavikadin\/wp-json\/wp\/v2\/users\/23"}],"replies":[{"embeddable":true,"href":"https:\/\/www.tgrthaber.com\/mavikadin\/wp-json\/wp\/v2\/comments?post=60274"}],"version-history":[{"count":1,"href":"https:\/\/www.tgrthaber.com\/mavikadin\/wp-json\/wp\/v2\/posts\/60274\/revisions"}],"predecessor-version":[{"id":60275,"href":"https:\/\/www.tgrthaber.com\/mavikadin\/wp-json\/wp\/v2\/posts\/60274\/revisions\/60275"}],"wp:featuredmedia":[{"embeddable":true,"href":"https:\/\/www.tgrthaber.com\/mavikadin\/wp-json\/wp\/v2\/media\/60273"}],"wp:attachment":[{"href":"https:\/\/www.tgrthaber.com\/mavikadin\/wp-json\/wp\/v2\/media?parent=60274"}],"wp:term":[{"taxonomy":"category","embeddable":true,"href":"https:\/\/www.tgrthaber.com\/mavikadin\/wp-json\/wp\/v2\/categories?post=60274"},{"taxonomy":"post_tag","embeddable":true,"href":"https:\/\/www.tgrthaber.com\/mavikadin\/wp-json\/wp\/v2\/tags?post=60274"}],"curies":[{"name":"wp","href":"https:\/\/api.w.org\/{rel}","templated":true}]}}