{"id":60283,"date":"2023-08-17T21:03:24","date_gmt":"2023-08-17T18:03:24","guid":{"rendered":"https:\/\/new.mavikadin.com\/?p=60283"},"modified":"2024-09-16T19:29:27","modified_gmt":"2024-09-16T16:29:27","slug":"yargi-dizisinin-savci-ilgazi-baba-oluyor-kaan-urgancioglu-ve-burcu-deniz-mutlu-haberi-8-ay-sakladi","status":"publish","type":"post","link":"https:\/\/www.tgrthaber.com\/mavikadin\/yargi-dizisinin-savci-ilgazi-baba-oluyor-kaan-urgancioglu-ve-burcu-deniz-mutlu-haberi-8-ay-sakladi\/","title":{"rendered":"Yarg\u0131 dizisinin Savc\u0131 Ilgaz&#8217;\u0131 baba oluyor! Kaan Urganc\u0131o\u011flu ve Burcu Deniz mutlu haberi 8 ay saklad\u0131"},"content":{"rendered":"<p>Atina&#8217;da Haziran ay\u0131nda sessiz sedas\u0131z evlenen ba\u015far\u0131l\u0131 oyuncu Kaan Urganc\u0131o\u011flu, baba olmaya haz\u0131rlan\u0131yor. Bir s\u00fcre \u00f6nce hamilelik haberiyle g\u00fcndeme gelen Kaan Urganc\u0131o\u011flu ve Burcu Denizer, konuyla ilgili a\u00e7\u0131klama yapmaktan ka\u00e7\u0131nm\u0131\u015ft\u0131 ancak Burcu Denizer, karn\u0131 burnunda pozunu sosyal medya hesab\u0131ndan ilk kez payla\u015ft\u0131.<\/p>\n<p>Kanal D ekranlar\u0131nda izlenme rekorlar\u0131 k\u0131ran Yarg\u0131 dizisiyle ekrana gelen Kaan Urganc\u0131o\u011flu, ge&ccedil;ti\u011fimiz haziran ay\u0131nda, bir arkada\u015f\u0131n\u0131n d&uuml;\u011f&uuml;n&uuml; i&ccedil;in gitti\u011fi Atina&#8217;da k\u0131z arkada\u015f\u0131 <a href=\"https:\/\/www.mavikadin.com\/yarginin-ilgazi-kaan-urgancioglu-burcu-denizer-ile-surpriz-bir-torenle-evlendi\" target=\"_blank\" rel=\"noopener\">Burcu Denizer<\/a> ile ani bir kararla evlenmi\u015fti. Denizer, sosyal medya platformundaki hesab\u0131ndan karn\u0131nda belirginle\u015fen bir foto\u011fraf\u0131n\u0131 payla\u015farak, bebek haberini duyurdu.<\/p>\n<h3><strong>BURCU DEN\u0130ZER&#8217;DEN KARNI BURNUNDA POZ<\/strong><\/h3>\n<p>Bir s&uuml;re &ouml;nce bebek bekledikleri haberleriyle g&uuml;ndeme gelen <a href=\"https:\/\/www.mavikadin.com\/kaan-urgancioglu-ile-evlenen-burcu-denizerden-sasirtan-hareket\" target=\"_blank\" rel=\"noopener\">Kaan Urganc\u0131o\u011flu<\/a>, konuyla ilgili sessizli\u011fini bozmam\u0131\u015ft\u0131 ancak Urganc\u0131o\u011flu&#8217;nun e\u015fi Burcu Denizer&#8217;e gelen bir hediyenin notu ikilinin s\u0131rr\u0131n\u0131 ele verdi. Denizer, olay &uuml;zerinden k\u0131sa s&uuml;re ge&ccedil;mi\u015fti ki sosyal medya hesab\u0131ndan karn\u0131 burnunda halini payla\u015farak hamilelik haberlerini do\u011frulad\u0131.<\/p>\n<p><img decoding=\"async\" src=\"https:\/\/www.tgrthaber.com\/mavikadin\/wp-content\/images\/haberler\/23-08\/17\/kaan_urgancioglu_baba_oluyor-2.jpg\" alt=\"\" title=\"\"><\/p>\n<p>Kendi akrabalar\u0131n\u0131 bile davet etmeden, Atina&#8217;da resmi nikah k\u0131yan &ccedil;iftin, bir bebek bekledi\u011fi a&ccedil;\u0131kland\u0131. Denizer, Instagram hesab\u0131nda k&ouml;pe\u011fiyle birlikte &ccedil;ekilen bir foto\u011fraf\u0131n\u0131 payla\u015farak, b&uuml;y&uuml;yen karn\u0131n\u0131 g&ouml;sterdi.<\/p>\n<p><img decoding=\"async\" src=\"https:\/\/www.tgrthaber.com\/mavikadin\/wp-content\/images\/haberler\/23-08\/17\/kaan_urgancioglu_evlendi-4.jpg\" alt=\"\" title=\"\"><\/p>\n<p><img decoding=\"async\" src=\"https:\/\/www.tgrthaber.com\/mavikadin\/wp-content\/images\/haberler\/23-08\/17\/kaan_urgancioglu_baba_oluyor-5.jpg\" alt=\"\" title=\"\"><\/p>\n<p>Derleyen: Mavikadin.com<\/p>\n<p>&nbsp;<\/p><\/p>\n","protected":false},"excerpt":{"rendered":"<p>Atina&#8217;da Haziran ay\u0131nda sessiz sedas\u0131z evlenen ba\u015far\u0131l\u0131 oyuncu Kaan Urganc\u0131o\u011flu, baba olmaya haz\u0131rlan\u0131yor. Bir s\u00fcre \u00f6nce hamilelik haberiyle g\u00fcndeme gelen Kaan Urganc\u0131o\u011flu ve Burcu Denizer, konuyla ilgili a\u00e7\u0131klama yapmaktan ka\u00e7\u0131nm\u0131\u015ft\u0131 ancak Burcu Denizer, karn\u0131 burnunda pozunu sosyal medya hesab\u0131ndan ilk kez payla\u015ft\u0131. Kanal D ekranlar\u0131nda izlenme rekorlar\u0131 k\u0131ran Yarg\u0131 dizisiyle ekrana gelen Kaan Urganc\u0131o\u011flu, ge&ccedil;ti\u011fimiz [&hellip;]<\/p>\n","protected":false},"author":2,"featured_media":60282,"comment_status":"closed","ping_status":"open","sticky":false,"template":"","format":"standard","meta":{"rank_math_lock_modified_date":false,"footnotes":""},"categories":[76],"tags":[141,44162,266,2947,777],"class_list":["post-60283","post","type-post","status-publish","format-standard","has-post-thumbnail","hentry","category-magazin","tag-bebek","tag-burcu-denizer","tag-hamilelik","tag-kaan-urgancioglu","tag-yargi"],"_links":{"self":[{"href":"https:\/\/www.tgrthaber.com\/mavikadin\/wp-json\/wp\/v2\/posts\/60283"}],"collection":[{"href":"https:\/\/www.tgrthaber.com\/mavikadin\/wp-json\/wp\/v2\/posts"}],"about":[{"href":"https:\/\/www.tgrthaber.com\/mavikadin\/wp-json\/wp\/v2\/types\/post"}],"author":[{"embeddable":true,"href":"https:\/\/www.tgrthaber.com\/mavikadin\/wp-json\/wp\/v2\/users\/2"}],"replies":[{"embeddable":true,"href":"https:\/\/www.tgrthaber.com\/mavikadin\/wp-json\/wp\/v2\/comments?post=60283"}],"version-history":[{"count":1,"href":"https:\/\/www.tgrthaber.com\/mavikadin\/wp-json\/wp\/v2\/posts\/60283\/revisions"}],"predecessor-version":[{"id":60284,"href":"https:\/\/www.tgrthaber.com\/mavikadin\/wp-json\/wp\/v2\/posts\/60283\/revisions\/60284"}],"wp:featuredmedia":[{"embeddable":true,"href":"https:\/\/www.tgrthaber.com\/mavikadin\/wp-json\/wp\/v2\/media\/60282"}],"wp:attachment":[{"href":"https:\/\/www.tgrthaber.com\/mavikadin\/wp-json\/wp\/v2\/media?parent=60283"}],"wp:term":[{"taxonomy":"category","embeddable":true,"href":"https:\/\/www.tgrthaber.com\/mavikadin\/wp-json\/wp\/v2\/categories?post=60283"},{"taxonomy":"post_tag","embeddable":true,"href":"https:\/\/www.tgrthaber.com\/mavikadin\/wp-json\/wp\/v2\/tags?post=60283"}],"curies":[{"name":"wp","href":"https:\/\/api.w.org\/{rel}","templated":true}]}}