{"id":60409,"date":"2023-08-20T16:40:13","date_gmt":"2023-08-20T13:40:13","guid":{"rendered":"https:\/\/new.mavikadin.com\/?p=60409"},"modified":"2024-09-16T19:34:11","modified_gmt":"2024-09-16T16:34:11","slug":"gulumseyen-tatil-fotograflari-mehmet-aslantugu-kizdirdi-bu-sozler-eski-ese-mi-arzum-onanin-iyiyim-paylasimlarina-gonderme","status":"publish","type":"post","link":"https:\/\/www.tgrthaber.com\/mavikadin\/gulumseyen-tatil-fotograflari-mehmet-aslantugu-kizdirdi-bu-sozler-eski-ese-mi-arzum-onanin-iyiyim-paylasimlarina-gonderme\/","title":{"rendered":"G\u00fcl\u00fcmseyen tatil foto\u011fraflar\u0131 Mehmet Aslantu\u011f&#8217;u k\u0131zd\u0131rd\u0131! Bu s\u00f6zler eski e\u015fe mi? Arzum Onan&#8217;\u0131n &#8216;iyiyim&#8217; payla\u015f\u0131mlar\u0131na g\u00f6nderme"},"content":{"rendered":"<p>Sosyal medya platformlar\u0131n\u0131 aktif bir \u015fekilde kullanmay\u0131 s\u00fcrd\u00fcren Onan, bo\u015fanman\u0131n ard\u0131ndan gitti\u011fi Bodrum tatilinden \u00e7ekti\u011fi pozlar\u0131 Instagram \u00fczerinden art arda yay\u0131nlamaya devam ediyor. Art\u0131k daha fazla payla\u015f\u0131m yapan Onan&#8217;\u0131n her foto\u011frafta g\u00fcl\u00fcmsemesi ve mutlu g\u00f6z\u00fckmesi iddialara g\u00f6re Mehmet Aslantu\u011f&#8217;un can\u0131n\u0131 s\u0131kt\u0131.<\/p>\n<p>Magazin d&uuml;nyas\u0131n\u0131n parmakla g&ouml;sterilen evliliklerinden birinin ge&ccedil;ti\u011fimiz aylarda bitmesinin ard\u0131ndan, iki &uuml;nl&uuml; isim ayr\u0131 ayr\u0131 hayatlar\u0131na ba\u015flad\u0131. Farkl\u0131 yerlerde arkada\u015flar\u0131 ile tatile &ccedil;\u0131kan Mehmet Aslantu\u011f ve <a href=\"https:\/\/www.mavikadin.com\/ornek-cift-yollarini-10-dakikada-ayirdi-arzum-onan-ve-mehmet-aslantug-bosandi\" target=\"_blank\" rel=\"noopener\">Arzum Onan<\/a> g&uuml;ndem olmaya devam ediyor. Daha &ouml;nce &ccedil;ok uzun aral\u0131klarla payla\u015f\u0131m yapan &ccedil;ift, daha s\u0131k payla\u015f\u0131m yapmaya ba\u015flad\u0131. Onan&#8217;\u0131n her foto\u011frafta g&uuml;l&uuml;msemesi ise iddiaya g&ouml;re Aslantu\u011f&#8217;un moralini bozdu.<\/p>\n<h3><strong>AYRILI\u011eIN \u0130&Ccedil; Y&Uuml;Z&Uuml;N&Uuml; MEHMET ASLANTU\u011e A&Ccedil;IKLAMI\u015eTI<\/strong><\/h3>\n<p>&Uuml;nl&uuml; &ccedil;iftten <a href=\"https:\/\/www.mavikadin.com\/admin\/article\/&ldquo;Yaralayan t&uuml;m yalanlara&hellip; Peki!&rdquo;\" target=\"_blank\" rel=\"noopener\">Mehmet Aslantu\u011f<\/a>, Instagram hesab\u0131ndan ayr\u0131l\u0131\u011f\u0131n arka plan\u0131n\u0131 anlatm\u0131\u015f ve <a href=\"https:\/\/www.mavikadin.com\/arzum-onan-ve-mehmet-aslantug-cifti-mahkemeye-basvurdu\" target=\"_blank\" rel=\"noopener\">ayr\u0131l\u0131k<\/a> karar\u0131n\u0131n kendisine ait olmad\u0131\u011f\u0131n\u0131 s&ouml;ylemi\u015fti;<\/p>\n<p>&ldquo;Ve bir bor&ccedil;! &Ccedil;ok yal\u0131n anlatay\u0131m, izledi\u011finiz videoya konu m&uuml;zi\u011fe ait bir k&uuml;lt&uuml;r&uuml;n evlad\u0131y\u0131m. Ay\u0131p ve utanma duygusuyla b&uuml;y&uuml;d&uuml;m, &ouml;yle de gidece\u011fim bu hayattan. Biricik sevgili Arzum&rsquo; u ben terk etmedim. Kalbimi ba\u015fka birine vermedim. Bir y\u0131l &ouml;nce dikkatli, &ouml;zenli, sayg\u0131l\u0131 bir ifadeyle \u015funu s&ouml;yledi &lsquo;Birka&ccedil; y\u0131ld\u0131r ba\u015f etmeye &ccedil;abalad\u0131\u011f\u0131m ama edemedi\u011fim bir durum var. Art\u0131k kar\u0131 koca gibi hissetmiyorum. Kendime ait bir evde ya\u015famak istiyorum.&#8217; Ben de&hellip; Pek kolay olmasa da&hellip; Anlay\u0131\u015fla, sayg\u0131yla kar\u015f\u0131lad\u0131m elbette. K&uuml;sk&uuml;n davranmad\u0131m. Sadece \u015funu s&ouml;yledim &lsquo;B&ouml;yle bir durumu y&ouml;netemem. O halde hukuken de ayr\u0131lal\u0131m. Davay\u0131 da sen a&ccedil; ve tamamen &ouml;zg&uuml;r ol, kendini &ouml;yle ara.&#8217;<\/p>\n<blockquote>\n<p>Hepsi budur ve aylard\u0131r benim i&ccedil;in de hi&ccedil; kolay olmam\u0131\u015ft\u0131r. &Ccedil;ok k\u0131ymetli bir dost olarak kalacakt\u0131r. Biricik evlad\u0131m\u0131z\u0131n kalbi de kendi gibi g&uuml;zel annesi olarak. L&uuml;tfen bana ya da ona y&uuml;klenmeyin art\u0131k. \u0130kimiz de kalan hayat\u0131m\u0131za\/ba\u015fkaca sorumluluklar\u0131m\u0131za sahip &ccedil;\u0131kmaya &ccedil;al\u0131\u015fal\u0131m.&rdquo;<\/p>\n<\/blockquote>\n<p><img decoding=\"async\" src=\"https:\/\/www.tgrthaber.com\/mavikadin\/wp-content\/images\/haberler\/23-08\/20\/mehmet_aslantug_arzum_onan_gonderme-3.jpg\" alt=\"\" title=\"\"><\/p>\n<h3><strong>ZOR G&Uuml;NLER\u0130 &Ccedil;ABUK ATLATTI<\/strong><\/h3>\n<p>Arzum Onan, o\u011flu Can Aslantu\u011f ile beraber gitti\u011fi tatilden s\u0131k&ccedil;a payla\u015f\u0131mlar yap\u0131yor. Bo\u015fanman\u0131n ard\u0131ndan s\u0131k s\u0131k payla\u015f\u0131m yapmaya ba\u015flayan Arzum Onan&#8217;\u0131n son payla\u015f\u0131m\u0131 ise g&uuml;n bat\u0131m\u0131nda &ccedil;ekilen bir foto\u011fraf\u0131 oldu. Onan, foto\u011frafa; &#8220;G&uuml;ne\u015fi u\u011furluyoruz&#8221; mesaj\u0131n\u0131 yazd\u0131.<\/p>\n<p><img decoding=\"async\" src=\"https:\/\/www.tgrthaber.com\/mavikadin\/wp-content\/images\/haberler\/23-08\/20\/untitled-4a-1692540252.jpg\" alt=\"\" title=\"\"><\/p>\n<h3><strong>MEHMET ASLANTU\u011e G&Ouml;NDERME M\u0130 YAPTI?<\/strong><\/h3>\n<p>Arzum Onan&#8217;\u0131n payla\u015ft\u0131\u011f\u0131 foto\u011fraftan sonra, tatil ile ilgili bir payla\u015f\u0131m da Mehmet Aslantu\u011f&#8217;dan geldi. Bozcaada&rsquo;da olan Aslantu\u011f, foto\u011fraflar\u0131n\u0131 <strong>&ldquo;Yaralayan t&uuml;m yalanlara&hellip; Peki!&rdquo;<\/strong> notuyla payla\u015ft\u0131. Sosyal medyay\u0131 etkin bir \u015fekilde kullanan Onan, evlilik sonras\u0131 gitti\u011fi Bodrum tatilinde &ccedil;ekti\u011fi pozlar\u0131 ard\u0131 ard\u0131na Instagram hesab\u0131ndan payla\u015fmaya devam edince, baz\u0131lar\u0131 taraf\u0131ndan Onan&#8217;\u0131n bu halleri &#8216;iyiyim&#8217; payla\u015f\u0131mlar\u0131 olarak g&ouml;r&uuml;ld&uuml;.&nbsp;<\/p>\n<p><img decoding=\"async\" src=\"https:\/\/www.tgrthaber.com\/mavikadin\/wp-content\/images\/haberler\/23-08\/20\/mehmet_aslantug_arzum_onan_gonderme-6.jpg\" alt=\"\" title=\"\"><\/p>\n<p>Takvim Gazetesi&#8217;nin haberine g&ouml;re takip&ccedil;ilerinin iltifat ya\u011fmuruna tuttu\u011fu Onan&#8217;a yap\u0131lan bir yorum dikkat &ccedil;ekti. Takip&ccedil;isi, Onan&#8217;a <strong>&#8220;Bo\u015fanmak kesinlikle iyi geldi&#8221;<\/strong> \u015feklinde yorumda bulundu.&nbsp;S&ouml;z konusu yorum sosyal medya kullan\u0131c\u0131lar\u0131n\u0131 ikiye b&ouml;ld&uuml;.&nbsp;Bir k\u0131sm\u0131 <strong>&#8220;Evliyken de &ccedil;ok mutlu g&ouml;r&uuml;n&uuml;yordu&#8221;<\/strong> diyerek kar\u015f\u0131 &ccedil;\u0131karken bir k\u0131sm\u0131 yorumu be\u011fenerek destek verdi.<\/p>\n<p><img decoding=\"async\" src=\"https:\/\/www.tgrthaber.com\/mavikadin\/wp-content\/images\/haberler\/23-08\/20\/mehmet_aslantug_arzum_onan_gonderme-7.jpg\" alt=\"\" title=\"\"><\/p>\n<p>Derleyen: Mavikadin.com<\/p>\n<p>Kaynak: Takvim<\/p><\/p>\n","protected":false},"excerpt":{"rendered":"<p>Sosyal medya platformlar\u0131n\u0131 aktif bir \u015fekilde kullanmay\u0131 s\u00fcrd\u00fcren Onan, bo\u015fanman\u0131n ard\u0131ndan gitti\u011fi Bodrum tatilinden \u00e7ekti\u011fi pozlar\u0131 Instagram \u00fczerinden art arda yay\u0131nlamaya devam ediyor. Art\u0131k daha fazla payla\u015f\u0131m yapan Onan&#8217;\u0131n her foto\u011frafta g\u00fcl\u00fcmsemesi ve mutlu g\u00f6z\u00fckmesi iddialara g\u00f6re Mehmet Aslantu\u011f&#8217;un can\u0131n\u0131 s\u0131kt\u0131. Magazin d&uuml;nyas\u0131n\u0131n parmakla g&ouml;sterilen evliliklerinden birinin ge&ccedil;ti\u011fimiz aylarda bitmesinin ard\u0131ndan, iki &uuml;nl&uuml; isim ayr\u0131 [&hellip;]<\/p>\n","protected":false},"author":2,"featured_media":60408,"comment_status":"closed","ping_status":"open","sticky":false,"template":"","format":"standard","meta":{"rank_math_lock_modified_date":false,"footnotes":""},"categories":[76],"tags":[2434,154,8475,211],"class_list":["post-60409","post","type-post","status-publish","format-standard","has-post-thumbnail","hentry","category-magazin","tag-arzum-onan","tag-bosanma","tag-mehmet-aslantug","tag-tatil"],"_links":{"self":[{"href":"https:\/\/www.tgrthaber.com\/mavikadin\/wp-json\/wp\/v2\/posts\/60409"}],"collection":[{"href":"https:\/\/www.tgrthaber.com\/mavikadin\/wp-json\/wp\/v2\/posts"}],"about":[{"href":"https:\/\/www.tgrthaber.com\/mavikadin\/wp-json\/wp\/v2\/types\/post"}],"author":[{"embeddable":true,"href":"https:\/\/www.tgrthaber.com\/mavikadin\/wp-json\/wp\/v2\/users\/2"}],"replies":[{"embeddable":true,"href":"https:\/\/www.tgrthaber.com\/mavikadin\/wp-json\/wp\/v2\/comments?post=60409"}],"version-history":[{"count":1,"href":"https:\/\/www.tgrthaber.com\/mavikadin\/wp-json\/wp\/v2\/posts\/60409\/revisions"}],"predecessor-version":[{"id":60410,"href":"https:\/\/www.tgrthaber.com\/mavikadin\/wp-json\/wp\/v2\/posts\/60409\/revisions\/60410"}],"wp:featuredmedia":[{"embeddable":true,"href":"https:\/\/www.tgrthaber.com\/mavikadin\/wp-json\/wp\/v2\/media\/60408"}],"wp:attachment":[{"href":"https:\/\/www.tgrthaber.com\/mavikadin\/wp-json\/wp\/v2\/media?parent=60409"}],"wp:term":[{"taxonomy":"category","embeddable":true,"href":"https:\/\/www.tgrthaber.com\/mavikadin\/wp-json\/wp\/v2\/categories?post=60409"},{"taxonomy":"post_tag","embeddable":true,"href":"https:\/\/www.tgrthaber.com\/mavikadin\/wp-json\/wp\/v2\/tags?post=60409"}],"curies":[{"name":"wp","href":"https:\/\/api.w.org\/{rel}","templated":true}]}}