{"id":60412,"date":"2023-08-20T17:37:17","date_gmt":"2023-08-20T14:37:17","guid":{"rendered":"https:\/\/new.mavikadin.com\/?p=60412"},"modified":"2024-09-16T19:34:17","modified_gmt":"2024-09-16T16:34:17","slug":"sonunda-mutlulugu-yakalayan-irem-dericiden-soke-eden-annelik-aciklamasi","status":"publish","type":"post","link":"https:\/\/www.tgrthaber.com\/mavikadin\/sonunda-mutlulugu-yakalayan-irem-dericiden-soke-eden-annelik-aciklamasi\/","title":{"rendered":"Sonunda mutlulu\u011fu yakalayan \u0130rem Derici&#8217;den \u015foke eden &#8216;annelik&#8217; a\u00e7\u0131klamas\u0131"},"content":{"rendered":"<p>Mutlulu\u011fu Survivor yar\u0131\u015fmac\u0131s\u0131 Atakan I\u015f\u0131ktutan da bulan \u00fcnl\u00fc \u015fark\u0131c\u0131 \u0130rem Derici, takip\u00e7isinin annelikle ilgili yorumuna \u00f6yle bir yan\u0131t verdi ki yorumunu okuyanlar \u015fa\u015fk\u0131nl\u0131\u011f\u0131n\u0131 gizleyemedi.<\/p>\n<p>\u0130rem Derici, 2019 Survivor yar\u0131\u015fmac\u0131s\u0131 Atakan I\u015f\u0131ktutan ile bir s&uuml;re &ouml;nce mutlulu\u011fu yakalam\u0131\u015ft\u0131. \u0130yi anla\u015ft\u0131klar\u0131 bilinen ikili, s\u0131k s\u0131k sosyal medya hesaplar\u0131ndan birlikte payla\u015f\u0131mlar yap\u0131yor. &Uuml;nl&uuml; \u015fark\u0131c\u0131n\u0131n evlilikle ilgili d&uuml;\u015f&uuml;nceleri bilinirken \u015fimdi de anne olmakla ilgili yapt\u0131\u011f\u0131 yorum g&uuml;ndem oldu.<\/p>\n<h3><strong>NOSTALJ\u0130K PAYLA\u015eIM<\/strong><\/h3>\n<p>Derici&#8217;nin her s&ouml;z&uuml; ve hareketi s&uuml;rekli olarak ilgi &ccedil;ekerken, &uuml;nl&uuml; \u015fark\u0131c\u0131 bir kez daha sosyal medyada b&uuml;y&uuml;k yank\u0131 uyand\u0131rd\u0131. &Uuml;nl&uuml; \u015fark\u0131c\u0131 <a href=\"https:\/\/www.mavikadin.com\/admin\/article\/\u0130rem Derici, 2019 Survivor yar\u0131\u015fmac\u0131s\u0131 Atakan I\u015f\u0131ktutan ile bir s&uuml;re &ouml;nce mutlulu\u011fu yakalam\u0131\u015ft\u0131. \u0130yi anla\u015ft\u0131klar\u0131 bilinen ikili, s\u0131k s\u0131k sosyal medya hesaplar\u0131ndan birlikte payla\u015f\u0131mlar yap\u0131yor. &Uuml;nl&uuml; \u015fark\u0131c\u0131n\u0131n evlilikle ilgili d&uuml;\u015f&uuml;nceleri bilinirken \u015fimdi de anne olmakla ilgili yapt\u0131\u011f\u0131 yorum g&uuml;ndem oldu.  NOSTALJ\u0130K PAYLA\u015eIM  Derici&#039;nin her s&ouml;z&uuml; ve hareketi s&uuml;rekli olarak ilgi &ccedil;ekerken, &uuml;nl&uuml; \u015fark\u0131c\u0131 bir kez daha sosyal medyada b&uuml;y&uuml;k yank\u0131 uyand\u0131rd\u0131. &Uuml;nl&uuml; \u015fark\u0131c\u0131 \u0130rem Derici, bir konser kayd\u0131n\u0131 payla\u015farak alt\u0131na \u015fu mesaj\u0131 ekledi:  &quot;Sene 2015. Uzun s&uuml;redir s&ouml;ylemiyordum sahnede, &ccedil;ok iyi geldi. Bug&uuml;ne kadar yorumlad\u0131\u011f\u0131m en naif \u015fark\u0131lardan biri, net&quot;&nbsp;     ANNEL\u0130K CEVABIYLA \u015eA\u015eIRTTI  Bir takip&ccedil;isi, Derici&#039;nin videosunun alt\u0131na &quot;Senden &ccedil;ok g&uuml;zel anne olur be \u0130rem&quot; yorumunda bulundu. Bunun &uuml;zerine Derici, takip&ccedil;isinin annelik yorumuna &quot;Hi&ccedil; u\u011fra\u015famam, bo\u015fa masraf&quot; yan\u0131t\u0131n\u0131 verince, konu sosyal medyada b&uuml;y&uuml;k ilgi g&ouml;rd&uuml;.  Cevaba y&ouml;nelik anne olan takip&ccedil;ilerden baz\u0131lar\u0131, Derici&#039;ye &quot;Valla ben \u015fikayet&ccedil;i de\u011filim, gayet g&uuml;zel tarifsiz duygu&quot; ifadesini kullanarak yan\u0131t verirken baz\u0131lar\u0131 da &quot;Hakl\u0131s\u0131n, aynen kat\u0131l\u0131yorum&quot; diyerek desteklerini dile getirdi.\" target=\"_blank\" rel=\"noopener\">\u0130rem Derici<\/a>, bir konser kayd\u0131n\u0131 payla\u015farak alt\u0131na \u015fu mesaj\u0131 ekledi: &#8220;Sene 2015. Uzun s&uuml;redir s&ouml;ylemiyordum sahnede, &ccedil;ok iyi geldi. Bug&uuml;ne kadar yorumlad\u0131\u011f\u0131m en naif \u015fark\u0131lardan biri, net&#8221;&nbsp;<\/p>\n<p><img decoding=\"async\" src=\"https:\/\/www.tgrthaber.com\/mavikadin\/wp-content\/images\/haberler\/23-08\/20\/irem_derici_annelik_aciklamasi-5.jpg\" alt=\"\" title=\"\"><\/p>\n<h3><strong>ANNEL\u0130K CEVABIYLA \u015eA\u015eIRTTI<\/strong><\/h3>\n<p>Bir takip&ccedil;isi, Derici&#8217;nin videosunun alt\u0131na <strong>&#8220;Senden &ccedil;ok g&uuml;zel anne olur be \u0130rem&#8221;<\/strong> yorumunda bulundu. Bunun &uuml;zerine Derici, takip&ccedil;isinin annelik yorumuna <strong>&#8220;Hi&ccedil; u\u011fra\u015famam, bo\u015fa masraf&#8221;<\/strong> yan\u0131t\u0131n\u0131 verince, konu sosyal medyada b&uuml;y&uuml;k ilgi g&ouml;rd&uuml;.<\/p>\n<p><img decoding=\"async\" src=\"https:\/\/www.tgrthaber.com\/mavikadin\/wp-content\/images\/haberler\/23-08\/20\/irem_derici_nin_sahne_tarzi_olay_oldu-8.jpg\" alt=\"\" title=\"\"><\/p>\n<p>Cevaba y&ouml;nelik anne olan takip&ccedil;ilerden baz\u0131lar\u0131, Derici&#8217;ye <strong>&#8220;Valla ben \u015fikayet&ccedil;i de\u011filim, gayet g&uuml;zel tarifsiz duygu&#8221; <\/strong>ifadesini kullanarak yan\u0131t verirken baz\u0131lar\u0131 da <strong>&#8220;Hakl\u0131s\u0131n, aynen kat\u0131l\u0131yorum&#8221;<\/strong> diyerek desteklerini dile getirdi.<\/p>\n<p><img decoding=\"async\" src=\"https:\/\/www.tgrthaber.com\/mavikadin\/wp-content\/images\/haberler\/23-08\/20\/irem_derici_annelik_aciklamasi-4.jpg\" alt=\"\" title=\"\"><\/p>\n<p>&nbsp;<\/p>\n<p>Derleyen: Mavikadin.com<\/p>\n<p>&nbsp;&nbsp;<\/p>\n","protected":false},"excerpt":{"rendered":"<p>Mutlulu\u011fu Survivor yar\u0131\u015fmac\u0131s\u0131 Atakan I\u015f\u0131ktutan da bulan \u00fcnl\u00fc \u015fark\u0131c\u0131 \u0130rem Derici, takip\u00e7isinin annelikle ilgili yorumuna \u00f6yle bir yan\u0131t verdi ki yorumunu okuyanlar \u015fa\u015fk\u0131nl\u0131\u011f\u0131n\u0131 gizleyemedi. \u0130rem Derici, 2019 Survivor yar\u0131\u015fmac\u0131s\u0131 Atakan I\u015f\u0131ktutan ile bir s&uuml;re &ouml;nce mutlulu\u011fu yakalam\u0131\u015ft\u0131. \u0130yi anla\u015ft\u0131klar\u0131 bilinen ikili, s\u0131k s\u0131k sosyal medya hesaplar\u0131ndan birlikte payla\u015f\u0131mlar yap\u0131yor. &Uuml;nl&uuml; \u015fark\u0131c\u0131n\u0131n evlilikle ilgili d&uuml;\u015f&uuml;nceleri bilinirken [&hellip;]<\/p>\n","protected":false},"author":2,"featured_media":60411,"comment_status":"closed","ping_status":"open","sticky":false,"template":"","format":"standard","meta":{"rank_math_lock_modified_date":false,"footnotes":""},"categories":[76],"tags":[7360,45014,3561,18055],"class_list":["post-60412","post","type-post","status-publish","format-standard","has-post-thumbnail","hentry","category-magazin","tag-annelik","tag-atakan-isiktutan","tag-irem-derici","tag-sarkici"],"_links":{"self":[{"href":"https:\/\/www.tgrthaber.com\/mavikadin\/wp-json\/wp\/v2\/posts\/60412"}],"collection":[{"href":"https:\/\/www.tgrthaber.com\/mavikadin\/wp-json\/wp\/v2\/posts"}],"about":[{"href":"https:\/\/www.tgrthaber.com\/mavikadin\/wp-json\/wp\/v2\/types\/post"}],"author":[{"embeddable":true,"href":"https:\/\/www.tgrthaber.com\/mavikadin\/wp-json\/wp\/v2\/users\/2"}],"replies":[{"embeddable":true,"href":"https:\/\/www.tgrthaber.com\/mavikadin\/wp-json\/wp\/v2\/comments?post=60412"}],"version-history":[{"count":1,"href":"https:\/\/www.tgrthaber.com\/mavikadin\/wp-json\/wp\/v2\/posts\/60412\/revisions"}],"predecessor-version":[{"id":60413,"href":"https:\/\/www.tgrthaber.com\/mavikadin\/wp-json\/wp\/v2\/posts\/60412\/revisions\/60413"}],"wp:featuredmedia":[{"embeddable":true,"href":"https:\/\/www.tgrthaber.com\/mavikadin\/wp-json\/wp\/v2\/media\/60411"}],"wp:attachment":[{"href":"https:\/\/www.tgrthaber.com\/mavikadin\/wp-json\/wp\/v2\/media?parent=60412"}],"wp:term":[{"taxonomy":"category","embeddable":true,"href":"https:\/\/www.tgrthaber.com\/mavikadin\/wp-json\/wp\/v2\/categories?post=60412"},{"taxonomy":"post_tag","embeddable":true,"href":"https:\/\/www.tgrthaber.com\/mavikadin\/wp-json\/wp\/v2\/tags?post=60412"}],"curies":[{"name":"wp","href":"https:\/\/api.w.org\/{rel}","templated":true}]}}