{"id":63358,"date":"2023-10-23T21:07:51","date_gmt":"2023-10-23T18:07:51","guid":{"rendered":"https:\/\/new.mavikadin.com\/?p=63358"},"modified":"2024-09-16T21:42:40","modified_gmt":"2024-09-16T18:42:40","slug":"anne-ogul-aylar-sonra-kavustu-filiz-akin-ve-ilker-inanoglunun-eglenceli-anlari","status":"publish","type":"post","link":"https:\/\/www.tgrthaber.com\/mavikadin\/anne-ogul-aylar-sonra-kavustu-filiz-akin-ve-ilker-inanoglunun-eglenceli-anlari\/","title":{"rendered":"Anne o\u011ful aylar sonra kavu\u015ftu: Filiz Ak\u0131n ve \u0130lker \u0130nano\u011flu&#8217;nun e\u011flenceli anlar\u0131"},"content":{"rendered":"<p>Uzun bir ayr\u0131l\u0131\u011f\u0131n ard\u0131ndan televizyon dizisi &#8220;Arka Sokaklar&#8221; ile ekranlara geri d\u00f6nen \u0130lker \u0130nano\u011flu, annesi Filiz Ak\u0131n ile e\u011flenceli bir bulu\u015fma ya\u015fad\u0131. Filiz Ak\u0131n&#8217;\u0131n sosyal medya payla\u015f\u0131m\u0131, \u0130nano\u011flu&#8217;nun annesi oldu\u011funu bilmeyenleri \u015fa\u015f\u0131rtt\u0131. Bu \u00f6zel an, hem oyuncu \u0130lker \u0130nano\u011flu&#8217;nun hem de Ye\u015fil\u00e7am&#8217;\u0131n y\u0131ld\u0131zlar\u0131ndan Filiz Ak\u0131n&#8217;\u0131n hayranlar\u0131 i\u00e7in duygusal bir an\u0131 olarak haf\u0131zalarda yer etti.<\/p>\n<p>Ye\u015fil&ccedil;am&#8217;\u0131n unutulmaz ismi <a href=\"https:\/\/www.mavikadin.com\/filiz-akina-benzetilen-burcu-biricik-unlu-sanatciya-hayranligini-acikladi-bayiliyorum-size\" target=\"_blank\" rel=\"noopener\">Filiz Ak\u0131n<\/a>, yak\u0131n bir ge&ccedil;mi\u015fte ge&ccedil;irdi\u011fi bir operasyon sonras\u0131nda &uuml;st kula\u011f\u0131ndaki \u015f&uuml;pheli doku nedeniyle sevenlerini endi\u015felendirmi\u015fti. Tekrar bir ameliyat ge&ccedil;irece\u011fini a&ccedil;\u0131klayan Ak\u0131n, aylar sonra o\u011fluyla bulu\u015ftu ve sosyal medyada payla\u015ft\u0131\u011f\u0131 dokunakl\u0131 notla takip&ccedil;ilerini duyguland\u0131rd\u0131.<\/p>\n<h3><strong>F\u0130L\u0130Z AKIN AYLAR SONRA O\u011eLUYLA BULU\u015eTU<\/strong><\/h3>\n<p>Filiz Ak\u0131n, \u015fimdiye dek iki kez kanser tedavisi g&ouml;rm&uuml;\u015f ve ge&ccedil;ti\u011fimiz aylarda &#8220;T&uuml;m ila&ccedil; ve tedavilere ra\u011fmen durumum pek iyi de\u011fil&#8221; a&ccedil;\u0131klamas\u0131nda bulunmu\u015ftu. Sa\u011fl\u0131k durumu hayranlar\u0131 taraf\u0131ndan b&uuml;y&uuml;k bir endi\u015feyle kar\u015f\u0131lanm\u0131\u015ft\u0131. Kemoterapi s&uuml;recinin devam etti\u011fini belirten aktris, aylar sonra o\u011flu \u0130lker \u0130nano\u011flu ile yeniden bir araya gelince b&uuml;y&uuml;k bir mutluluk ya\u015fad\u0131.<\/p>\n<p><img decoding=\"async\" src=\"https:\/\/www.tgrthaber.com\/mavikadin\/wp-content\/images\/haberler\/23-10\/23\/filiz_akin_oglu_ilker_inanoglu_ile_bir_araya_geldi-4.jpg\" alt=\"\" title=\"\"><\/p>\n<p>Arka Sokaklar dizisi setinde olan \u0130lker \u0130nano\u011flu, annesi Filiz Ak\u0131n ile uzun bir aradan sonra bulu\u015ftu. Birlikte bir video payla\u015fan Ak\u0131n, &#8220;Uzunca bir s&uuml;re boyunca, \u0130stanbul&#8217;da Arka Sokaklar dizisinde rol ald\u0131\u011f\u0131 i&ccedil;in g&ouml;r&uuml;\u015femedik. Hepimiz gibi ruh halimiz d&uuml;\u015f&uuml;kt&uuml; ama o\u011flumla vakit ge&ccedil;irmek ve beni g&uuml;ld&uuml;rmek moral oldu. Yar\u0131n di\u015f tedavim var, &ccedil;ene kemi\u011fim birbirine kaynad\u0131\u011f\u0131ndan dolay\u0131, bu y&uuml;zden moral bulmam gerekiyordu&#8230;&#8221; ifadelerini kullanarak takip&ccedil;ilerini duyguland\u0131rd\u0131.<\/p>\n<p><img decoding=\"async\" src=\"https:\/\/www.tgrthaber.com\/mavikadin\/wp-content\/images\/haberler\/23-10\/23\/filiz_akin_oglu_ilker_inanoglu_ile_bir_araya_geldi-1.jpg\" alt=\"\" title=\"\"><\/p><\/p>\n","protected":false},"excerpt":{"rendered":"<p>Uzun bir ayr\u0131l\u0131\u011f\u0131n ard\u0131ndan televizyon dizisi &#8220;Arka Sokaklar&#8221; ile ekranlara geri d\u00f6nen \u0130lker \u0130nano\u011flu, annesi Filiz Ak\u0131n ile e\u011flenceli bir bulu\u015fma ya\u015fad\u0131. Filiz Ak\u0131n&#8217;\u0131n sosyal medya payla\u015f\u0131m\u0131, \u0130nano\u011flu&#8217;nun annesi oldu\u011funu bilmeyenleri \u015fa\u015f\u0131rtt\u0131. Bu \u00f6zel an, hem oyuncu \u0130lker \u0130nano\u011flu&#8217;nun hem de Ye\u015fil\u00e7am&#8217;\u0131n y\u0131ld\u0131zlar\u0131ndan Filiz Ak\u0131n&#8217;\u0131n hayranlar\u0131 i\u00e7in duygusal bir an\u0131 olarak haf\u0131zalarda yer etti. Ye\u015fil&ccedil;am&#8217;\u0131n [&hellip;]<\/p>\n","protected":false},"author":2,"featured_media":63357,"comment_status":"closed","ping_status":"open","sticky":false,"template":"","format":"standard","meta":{"rank_math_lock_modified_date":false,"footnotes":""},"categories":[76],"tags":[43199,2976,8167,4254,667],"class_list":["post-63358","post","type-post","status-publish","format-standard","has-post-thumbnail","hentry","category-magazin","tag-anne-ogul","tag-arka-sokaklar","tag-filiz-akin","tag-ilker-inanoglu","tag-yesilcam"],"_links":{"self":[{"href":"https:\/\/www.tgrthaber.com\/mavikadin\/wp-json\/wp\/v2\/posts\/63358"}],"collection":[{"href":"https:\/\/www.tgrthaber.com\/mavikadin\/wp-json\/wp\/v2\/posts"}],"about":[{"href":"https:\/\/www.tgrthaber.com\/mavikadin\/wp-json\/wp\/v2\/types\/post"}],"author":[{"embeddable":true,"href":"https:\/\/www.tgrthaber.com\/mavikadin\/wp-json\/wp\/v2\/users\/2"}],"replies":[{"embeddable":true,"href":"https:\/\/www.tgrthaber.com\/mavikadin\/wp-json\/wp\/v2\/comments?post=63358"}],"version-history":[{"count":1,"href":"https:\/\/www.tgrthaber.com\/mavikadin\/wp-json\/wp\/v2\/posts\/63358\/revisions"}],"predecessor-version":[{"id":63359,"href":"https:\/\/www.tgrthaber.com\/mavikadin\/wp-json\/wp\/v2\/posts\/63358\/revisions\/63359"}],"wp:featuredmedia":[{"embeddable":true,"href":"https:\/\/www.tgrthaber.com\/mavikadin\/wp-json\/wp\/v2\/media\/63357"}],"wp:attachment":[{"href":"https:\/\/www.tgrthaber.com\/mavikadin\/wp-json\/wp\/v2\/media?parent=63358"}],"wp:term":[{"taxonomy":"category","embeddable":true,"href":"https:\/\/www.tgrthaber.com\/mavikadin\/wp-json\/wp\/v2\/categories?post=63358"},{"taxonomy":"post_tag","embeddable":true,"href":"https:\/\/www.tgrthaber.com\/mavikadin\/wp-json\/wp\/v2\/tags?post=63358"}],"curies":[{"name":"wp","href":"https:\/\/api.w.org\/{rel}","templated":true}]}}