{"id":63379,"date":"2023-10-24T11:26:51","date_gmt":"2023-10-24T08:26:51","guid":{"rendered":"https:\/\/new.mavikadin.com\/?p=63379"},"modified":"2024-09-16T21:43:35","modified_gmt":"2024-09-16T18:43:35","slug":"acun-ilicalidan-erzurumda-yeni-yatirim-hamlesi","status":"publish","type":"post","link":"https:\/\/www.tgrthaber.com\/mavikadin\/acun-ilicalidan-erzurumda-yeni-yatirim-hamlesi\/","title":{"rendered":"Acun Il\u0131cal\u0131&#8217;dan Erzurum&#8217;da yeni yat\u0131r\u0131m hamlesi!"},"content":{"rendered":"<p>Ba\u015far\u0131l\u0131 televizyoncu Acun Il\u0131cal\u0131&#8217;dan yeni bir yat\u0131r\u0131m hamlesi geldi. \u00dcnl\u00fc medya patronu memleketi Erzurum&#8217;da kurulan terlik fabrikas\u0131na ortak olarak 500 ki\u015fiye i\u015f istihdam\u0131 sa\u011flad\u0131.<\/p>\n<p>Memleketi Erzurum&#8217;da yeni bir yat\u0131r\u0131ma imza atan <a href=\"https:\/\/www.mavikadin.com\/survivor-formatinda-radikal-degisiklik-acun-ilicali-biktim-diyerek-acikladi\" target=\"_blank\" rel=\"dofollow noopener\">Acun Il\u0131cal\u0131<\/a> bu sefer rota de\u011fi\u015ftirdi. 500 ki\u015fiye istihdam sa\u011flayan &uuml;nl&uuml; televizyoncu fabrika kurdu.<\/p>\n<p>Exxen, TV8,5, TV8&#8217;in sahibi olan Acun Il\u0131cal\u0131 yeni bir yat\u0131r\u0131m alan\u0131na y&ouml;neldi. \u0130\u015f d&uuml;nyas\u0131na televizyon sunuculu\u011fu ile ba\u015flayan Acun Il\u0131cal\u0131 y\u0131llar i&ccedil;erisinde medya patronu oldu.<\/p>\n<p>Ba\u015far\u0131l\u0131 kariyeri ile takdir toplayan Il\u0131cal\u0131 bu defa ba\u015fka bir i\u015f i&ccedil;in kollar\u0131 s\u0131vad\u0131. Programlar\u0131 ve &ouml;zel hayat\u0131yla da s\u0131k s\u0131k an\u0131lan &uuml;nl&uuml; televizyoncu ald\u0131\u011f\u0131 iki futbol tak\u0131m\u0131yla g&uuml;ndem olmu\u015ftu.<\/p>\n<p><a href=\"https:\/\/www.mavikadin.com\/etiket\/medya\" target=\"_blank\" rel=\"dofollow noopener\">Medya<\/a> sekt&ouml;r&uuml;ndeki ba\u015far\u0131lar\u0131 d\u0131\u015f\u0131nda Acun Il\u0131cal\u0131 , 2021 &#8216;de \u0130ngiliz futbol kul&uuml;b&uuml; olan Hull City, sonras\u0131nda \u0130rlandal\u0131 futbol kul&uuml;b&uuml; Shelbourne FC&rsquo;\u0131 sat\u0131n ald\u0131.<\/p>\n<h3><img decoding=\"async\" src=\"https:\/\/www.tgrthaber.com\/mavikadin\/wp-content\/images\/haberler\/23-10\/24\/haber-ici-acun.jpg\" alt=\"\" title=\"\"><\/h3>\n<h3><strong>TERL\u0130K FABR\u0130KASINA ORTAK<\/strong><\/h3>\n<p>Acun Il\u0131cal\u0131 giri\u015fimcili\u011fe devam ediyor. <a href=\"https:\/\/www.mavikadin.com\/seyma-subasinin-bosanma-detaylari-ortaya-cikti-herkesi-soke-eden-iddialar-ortaya-atildi\" target=\"_blank\" rel=\"dofollow noopener\">Ba\u015far\u0131l\u0131 televizyoncu<\/a> Erzurum&#8217;da bir terlik fabrikas\u0131na ortak oldu. Aziziye il&ccedil;esinde yer alan Organize Sanayi B&ouml;lgesi Acun Il\u0131cal\u0131 ve Fatih Melek ortakl\u0131\u011f\u0131yla kurulan fabrika d&uuml;n hizmet vermek i&ccedil;in a&ccedil;\u0131ld\u0131.<\/p>\n<p>Anadolu Ajans\u0131&rsquo;nda yer alan habere g&ouml;re; Erzurum B&uuml;y&uuml;k\u015fehir Belediyesi&rsquo;nin destekleriyle i\u015f insanlar\u0131 taraf\u0131ndan yap\u0131lan fabrikada 500 ki\u015finin &ccedil;al\u0131\u015fmas\u0131 planlan\u0131yor. Terlik &uuml;retecek fabrikada &uuml;retim ba\u015flad\u0131.<\/p>\n<p>Fabrikan\u0131n a&ccedil;\u0131l\u0131\u015f t&ouml;renine Aile ve Sosyal Hizmetler Bakan Yard\u0131mc\u0131s\u0131 Zafer Tar\u0131kdaro\u011flu da kat\u0131l\u0131m\u0131yla dikkat &ccedil;ekti. Tar\u0131kdaro\u011flu, \u015fehrin tarihi \u0130pek Yolu &uuml;zerinde olmas\u0131 nedeniyle &ccedil;ok k&ouml;kl&uuml; oldu\u011funu s&ouml;yledi.&nbsp;<\/p>\n<p>Acun Il\u0131cal\u0131 ise a&ccedil;\u0131l\u0131\u015fta s&ouml;z alarak; &ldquo;Erzurum&rsquo;da ba\u015fkan\u0131m\u0131z\u0131n destekleriyle in\u015fallah yine g&uuml;zel \u015feyler bizi bekliyor olacak. Devletini seven insanlar vatanda\u015f\u0131m\u0131z\u0131n daha rahat ya\u015fam s&uuml;rmesine katk\u0131 veriyorlar. Devletimizin deste\u011fi bizim i&ccedil;in o kadar &ouml;nemli ki hi&ccedil;bir i\u015f t\u0131kanm\u0131yor, herkes iyi niyetli. Biz de hevesimizi kaybetmeden g&uuml;zel \u015feyler yapmaya &ccedil;al\u0131\u015f\u0131yoruz&rdquo;dedi.<\/p>\n<p>Konu\u015fmalar\u0131n son bulmas\u0131yla a&ccedil;\u0131l\u0131\u015fa gelen kat\u0131l\u0131mc\u0131lar kurdele keserek fabrika i&ccedil;indeki &uuml;retim alanlar\u0131n\u0131 dola\u015ft\u0131. &nbsp;<\/p>\n<p><img decoding=\"async\" src=\"https:\/\/www.tgrthaber.com\/mavikadin\/wp-content\/images\/haberler\/23-10\/24\/haber-ici-acun-2.jpg\" alt=\"\" title=\"\"><\/p><\/p>\n","protected":false},"excerpt":{"rendered":"<p>Ba\u015far\u0131l\u0131 televizyoncu Acun Il\u0131cal\u0131&#8217;dan yeni bir yat\u0131r\u0131m hamlesi geldi. \u00dcnl\u00fc medya patronu memleketi Erzurum&#8217;da kurulan terlik fabrikas\u0131na ortak olarak 500 ki\u015fiye i\u015f istihdam\u0131 sa\u011flad\u0131. Memleketi Erzurum&#8217;da yeni bir yat\u0131r\u0131ma imza atan Acun Il\u0131cal\u0131 bu sefer rota de\u011fi\u015ftirdi. 500 ki\u015fiye istihdam sa\u011flayan &uuml;nl&uuml; televizyoncu fabrika kurdu. Exxen, TV8,5, TV8&#8217;in sahibi olan Acun Il\u0131cal\u0131 yeni bir yat\u0131r\u0131m [&hellip;]<\/p>\n","protected":false},"author":5,"featured_media":63378,"comment_status":"closed","ping_status":"open","sticky":false,"template":"","format":"standard","meta":{"rank_math_lock_modified_date":false,"footnotes":""},"categories":[76],"tags":[38195,46370,46373,46372,46371],"class_list":["post-63379","post","type-post","status-publish","format-standard","has-post-thumbnail","hentry","category-magazin","tag-acun-ilicali","tag-erzurum-yatirim","tag-istihdam","tag-medya-patronu","tag-terlik-fabrikasi"],"_links":{"self":[{"href":"https:\/\/www.tgrthaber.com\/mavikadin\/wp-json\/wp\/v2\/posts\/63379"}],"collection":[{"href":"https:\/\/www.tgrthaber.com\/mavikadin\/wp-json\/wp\/v2\/posts"}],"about":[{"href":"https:\/\/www.tgrthaber.com\/mavikadin\/wp-json\/wp\/v2\/types\/post"}],"author":[{"embeddable":true,"href":"https:\/\/www.tgrthaber.com\/mavikadin\/wp-json\/wp\/v2\/users\/5"}],"replies":[{"embeddable":true,"href":"https:\/\/www.tgrthaber.com\/mavikadin\/wp-json\/wp\/v2\/comments?post=63379"}],"version-history":[{"count":1,"href":"https:\/\/www.tgrthaber.com\/mavikadin\/wp-json\/wp\/v2\/posts\/63379\/revisions"}],"predecessor-version":[{"id":63380,"href":"https:\/\/www.tgrthaber.com\/mavikadin\/wp-json\/wp\/v2\/posts\/63379\/revisions\/63380"}],"wp:featuredmedia":[{"embeddable":true,"href":"https:\/\/www.tgrthaber.com\/mavikadin\/wp-json\/wp\/v2\/media\/63378"}],"wp:attachment":[{"href":"https:\/\/www.tgrthaber.com\/mavikadin\/wp-json\/wp\/v2\/media?parent=63379"}],"wp:term":[{"taxonomy":"category","embeddable":true,"href":"https:\/\/www.tgrthaber.com\/mavikadin\/wp-json\/wp\/v2\/categories?post=63379"},{"taxonomy":"post_tag","embeddable":true,"href":"https:\/\/www.tgrthaber.com\/mavikadin\/wp-json\/wp\/v2\/tags?post=63379"}],"curies":[{"name":"wp","href":"https:\/\/api.w.org\/{rel}","templated":true}]}}