{"id":63514,"date":"2023-10-26T12:27:13","date_gmt":"2023-10-26T09:27:13","guid":{"rendered":"https:\/\/new.mavikadin.com\/?p=63514"},"modified":"2024-09-16T21:49:41","modified_gmt":"2024-09-16T18:49:41","slug":"hadiseden-eglenceli-anlar-dogum-gununu-kutlayan-sanatci-paylasimina-manidar-bir-not-dustu","status":"publish","type":"post","link":"https:\/\/www.tgrthaber.com\/mavikadin\/hadiseden-eglenceli-anlar-dogum-gununu-kutlayan-sanatci-paylasimina-manidar-bir-not-dustu\/","title":{"rendered":"Hadise\u2019den e\u011flenceli anlar! Do\u011fum g\u00fcn\u00fcn\u00fc kutlayan sanat\u00e7\u0131 payla\u015f\u0131m\u0131na manidar bir not d\u00fc\u015ft\u00fc!"},"content":{"rendered":"<p>\u015eark\u0131c\u0131 Hadise do\u011fum g\u00fcn\u00fcnden e\u011flenceli anlar\u0131n\u0131 sosyal medya hesab\u0131 \u00fczerinden payla\u015ft\u0131. Sanat\u00e7\u0131n\u0131n payla\u015f\u0131m yapt\u0131\u011f\u0131 foto\u011fraf\u0131n\u0131n alt\u0131na d\u00fc\u015ft\u00fc\u011f\u00fc o manidar not takip\u00e7ilerinin g\u00f6z\u00fcnden ka\u00e7mad\u0131.\u00a0<\/p>\n<p>Ses sanat&ccedil;\u0131s\u0131 <a href=\"https:\/\/www.mavikadin.com\/seda-bakanin-dogum-gunune-unluler-damga-vurdu\" target=\"_blank\" rel=\"dofollow noopener\">Hadise<\/a> yeni ya\u015f\u0131n\u0131 kutlad\u0131. Ya\u015fad\u0131\u011f\u0131 e\u011flenceli anlar\u0131n\u0131 sosyal medya hesab\u0131 &uuml;zerinden payla\u015fan sanat&ccedil;\u0131n\u0131n foto\u011fraf\u0131n\u0131n alt\u0131na d&uuml;\u015ft&uuml;\u011f&uuml; not dikkat &ccedil;ekti.&nbsp;<\/p>\n<p>\u015eark\u0131c\u0131l\u0131k kariyerinin yan\u0131 s\u0131ra &ouml;zel hayat\u0131yla da &ccedil;ok konu\u015fulan Hadise sosyal medya hesab\u0131n\u0131 da s\u0131k s\u0131k kullan\u0131yor. Bu defa do\u011fum g&uuml;n&uuml;nden payla\u015f\u0131mlar yapan sanat&ccedil;\u0131 ne\u015feli hallerini takip&ccedil;ilerinin be\u011fenisine sundu.&nbsp;<\/p>\n<p>22 Ekim tarihinde 38. ya\u015f g&uuml;n&uuml;n&uuml; kutlayan Hadise&#8217;ye arkada\u015flar\u0131 ve menajeri Haluk \u015eent&uuml;rk e\u015flik etti. 3 katl\u0131 bir <a href=\"https:\/\/www.mavikadin.com\/etiket\/pasta\" target=\"_blank\" rel=\"dofollow noopener\">pasta<\/a> ile do\u011fum g&uuml;n&uuml; kutlamas\u0131 yapan Hadise ne\u015feli halleriyle pastas\u0131n\u0131 &uuml;fledi.&nbsp;<\/p>\n<p><img loading=\"lazy\" decoding=\"async\" src=\"https:\/\/www.tgrthaber.com\/mavikadin\/wp-content\/images\/haberler\/23-10\/26\/haber-ici-hadise-1.jpg\" alt=\"Hadise\" width=\"810\" height=\"720\" title=\"\"><\/p>\n<h3><strong>&ldquo;MUTLULUK EN &Ccedil;OK SANA YAKI\u015eIYOR HAD\u0130SE&rdquo;<\/strong><\/h3>\n<p>Do\u011fum g&uuml;n&uuml; partisinde pasta &uuml;fledi\u011fi pozlar\u0131n\u0131 payla\u015fan sanat&ccedil;\u0131n\u0131n foto\u011fraf alt\u0131na yazd\u0131\u011f\u0131 notu dikkatlerden ka&ccedil;mad\u0131.&nbsp;<\/p>\n<p>Hadise payla\u015f\u0131m yapt\u0131\u011f\u0131 foto\u011fraf\u0131n alt\u0131na: &ldquo;Bu y\u0131l kendime s&ouml;z veriyorum sadece mutluluktan a\u011flayaca\u011f\u0131m&rdquo; diye yazd\u0131.<\/p>\n<p>&Uuml;nl&uuml; ismin bu payla\u015f\u0131m\u0131na ise takip&ccedil;ilerinden &nbsp;&ldquo;Mutluluk en &ccedil;ok sana yak\u0131\u015f\u0131yor Hadise&rdquo; , &ldquo;Y&uuml;z&uuml;n hep g&uuml;ls&uuml;n&rdquo; mesajlar\u0131yla kar\u015f\u0131l\u0131k geldi.<\/p>\n<p>Sanat&ccedil;\u0131n\u0131n do\u011fum g&uuml;n&uuml;n&uuml; sosyal medya &uuml;zerinden yak\u0131n arkada\u015flar\u0131 Ece G&uuml;rsel, Revna Sar\u0131g&uuml;l ve Demet \u015eener de kutlamay\u0131 ihmal etmedi.&nbsp;<\/p>\n<h3><strong>4 AY EVL\u0130 KALMI\u015eTI<\/strong><\/h3>\n<p>&Uuml;nl&uuml; sanat&ccedil;\u0131 Hadise i\u015f insan\u0131 Mehmet Din&ccedil;erler ile 4 ay evli kalm\u0131\u015f ve ayr\u0131lm\u0131\u015ft\u0131. &Uuml;nl&uuml; &ccedil;ift 1 y\u0131ll\u0131k arkada\u015fl\u0131klar\u0131n\u0131n ard\u0131ndan evlenmi\u015f ama evliliklerindeki krizler bitmemi\u015fti. &Uuml;nl&uuml; &ccedil;ift Beykoz adliyesinde tek celsede evliliklerine son vermi\u015fti.&nbsp;<\/p>\n<\/p>\n<p>&nbsp;<\/p>\n","protected":false},"excerpt":{"rendered":"<p>\u015eark\u0131c\u0131 Hadise do\u011fum g\u00fcn\u00fcnden e\u011flenceli anlar\u0131n\u0131 sosyal medya hesab\u0131 \u00fczerinden payla\u015ft\u0131. Sanat\u00e7\u0131n\u0131n payla\u015f\u0131m yapt\u0131\u011f\u0131 foto\u011fraf\u0131n\u0131n alt\u0131na d\u00fc\u015ft\u00fc\u011f\u00fc o manidar not takip\u00e7ilerinin g\u00f6z\u00fcnden ka\u00e7mad\u0131.\u00a0 Ses sanat&ccedil;\u0131s\u0131 Hadise yeni ya\u015f\u0131n\u0131 kutlad\u0131. Ya\u015fad\u0131\u011f\u0131 e\u011flenceli anlar\u0131n\u0131 sosyal medya hesab\u0131 &uuml;zerinden payla\u015fan sanat&ccedil;\u0131n\u0131n foto\u011fraf\u0131n\u0131n alt\u0131na d&uuml;\u015ft&uuml;\u011f&uuml; not dikkat &ccedil;ekti.&nbsp; \u015eark\u0131c\u0131l\u0131k kariyerinin yan\u0131 s\u0131ra &ouml;zel hayat\u0131yla da &ccedil;ok konu\u015fulan Hadise sosyal [&hellip;]<\/p>\n","protected":false},"author":5,"featured_media":63513,"comment_status":"closed","ping_status":"open","sticky":false,"template":"","format":"standard","meta":{"rank_math_lock_modified_date":false,"footnotes":""},"categories":[76],"tags":[2837,43503,77,38564],"class_list":["post-63514","post","type-post","status-publish","format-standard","has-post-thumbnail","hentry","category-magazin","tag-dogum-gunu","tag-eglence","tag-hadise","tag-unlu"],"_links":{"self":[{"href":"https:\/\/www.tgrthaber.com\/mavikadin\/wp-json\/wp\/v2\/posts\/63514"}],"collection":[{"href":"https:\/\/www.tgrthaber.com\/mavikadin\/wp-json\/wp\/v2\/posts"}],"about":[{"href":"https:\/\/www.tgrthaber.com\/mavikadin\/wp-json\/wp\/v2\/types\/post"}],"author":[{"embeddable":true,"href":"https:\/\/www.tgrthaber.com\/mavikadin\/wp-json\/wp\/v2\/users\/5"}],"replies":[{"embeddable":true,"href":"https:\/\/www.tgrthaber.com\/mavikadin\/wp-json\/wp\/v2\/comments?post=63514"}],"version-history":[{"count":1,"href":"https:\/\/www.tgrthaber.com\/mavikadin\/wp-json\/wp\/v2\/posts\/63514\/revisions"}],"predecessor-version":[{"id":63515,"href":"https:\/\/www.tgrthaber.com\/mavikadin\/wp-json\/wp\/v2\/posts\/63514\/revisions\/63515"}],"wp:featuredmedia":[{"embeddable":true,"href":"https:\/\/www.tgrthaber.com\/mavikadin\/wp-json\/wp\/v2\/media\/63513"}],"wp:attachment":[{"href":"https:\/\/www.tgrthaber.com\/mavikadin\/wp-json\/wp\/v2\/media?parent=63514"}],"wp:term":[{"taxonomy":"category","embeddable":true,"href":"https:\/\/www.tgrthaber.com\/mavikadin\/wp-json\/wp\/v2\/categories?post=63514"},{"taxonomy":"post_tag","embeddable":true,"href":"https:\/\/www.tgrthaber.com\/mavikadin\/wp-json\/wp\/v2\/tags?post=63514"}],"curies":[{"name":"wp","href":"https:\/\/api.w.org\/{rel}","templated":true}]}}