{"id":63517,"date":"2023-10-26T13:11:54","date_gmt":"2023-10-26T10:11:54","guid":{"rendered":"https:\/\/new.mavikadin.com\/?p=63517"},"modified":"2024-09-16T21:49:51","modified_gmt":"2024-09-16T18:49:51","slug":"dilan-ve-engin-polata-ait-is-yerlerine-sok-baskin-mal-varliklarina-el-konuldu","status":"publish","type":"post","link":"https:\/\/www.tgrthaber.com\/mavikadin\/dilan-ve-engin-polata-ait-is-yerlerine-sok-baskin-mal-varliklarina-el-konuldu\/","title":{"rendered":"Dilan ve Engin Polat&#8217;a ait i\u015f yerlerine \u015fok bask\u0131n: Mal varl\u0131klar\u0131na el konuldu!"},"content":{"rendered":"<p>Son Dakika! Dilan Polat ve Engin Polat \u00e7iftine ait i\u015f yerlerinde kara para aklama ve vergi ka\u00e7\u0131rma su\u00e7lamalar\u0131 nedeniyle arama ger\u00e7ekle\u015fti.<\/p>\n<p><a href=\"https:\/\/www.mavikadin.com\/etiket\/dilan+polat\" target=\"_blank\" rel=\"dofollow noopener\">Dilan Polat<\/a> ve Engin Polat &ccedil;ifti, sosyal medyada sergiledikleri l&uuml;ks ya\u015fant\u0131lar\u0131yla s\u0131k&ccedil;a g&uuml;ndeme gelirken,<a href=\"https:\/\/www.mavikadin.com\/gelirini-sorgulayanlara-dilan-polattan-cevap-tabela-degerim-20-milyon-tl\" target=\"_blank\" rel=\"noopener\"> kara para aklama ve vergi ka&ccedil;\u0131rma su&ccedil;lamalar\u0131yla uzun <\/a>&nbsp;bir s&uuml;re boyunca dikkatleri &uuml;zerlerine &ccedil;ekti. Bu su&ccedil;lamalar sonucunda Anadolu Cumhuriyet Ba\u015fsavc\u0131l\u0131\u011f\u0131&#8217;n\u0131n talimat\u0131yla, &ccedil;ifte ait i\u015f yerlerine bask\u0131n d&uuml;zenlendi. Maliye ekipleri, Engin Polat ve Dilan Polat&#8217;a ait \u015firketlerin dijital verilerine el koydu.<\/p>\n<h3><strong>G&Uuml;ZELL\u0130K MERKEZLER\u0130NE POL\u0130S BASKINI<\/strong><\/h3>\n<p>Bug&uuml;n, s&uuml;re&ccedil;le ilgili &ouml;nemli bir geli\u015fme ya\u015fand\u0131. Anadolu Cumhuriyet Ba\u015fsavc\u0131l\u0131\u011f\u0131&#8217;n\u0131n direktifiyle Dilan Polat ve Engin Polat&#8217;a ait i\u015f yerlerine bask\u0131n yap\u0131ld\u0131. Maliye ekipleri, Engin Polat ve Dilan Polat&#8217;a ait \u015firketlerin dijital dok&uuml;manlar\u0131na el koydu.<\/p>\n<h3><strong>YARGI HEMEN HAREKETE GE&Ccedil;T\u0130<\/strong><\/h3>\n<p>Polat Ailesi&#8217;nin g&ouml;steri\u015fli ya\u015fam tarz\u0131 hakk\u0131nda yarg\u0131 ad\u0131m att\u0131. Anadolu Cumhuriyet Ba\u015fsavc\u0131l\u0131\u011f\u0131, Polat Ailesi soru\u015fturmas\u0131yla ilgili bir bas\u0131n a&ccedil;\u0131klamas\u0131 yay\u0131nlam\u0131\u015ft\u0131. Ba\u015fsavc\u0131l\u0131k, Engin Polat ve Dilan Polat ile di\u011fer \u015f&uuml;pheliler hakk\u0131nda ba\u015flat\u0131lan soru\u015fturman\u0131n, bir ihbar sonucu ba\u015flad\u0131\u011f\u0131n\u0131 yaz\u0131l\u0131 olarak duyurdu.<\/p>\n<p><img decoding=\"async\" src=\"https:\/\/www.tgrthaber.com\/mavikadin\/wp-content\/images\/haberler\/23-10\/26\/dilan_polat_ve_engin_polat_hakkinda_ilk_aciklama-2.jpg\" alt=\"\" title=\"\"><\/p>\n<h3><strong>BAKAN TUN&Ccedil; SON GEL\u0130\u015eMELER\u0130 A&Ccedil;IKLADI<\/strong><\/h3>\n<p>Adalet Bakan\u0131 Y\u0131lmaz Tun&ccedil;, ge&ccedil;ti\u011fimiz g&uuml;nlerde yapt\u0131\u011f\u0131 a&ccedil;\u0131klamada Polat Ailesi ve su&ccedil; &ouml;rg&uuml;tleri hakk\u0131nda yap\u0131lan operasyonlar\u0131n MASAK raporlar\u0131na dayand\u0131\u011f\u0131n\u0131 ve soru\u015fturman\u0131n h\u0131zla sonu&ccedil;lanaca\u011f\u0131n\u0131 ifade etmi\u015fti. Adalet Bakan\u0131 Y\u0131lmaz Tun&ccedil;, &ouml;zellikle sosyal medyada yarg\u0131n\u0131n iddialar kar\u015f\u0131s\u0131nda pasif kald\u0131\u011f\u0131na dair ele\u015ftirilere kar\u015f\u0131 &ccedil;\u0131karak, yarg\u0131n\u0131n t&uuml;m su&ccedil;larla etkin bir \u015fekilde m&uuml;cadele etti\u011fini vurgulad\u0131.<\/p>\n<p><img decoding=\"async\" src=\"https:\/\/www.tgrthaber.com\/mavikadin\/wp-content\/images\/haberler\/23-10\/26\/dilan_polat_altin_tozuyla_gundeme_oturdu-6.jpg\" alt=\"\" title=\"\"><\/p>\n<p><img decoding=\"async\" src=\"https:\/\/www.tgrthaber.com\/mavikadin\/wp-content\/images\/haberler\/23-10\/26\/dilan_polat_tan_cok_konusulacak_aciklama-5.jpg\" alt=\"\" title=\"\"><\/p><\/p>\n","protected":false},"excerpt":{"rendered":"<p>Son Dakika! Dilan Polat ve Engin Polat \u00e7iftine ait i\u015f yerlerinde kara para aklama ve vergi ka\u00e7\u0131rma su\u00e7lamalar\u0131 nedeniyle arama ger\u00e7ekle\u015fti. Dilan Polat ve Engin Polat &ccedil;ifti, sosyal medyada sergiledikleri l&uuml;ks ya\u015fant\u0131lar\u0131yla s\u0131k&ccedil;a g&uuml;ndeme gelirken, kara para aklama ve vergi ka&ccedil;\u0131rma su&ccedil;lamalar\u0131yla uzun &nbsp;bir s&uuml;re boyunca dikkatleri &uuml;zerlerine &ccedil;ekti. Bu su&ccedil;lamalar sonucunda Anadolu Cumhuriyet Ba\u015fsavc\u0131l\u0131\u011f\u0131&#8217;n\u0131n [&hellip;]<\/p>\n","protected":false},"author":2,"featured_media":63516,"comment_status":"closed","ping_status":"open","sticky":false,"template":"","format":"standard","meta":{"rank_math_lock_modified_date":false,"footnotes":""},"categories":[76],"tags":[2715,2908,27561,46432,41016],"class_list":["post-63517","post","type-post","status-publish","format-standard","has-post-thumbnail","hentry","category-magazin","tag-dilan-polat","tag-engin-polat","tag-kara-para","tag-polat-ailesi","tag-vergi-kacirma"],"_links":{"self":[{"href":"https:\/\/www.tgrthaber.com\/mavikadin\/wp-json\/wp\/v2\/posts\/63517"}],"collection":[{"href":"https:\/\/www.tgrthaber.com\/mavikadin\/wp-json\/wp\/v2\/posts"}],"about":[{"href":"https:\/\/www.tgrthaber.com\/mavikadin\/wp-json\/wp\/v2\/types\/post"}],"author":[{"embeddable":true,"href":"https:\/\/www.tgrthaber.com\/mavikadin\/wp-json\/wp\/v2\/users\/2"}],"replies":[{"embeddable":true,"href":"https:\/\/www.tgrthaber.com\/mavikadin\/wp-json\/wp\/v2\/comments?post=63517"}],"version-history":[{"count":1,"href":"https:\/\/www.tgrthaber.com\/mavikadin\/wp-json\/wp\/v2\/posts\/63517\/revisions"}],"predecessor-version":[{"id":63518,"href":"https:\/\/www.tgrthaber.com\/mavikadin\/wp-json\/wp\/v2\/posts\/63517\/revisions\/63518"}],"wp:featuredmedia":[{"embeddable":true,"href":"https:\/\/www.tgrthaber.com\/mavikadin\/wp-json\/wp\/v2\/media\/63516"}],"wp:attachment":[{"href":"https:\/\/www.tgrthaber.com\/mavikadin\/wp-json\/wp\/v2\/media?parent=63517"}],"wp:term":[{"taxonomy":"category","embeddable":true,"href":"https:\/\/www.tgrthaber.com\/mavikadin\/wp-json\/wp\/v2\/categories?post=63517"},{"taxonomy":"post_tag","embeddable":true,"href":"https:\/\/www.tgrthaber.com\/mavikadin\/wp-json\/wp\/v2\/tags?post=63517"}],"curies":[{"name":"wp","href":"https:\/\/api.w.org\/{rel}","templated":true}]}}