{"id":63520,"date":"2023-10-26T13:24:52","date_gmt":"2023-10-26T10:24:52","guid":{"rendered":"https:\/\/new.mavikadin.com\/?p=63520"},"modified":"2024-09-16T21:50:00","modified_gmt":"2024-09-16T18:50:00","slug":"melisa-ilicali-ile-ilgili-yorum-seyma-subasini-kizdirdi","status":"publish","type":"post","link":"https:\/\/www.tgrthaber.com\/mavikadin\/melisa-ilicali-ile-ilgili-yorum-seyma-subasini-kizdirdi\/","title":{"rendered":"Melisa Il\u0131cal\u0131 ile ilgili yorum \u015eeyma Suba\u015f\u0131&#8217;n\u0131 k\u0131zd\u0131rd\u0131"},"content":{"rendered":"<p>K\u0131z\u0131 ile tatilde olan \u015eeyma Suba\u015f\u0131, sosyal medya hesab\u0131ndan \u00e7ektirdi\u011fi kareleri payla\u015fmay\u0131 da ihmal etmedi. K\u0131z\u0131 ile ilgili gelen yoruma sinirlenen Suba\u015f\u0131, a\u00e7t\u0131 a\u011fz\u0131n\u0131 yumdu g\u00f6z\u00fcn\u00fc.<\/p>\n<p><a href=\"https:\/\/www.mavikadin.com\/seyma-subasi-evlendi-imzayi-atar-atmaz-soyadini-degistirdi\" target=\"_blank\" rel=\"noopener\">May\u0131s ay\u0131nda M\u0131s\u0131rl\u0131 i\u015f insan\u0131 Mohammed Alsaloussi (Meedo) ile evlenen<\/a> ve yaln\u0131zca d&ouml;rt ay sonra, 29 Eyl&uuml;l&#8217;de tek celsede bo\u015fanan <a href=\"https:\/\/www.mavikadin.com\/etiket\/seyma+subasi\" target=\"_blank\" rel=\"dofollow noopener\">\u015eeyma Suba\u015f\u0131<\/a>, k\u0131z\u0131yla birlikte tatil yapmak i&ccedil;in yola &ccedil;\u0131kt\u0131. Tatil payla\u015f\u0131mlar\u0131yla dikkat &ccedil;eken Suba\u015f\u0131, pe\u015f pe\u015fe gelen yorumlar aras\u0131nda &ouml;zellikle k\u0131z\u0131yla ilgili yap\u0131lan bir yorum kar\u015f\u0131s\u0131nda olduk&ccedil;a sinirlendi.<\/p>\n<h3><strong>G&Ouml;NDER\u0130S\u0130 &Ccedil;OK BE\u011eEN\u0130LD\u0130<\/strong><\/h3>\n<p>Sosyal medyada 2.9 milyon takip&ccedil;isi bulunan \u015eeyma Suba\u015f\u0131,k\u0131z\u0131 Melisa ile payla\u015ft\u0131\u011f\u0131 Miami&#8217;de &ccedil;ekilmi\u015f foto\u011fraf ve videolar\u0131yla b&uuml;y&uuml;k ilgi &ccedil;ekti. K\u0131sa bir s&uuml;re i&ccedil;inde binlerce be\u011feni ve yorum ald\u0131. Yorumlardan biri \u015eeyma Suba\u015f\u0131&#8217;n\u0131n sinirlenmesine sebep oldu. O yorumu g&ouml;rmezden gelemedi.<\/p>\n<p><img decoding=\"async\" src=\"https:\/\/www.tgrthaber.com\/mavikadin\/wp-content\/images\/haberler\/23-10\/26\/seyma_subasi_kiziyla_ilgili_yoruma_sinirlendi-2.jpg\" alt=\"\" title=\"\"><\/p>\n<h3><strong>KIZIYLA \u0130LG\u0130L\u0130 YORUM S\u0130N\u0130RLEND\u0130<\/strong><\/h3>\n<p>K\u0131z\u0131yla birlikte payla\u015ft\u0131\u011f\u0131 foto\u011fraf\u0131n alt\u0131na gelen &#8220;Melisa okula gidiyor mu ya, &ccedil;ok merak ediyorum?&#8221; mesaj\u0131na sinirlenen \u015eeyma Suba\u015f\u0131, bu soruya &#8220;Melisa&#8217;n\u0131n okulu tatil. Uluslararas\u0131 Okul&#8217;da okuyor. Bu y&uuml;zden tatilleri daha uzun oluyor&#8221; \u015feklinde yan\u0131t verdi ve yeni bir tart\u0131\u015fma ba\u015flatt\u0131.<\/p>\n<p><img decoding=\"async\" src=\"https:\/\/www.tgrthaber.com\/mavikadin\/wp-content\/images\/haberler\/23-10\/26\/seyma_subasi_kameralara_tektasini_gosterdi-4.jpg\" alt=\"\" title=\"\"><\/p>\n<\/p>\n<p>&nbsp;<\/p>\n","protected":false},"excerpt":{"rendered":"<p>K\u0131z\u0131 ile tatilde olan \u015eeyma Suba\u015f\u0131, sosyal medya hesab\u0131ndan \u00e7ektirdi\u011fi kareleri payla\u015fmay\u0131 da ihmal etmedi. K\u0131z\u0131 ile ilgili gelen yoruma sinirlenen Suba\u015f\u0131, a\u00e7t\u0131 a\u011fz\u0131n\u0131 yumdu g\u00f6z\u00fcn\u00fc. May\u0131s ay\u0131nda M\u0131s\u0131rl\u0131 i\u015f insan\u0131 Mohammed Alsaloussi (Meedo) ile evlenen ve yaln\u0131zca d&ouml;rt ay sonra, 29 Eyl&uuml;l&#8217;de tek celsede bo\u015fanan \u015eeyma Suba\u015f\u0131, k\u0131z\u0131yla birlikte tatil yapmak i&ccedil;in yola &ccedil;\u0131kt\u0131. [&hellip;]<\/p>\n","protected":false},"author":2,"featured_media":63519,"comment_status":"closed","ping_status":"open","sticky":false,"template":"","format":"standard","meta":{"rank_math_lock_modified_date":false,"footnotes":""},"categories":[76],"tags":[1447,1392,25937,2249,211],"class_list":["post-63520","post","type-post","status-publish","format-standard","has-post-thumbnail","hentry","category-magazin","tag-gundem","tag-meedo","tag-melisa","tag-seyma-subasi","tag-tatil"],"_links":{"self":[{"href":"https:\/\/www.tgrthaber.com\/mavikadin\/wp-json\/wp\/v2\/posts\/63520"}],"collection":[{"href":"https:\/\/www.tgrthaber.com\/mavikadin\/wp-json\/wp\/v2\/posts"}],"about":[{"href":"https:\/\/www.tgrthaber.com\/mavikadin\/wp-json\/wp\/v2\/types\/post"}],"author":[{"embeddable":true,"href":"https:\/\/www.tgrthaber.com\/mavikadin\/wp-json\/wp\/v2\/users\/2"}],"replies":[{"embeddable":true,"href":"https:\/\/www.tgrthaber.com\/mavikadin\/wp-json\/wp\/v2\/comments?post=63520"}],"version-history":[{"count":1,"href":"https:\/\/www.tgrthaber.com\/mavikadin\/wp-json\/wp\/v2\/posts\/63520\/revisions"}],"predecessor-version":[{"id":63521,"href":"https:\/\/www.tgrthaber.com\/mavikadin\/wp-json\/wp\/v2\/posts\/63520\/revisions\/63521"}],"wp:featuredmedia":[{"embeddable":true,"href":"https:\/\/www.tgrthaber.com\/mavikadin\/wp-json\/wp\/v2\/media\/63519"}],"wp:attachment":[{"href":"https:\/\/www.tgrthaber.com\/mavikadin\/wp-json\/wp\/v2\/media?parent=63520"}],"wp:term":[{"taxonomy":"category","embeddable":true,"href":"https:\/\/www.tgrthaber.com\/mavikadin\/wp-json\/wp\/v2\/categories?post=63520"},{"taxonomy":"post_tag","embeddable":true,"href":"https:\/\/www.tgrthaber.com\/mavikadin\/wp-json\/wp\/v2\/tags?post=63520"}],"curies":[{"name":"wp","href":"https:\/\/api.w.org\/{rel}","templated":true}]}}