{"id":63523,"date":"2023-10-26T13:42:12","date_gmt":"2023-10-26T10:42:12","guid":{"rendered":"https:\/\/new.mavikadin.com\/?p=63523"},"modified":"2024-09-16T21:50:08","modified_gmt":"2024-09-16T18:50:08","slug":"alisanin-kardes-acisi-dinmiyor-paylasimiyla-yurekleri-dagladi","status":"publish","type":"post","link":"https:\/\/www.tgrthaber.com\/mavikadin\/alisanin-kardes-acisi-dinmiyor-paylasimiyla-yurekleri-dagladi\/","title":{"rendered":"Ali\u015fan&#8217;\u0131n karde\u015f ac\u0131s\u0131 dinmiyor! Payla\u015f\u0131m\u0131yla y\u00fcrekleri da\u011flad\u0131"},"content":{"rendered":"<p>\u00dcnl\u00fc \u015fark\u0131c\u0131 Ali\u015fan, 2021 y\u0131l\u0131nda karde\u015fi Sel\u00e7uk Tekta\u015f&#8217;\u0131 COVID-19 nedeniyle kaybetmi\u015fti. Ya\u015fad\u0131\u011f\u0131 b\u00fcy\u00fck ac\u0131yla sars\u0131lan Ali\u015fan, bir televizyon program\u0131na kat\u0131larak karde\u015fine olan \u00f6zlemini ifade ederek izleyenleri a\u011flatt\u0131.<\/p>\n<p><a href=\"https:\/\/www.mavikadin.com\/fotogaleri\/kardesinin-olumuyle-sarsilan-alisan-goz-yaslari-icinde-o-gunleri-anlatti\" target=\"_blank\" rel=\"noopener\">\u015eark\u0131c\u0131 Ali\u015fan&#8217;\u0131n karde\u015fi Sel&ccedil;uk Tekta\u015f, COVID-19 tedavisi g&ouml;rd&uuml;\u011f&uuml; hastanede 21 Temmuz 2021&#8217;de hayat\u0131n\u0131 kaybetmi\u015fti.<\/a> <a href=\"https:\/\/www.mavikadin.com\/etiket\/alisan\" target=\"_blank\" rel=\"dofollow noopener\">Ali\u015fan<\/a>, bu kayb\u0131n ard\u0131ndan bir programda yapt\u0131\u011f\u0131 konu\u015fmada karde\u015finin an\u0131s\u0131na, &#8220;Karde\u015fim rahat uyusun&#8221; diyerek &ouml;zlemini ifade etti.&nbsp;<\/p>\n<h3><strong>AL\u0130\u015eAN&#8217;DAN SEL&Ccedil;UK TEKTA\u015e A&Ccedil;IKLAMASI<\/strong><\/h3>\n<p>Ali\u015fan, Buket Ayd\u0131n&#8217;\u0131n sundu\u011fu Y&uuml;z Y&uuml;ze program\u0131nda, 41 ya\u015f\u0131nda hayat\u0131n\u0131 kaybeden karde\u015fi Sel&ccedil;uk&#8217;u &ouml;zledi\u011fini dile getirdi ve \u015funlar\u0131 s&ouml;yledi: &#8220;Bir karde\u015fim var. Ya\u015fad\u0131klar\u0131m hala r&uuml;ya gibi, Sel&ccedil;uk hayattaym\u0131\u015f gibi oluyor. \u015eu an ya\u015fasayd\u0131 burada olacakt\u0131. Tek karde\u015fim, ondan &ccedil;ocuklar\u0131mdan hi&ccedil; ay\u0131rmayaca\u011f\u0131m iki tane daha &ccedil;ocu\u011fum var. Onlara babalar\u0131 hayattaym\u0131\u015f gibi babalar\u0131 nas\u0131l ya\u015fat\u0131yorsa yapaca\u011f\u0131m. Manevi olarak yetememekten korkuyorum. Her zaman &ccedil;ocuklar\u0131mdan ay\u0131ramayaca\u011f\u0131m iki tane k\u0131z\u0131m var. Karde\u015fim rahat uyusun. G&ouml;z&uuml;m gibi bakaca\u011f\u0131m.&#8221; dedi.&nbsp;<\/p>\n<p><img decoding=\"async\" src=\"https:\/\/www.tgrthaber.com\/mavikadin\/wp-content\/images\/haberler\/23-10\/26\/alisan_kardesine_olan_ozlemini_sosyal_medyadan_haykirdi-3.jpg\" alt=\"\" title=\"\"><\/p>\n<h3><strong>\u0130K\u0130 KARDE\u015e\u0130N E\u015eLER\u0130 K&Uuml;SM&Uuml;\u015eT&Uuml;<\/strong><\/h3>\n<p>&Ouml;l&uuml;m ac\u0131s\u0131yla sars\u0131lan Tekta\u015f ailesi, bir de Sel&ccedil;uk Tekta\u015f&#8217;\u0131n e\u015fi Merve Tekta\u015f ve Ali\u015fan&#8217;\u0131n e\u015fi Buse Varol&#8217;un k&uuml;sl&uuml;\u011f&uuml; ile &uuml;z&uuml;lm&uuml;\u015ft&uuml;. E\u015fi Ali\u015fan&#8217;\u0131n karde\u015fi Sel&ccedil;uk Tekta\u015f&#8217;\u0131n &ouml;l&uuml;m&uuml;nden bir y\u0131l sonra k\u0131z\u0131na do\u011fum g&uuml;n&uuml; organize eden Buse Varol, do\u011fum g&uuml;n&uuml;ne eltisi ve &ccedil;ocuklar\u0131n gelmemesine sinirlenmi\u015f ve iki elti uzun bir s&uuml;re k&uuml;s kalm\u0131\u015ft\u0131. \u0130kili k\u0131sa bir s&uuml;re &ouml;nce aray\u0131 d&uuml;zeltti.<\/p><\/p>\n","protected":false},"excerpt":{"rendered":"<p>\u00dcnl\u00fc \u015fark\u0131c\u0131 Ali\u015fan, 2021 y\u0131l\u0131nda karde\u015fi Sel\u00e7uk Tekta\u015f&#8217;\u0131 COVID-19 nedeniyle kaybetmi\u015fti. Ya\u015fad\u0131\u011f\u0131 b\u00fcy\u00fck ac\u0131yla sars\u0131lan Ali\u015fan, bir televizyon program\u0131na kat\u0131larak karde\u015fine olan \u00f6zlemini ifade ederek izleyenleri a\u011flatt\u0131. \u015eark\u0131c\u0131 Ali\u015fan&#8217;\u0131n karde\u015fi Sel&ccedil;uk Tekta\u015f, COVID-19 tedavisi g&ouml;rd&uuml;\u011f&uuml; hastanede 21 Temmuz 2021&#8217;de hayat\u0131n\u0131 kaybetmi\u015fti. Ali\u015fan, bu kayb\u0131n ard\u0131ndan bir programda yapt\u0131\u011f\u0131 konu\u015fmada karde\u015finin an\u0131s\u0131na, &#8220;Karde\u015fim rahat uyusun&#8221; diyerek [&hellip;]<\/p>\n","protected":false},"author":2,"featured_media":63522,"comment_status":"closed","ping_status":"open","sticky":false,"template":"","format":"standard","meta":{"rank_math_lock_modified_date":false,"footnotes":""},"categories":[76],"tags":[147,2342,38583,6521],"class_list":["post-63523","post","type-post","status-publish","format-standard","has-post-thumbnail","hentry","category-magazin","tag-alisan","tag-buse-varol","tag-kardes-acisi","tag-selcuk-tektas"],"_links":{"self":[{"href":"https:\/\/www.tgrthaber.com\/mavikadin\/wp-json\/wp\/v2\/posts\/63523"}],"collection":[{"href":"https:\/\/www.tgrthaber.com\/mavikadin\/wp-json\/wp\/v2\/posts"}],"about":[{"href":"https:\/\/www.tgrthaber.com\/mavikadin\/wp-json\/wp\/v2\/types\/post"}],"author":[{"embeddable":true,"href":"https:\/\/www.tgrthaber.com\/mavikadin\/wp-json\/wp\/v2\/users\/2"}],"replies":[{"embeddable":true,"href":"https:\/\/www.tgrthaber.com\/mavikadin\/wp-json\/wp\/v2\/comments?post=63523"}],"version-history":[{"count":1,"href":"https:\/\/www.tgrthaber.com\/mavikadin\/wp-json\/wp\/v2\/posts\/63523\/revisions"}],"predecessor-version":[{"id":63524,"href":"https:\/\/www.tgrthaber.com\/mavikadin\/wp-json\/wp\/v2\/posts\/63523\/revisions\/63524"}],"wp:featuredmedia":[{"embeddable":true,"href":"https:\/\/www.tgrthaber.com\/mavikadin\/wp-json\/wp\/v2\/media\/63522"}],"wp:attachment":[{"href":"https:\/\/www.tgrthaber.com\/mavikadin\/wp-json\/wp\/v2\/media?parent=63523"}],"wp:term":[{"taxonomy":"category","embeddable":true,"href":"https:\/\/www.tgrthaber.com\/mavikadin\/wp-json\/wp\/v2\/categories?post=63523"},{"taxonomy":"post_tag","embeddable":true,"href":"https:\/\/www.tgrthaber.com\/mavikadin\/wp-json\/wp\/v2\/tags?post=63523"}],"curies":[{"name":"wp","href":"https:\/\/api.w.org\/{rel}","templated":true}]}}