{"id":63706,"date":"2023-10-31T07:38:25","date_gmt":"2023-10-31T04:38:25","guid":{"rendered":"https:\/\/new.mavikadin.com\/?p=63706"},"modified":"2024-09-16T21:58:10","modified_gmt":"2024-09-16T18:58:10","slug":"sampiyon-kenan-sofuoglunun-oglu-kaza-gecirdi-o-anlar-kameralara-yansidi","status":"publish","type":"post","link":"https:\/\/www.tgrthaber.com\/mavikadin\/sampiyon-kenan-sofuoglunun-oglu-kaza-gecirdi-o-anlar-kameralara-yansidi\/","title":{"rendered":"\u015eampiyon Kenan Sofuo\u011flu&#8217;nun o\u011flu kaza ge\u00e7irdi! O anlar kameralara yans\u0131d\u0131"},"content":{"rendered":"<p>D\u00fcnya motosiklet \u015fampiyonu Kenan Sofuo\u011flu&#8217;nun 4 ya\u015f\u0131ndaki o\u011flu Zayn, k\u00fc\u00e7\u00fck ya\u015f\u0131na ra\u011fmen motosiklet s\u00fcr\u00fcyor. Zayn Sofuo\u011flu, k\u00fc\u00e7\u00fck bir kazaya kar\u0131\u015ft\u0131 ve motosikletten d\u00fc\u015ft\u00fc. O anlar\u0131 g\u00f6renler \u015fa\u015fk\u0131nl\u0131\u011f\u0131n\u0131 gizleyemezken, Zayn Sofuo\u011flu&#8217;nun hemen aya\u011fa kalk\u0131p motosikleti kullanmaya devam etmesi sosyal medyada g\u00fcndem oldu.<\/p>\n<p>D&uuml;nya motosiklet \u015fampiyonu Kenan Sofuo\u011flu&#8217;nun 4 ya\u015f\u0131ndaki o\u011flu Zayn, motosiklet kullanmas\u0131yla g&uuml;ndem olmaya devam ediyor. Minik Sofuo\u011flu, k&uuml;&ccedil;&uuml;k bir kazaya kar\u0131\u015ft\u0131 ve motosikletten d&uuml;\u015ft&uuml;. O anlar\u0131 g&ouml;renlerin y&uuml;rekleri a\u011fz\u0131lara geldi. Hemen aya\u011fa kalk\u0131p motosikleti kullanmaya devam eden Zayn&#8217;\u0131n bu anlar\u0131 sosyal medyada g&uuml;ndem oldu.<\/p>\n<h3><strong>V\u0130TESL\u0130 MOTOS\u0130KLETE KULLANMAYA BA\u015eLADI<\/strong><\/h3>\n<p>K&uuml;&ccedil;&uuml;k Zayn Sofuo\u011flu, boyundan b&uuml;y&uuml;k ara&ccedil;lar\u0131 adeta oyuncak gibi rahat&ccedil;a kullanabilme yetene\u011fini sergileyen videolar\u0131yla sosyal medyada b&uuml;y&uuml;k ilgi g&ouml;r&uuml;yor. Bu ara&ccedil;lar\u0131 kullan\u0131rken ya\u015f\u0131na uygun oyuncaklarla oynamak yerine pistte yeteneklerini sergileyen Zayn, d&uuml;nya genelinde milyonlarca ki\u015fi taraf\u0131ndan izleniyor. 4 ya\u015f\u0131ndaki Zayn, vitesli motosikleti ilk kez kullan\u0131rken bir kaza ge&ccedil;irdi ve kontrol&uuml; kaybederek d&uuml;\u015ft&uuml; ancak h\u0131zla aya\u011fa kalk\u0131p motosikleti kullanmaya devam etti.<\/p>\n<p>Zayn&#8217;\u0131n bu anlar\u0131, onun sosyal medya hesab\u0131ndan payla\u015f\u0131ld\u0131. Payla\u015f\u0131m, yorumlar ve be\u011fenilerle yo\u011fun ilgi g&ouml;rd&uuml; ve i&ccedil;inde &#8220;Hi&ccedil;bir \u015fey &ouml;\u011frenilmiyor&#8221; ifadesi bulunuyordu.<\/p>\n<p><img decoding=\"async\" src=\"https:\/\/www.tgrthaber.com\/mavikadin\/wp-content\/images\/haberler\/23-10\/31\/kenan_sofuoglu_nun_oglu_kaza_gecirdi-2.jpg\" alt=\"\" title=\"\"><\/p>\n<p><img decoding=\"async\" src=\"https:\/\/www.tgrthaber.com\/mavikadin\/wp-content\/images\/haberler\/23-10\/31\/kenan_sofuoglu_nun_oglu_kaza_gecirdi-3.jpg\" alt=\"\" title=\"\"><\/p><\/p>\n","protected":false},"excerpt":{"rendered":"<p>D\u00fcnya motosiklet \u015fampiyonu Kenan Sofuo\u011flu&#8217;nun 4 ya\u015f\u0131ndaki o\u011flu Zayn, k\u00fc\u00e7\u00fck ya\u015f\u0131na ra\u011fmen motosiklet s\u00fcr\u00fcyor. Zayn Sofuo\u011flu, k\u00fc\u00e7\u00fck bir kazaya kar\u0131\u015ft\u0131 ve motosikletten d\u00fc\u015ft\u00fc. O anlar\u0131 g\u00f6renler \u015fa\u015fk\u0131nl\u0131\u011f\u0131n\u0131 gizleyemezken, Zayn Sofuo\u011flu&#8217;nun hemen aya\u011fa kalk\u0131p motosikleti kullanmaya devam etmesi sosyal medyada g\u00fcndem oldu. D&uuml;nya motosiklet \u015fampiyonu Kenan Sofuo\u011flu&#8217;nun 4 ya\u015f\u0131ndaki o\u011flu Zayn, motosiklet kullanmas\u0131yla g&uuml;ndem olmaya devam [&hellip;]<\/p>\n","protected":false},"author":2,"featured_media":63705,"comment_status":"closed","ping_status":"open","sticky":false,"template":"","format":"standard","meta":{"rank_math_lock_modified_date":false,"footnotes":""},"categories":[76],"tags":[46526,3409,46525,38200,25746],"class_list":["post-63706","post","type-post","status-publish","format-standard","has-post-thumbnail","hentry","category-magazin","tag-cocuk-motosiklet","tag-kenan-sofuoglu","tag-motosiklet-kazasi","tag-spor","tag-zayn-sofuoglu"],"_links":{"self":[{"href":"https:\/\/www.tgrthaber.com\/mavikadin\/wp-json\/wp\/v2\/posts\/63706"}],"collection":[{"href":"https:\/\/www.tgrthaber.com\/mavikadin\/wp-json\/wp\/v2\/posts"}],"about":[{"href":"https:\/\/www.tgrthaber.com\/mavikadin\/wp-json\/wp\/v2\/types\/post"}],"author":[{"embeddable":true,"href":"https:\/\/www.tgrthaber.com\/mavikadin\/wp-json\/wp\/v2\/users\/2"}],"replies":[{"embeddable":true,"href":"https:\/\/www.tgrthaber.com\/mavikadin\/wp-json\/wp\/v2\/comments?post=63706"}],"version-history":[{"count":1,"href":"https:\/\/www.tgrthaber.com\/mavikadin\/wp-json\/wp\/v2\/posts\/63706\/revisions"}],"predecessor-version":[{"id":63707,"href":"https:\/\/www.tgrthaber.com\/mavikadin\/wp-json\/wp\/v2\/posts\/63706\/revisions\/63707"}],"wp:featuredmedia":[{"embeddable":true,"href":"https:\/\/www.tgrthaber.com\/mavikadin\/wp-json\/wp\/v2\/media\/63705"}],"wp:attachment":[{"href":"https:\/\/www.tgrthaber.com\/mavikadin\/wp-json\/wp\/v2\/media?parent=63706"}],"wp:term":[{"taxonomy":"category","embeddable":true,"href":"https:\/\/www.tgrthaber.com\/mavikadin\/wp-json\/wp\/v2\/categories?post=63706"},{"taxonomy":"post_tag","embeddable":true,"href":"https:\/\/www.tgrthaber.com\/mavikadin\/wp-json\/wp\/v2\/tags?post=63706"}],"curies":[{"name":"wp","href":"https:\/\/api.w.org\/{rel}","templated":true}]}}