{"id":63838,"date":"2023-11-03T09:18:15","date_gmt":"2023-11-03T06:18:15","guid":{"rendered":"https:\/\/new.mavikadin.com\/?p=63838"},"modified":"2024-09-16T22:04:02","modified_gmt":"2024-09-16T19:04:02","slug":"istanbul-icin-son-cagri-kivanc-tatlitug-ve-beren-saatden-yeni-film-kareleri","status":"publish","type":"post","link":"https:\/\/www.tgrthaber.com\/mavikadin\/istanbul-icin-son-cagri-kivanc-tatlitug-ve-beren-saatden-yeni-film-kareleri\/","title":{"rendered":"\u0130stanbul \u0130\u00e7in Son \u00c7a\u011fr\u0131: K\u0131van\u00e7 Tatl\u0131tu\u011f ve Beren Saat&#8217;den yeni film kareleri"},"content":{"rendered":"<p>Merakla beklenen K\u0131van\u00e7 Tatl\u0131tu\u011f ve Beren Saat&#8217;i A\u015fk-\u0131 Memnu&#8217;dan sonra ilk kez bir araya getiren &#8216;\u0130stanbul \u0130\u00e7in Son \u00c7a\u011fr\u0131&#8217; filminden yeni kareler yay\u0131nland\u0131. Yeni foto\u011fraflar izleyicilerde heyecan olu\u015fturdu.<\/p>\n<p><a href=\"https:\/\/www.mavikadin.com\/etiket\/beren+saat\" target=\"_blank\" rel=\"dofollow noopener\">Beren Saat<\/a> ve <a href=\"https:\/\/www.mavikadin.com\/etiket\/kivanc+tatlitug\" target=\"_blank\" rel=\"dofollow noopener\">K\u0131van&ccedil; Tatl\u0131tu\u011f<\/a> &#8220;\u0130stanbul \u0130&ccedil;in Son &Ccedil;a\u011fr\u0131&#8221; adl\u0131 filmde yeniden bir araya geliyor. Heyecanla beklenen bu bulu\u015fma, 24 Kas\u0131m&#8217;da Netflix&#8217;te izleyicilerle bulu\u015facak. Filmden birbirinden renkli yeni kareler yay\u0131nland\u0131.<\/p>\n<h3><strong>KIVAN&Ccedil; TATLITU\u011e VE BEREN SAAT F\u0130LM\u0130NDEN YEN\u0130 KARELER<\/strong><\/h3>\n<p>G&ouml;nen&ccedil; Uyan\u0131k&#8217;\u0131n y&ouml;netti\u011fi, Nuran Evren \u015eit&#8217;in senaryosunu yazd\u0131\u011f\u0131 film, New York havaliman\u0131nda ba\u015flayan romantik bir ser&uuml;veni anlat\u0131yor. \u0130kilinin bu bulu\u015fmas\u0131, magazin d&uuml;nyas\u0131nda b&uuml;y&uuml;k ilgi uyand\u0131r\u0131yor ve hayranlar\u0131n\u0131 heyecanland\u0131r\u0131yor.<\/p>\n<p><img decoding=\"async\" src=\"https:\/\/www.tgrthaber.com\/mavikadin\/wp-content\/images\/haberler\/23-11\/03\/beren_saat_kivanc_tatlitug-8.jpg\" alt=\"\" title=\"\"><\/p>\n<p>&Ccedil;iftin kemikle\u015fmi\u015f hayran kitlesi, onlar\u0131n bu projede tekrar bir arada olmas\u0131 sebebiyle y\u0131llar sonra ayn\u0131 heyecan\u0131 ya\u015f\u0131yor. \u0130stanbul \u0130&ccedil;in Son &Ccedil;a\u011fr\u0131, romantizmi ve modern ili\u015fkileri i\u015fleyen bir hikaye sunarak dikkat &ccedil;ekiyor.<\/p>\n<p><img decoding=\"async\" src=\"https:\/\/www.tgrthaber.com\/mavikadin\/wp-content\/images\/haberler\/23-11\/03\/beren_saat_kivanc_tatlitug-5.jpg\" alt=\"\" title=\"\"><\/p>\n<p>Beren Saat ve K\u0131van&ccedil; Tatl\u0131tu\u011f&#8217;un ba\u015far\u0131l\u0131 oyunculuklar\u0131, filmi merakla beklenenler listesine ta\u015f\u0131yor. Bu b&uuml;y&uuml;k bulu\u015fma, T&uuml;rk sinemas\u0131nda haf\u0131zalarda yer alacak bir filme aday gibi g&ouml;r&uuml;n&uuml;yor.<\/p>\n<p><img decoding=\"async\" src=\"https:\/\/www.tgrthaber.com\/mavikadin\/wp-content\/images\/haberler\/23-11\/03\/beren_saat_kivanc_tatlitug-7.jpg\" alt=\"\" title=\"\"><\/p><\/p>\n","protected":false},"excerpt":{"rendered":"<p>Merakla beklenen K\u0131van\u00e7 Tatl\u0131tu\u011f ve Beren Saat&#8217;i A\u015fk-\u0131 Memnu&#8217;dan sonra ilk kez bir araya getiren &#8216;\u0130stanbul \u0130\u00e7in Son \u00c7a\u011fr\u0131&#8217; filminden yeni kareler yay\u0131nland\u0131. Yeni foto\u011fraflar izleyicilerde heyecan olu\u015fturdu. Beren Saat ve K\u0131van&ccedil; Tatl\u0131tu\u011f &#8220;\u0130stanbul \u0130&ccedil;in Son &Ccedil;a\u011fr\u0131&#8221; adl\u0131 filmde yeniden bir araya geliyor. Heyecanla beklenen bu bulu\u015fma, 24 Kas\u0131m&#8217;da Netflix&#8217;te izleyicilerle bulu\u015facak. Filmden birbirinden renkli [&hellip;]<\/p>\n","protected":false},"author":2,"featured_media":63837,"comment_status":"closed","ping_status":"open","sticky":false,"template":"","format":"standard","meta":{"rank_math_lock_modified_date":false,"footnotes":""},"categories":[76],"tags":[3154,46200,2498,2973,43137],"class_list":["post-63838","post","type-post","status-publish","format-standard","has-post-thumbnail","hentry","category-magazin","tag-beren-saat","tag-istanbul-icin-son-cagri","tag-kivanc-tatlitug","tag-netflix","tag-yeni-film"],"_links":{"self":[{"href":"https:\/\/www.tgrthaber.com\/mavikadin\/wp-json\/wp\/v2\/posts\/63838"}],"collection":[{"href":"https:\/\/www.tgrthaber.com\/mavikadin\/wp-json\/wp\/v2\/posts"}],"about":[{"href":"https:\/\/www.tgrthaber.com\/mavikadin\/wp-json\/wp\/v2\/types\/post"}],"author":[{"embeddable":true,"href":"https:\/\/www.tgrthaber.com\/mavikadin\/wp-json\/wp\/v2\/users\/2"}],"replies":[{"embeddable":true,"href":"https:\/\/www.tgrthaber.com\/mavikadin\/wp-json\/wp\/v2\/comments?post=63838"}],"version-history":[{"count":1,"href":"https:\/\/www.tgrthaber.com\/mavikadin\/wp-json\/wp\/v2\/posts\/63838\/revisions"}],"predecessor-version":[{"id":63839,"href":"https:\/\/www.tgrthaber.com\/mavikadin\/wp-json\/wp\/v2\/posts\/63838\/revisions\/63839"}],"wp:featuredmedia":[{"embeddable":true,"href":"https:\/\/www.tgrthaber.com\/mavikadin\/wp-json\/wp\/v2\/media\/63837"}],"wp:attachment":[{"href":"https:\/\/www.tgrthaber.com\/mavikadin\/wp-json\/wp\/v2\/media?parent=63838"}],"wp:term":[{"taxonomy":"category","embeddable":true,"href":"https:\/\/www.tgrthaber.com\/mavikadin\/wp-json\/wp\/v2\/categories?post=63838"},{"taxonomy":"post_tag","embeddable":true,"href":"https:\/\/www.tgrthaber.com\/mavikadin\/wp-json\/wp\/v2\/tags?post=63838"}],"curies":[{"name":"wp","href":"https:\/\/api.w.org\/{rel}","templated":true}]}}