{"id":65917,"date":"2023-12-28T16:15:00","date_gmt":"2023-12-28T13:15:00","guid":{"rendered":"https:\/\/new.mavikadin.com\/?p=65917"},"modified":"2025-10-15T15:17:57","modified_gmt":"2025-10-15T12:17:57","slug":"dag-cayi-nedir-faydalari-nelerdir-dag-cayi-cesitleri-ve-demleme-yontemi","status":"publish","type":"post","link":"https:\/\/www.tgrthaber.com\/mavikadin\/dag-cayi-nedir-faydalari-nelerdir-dag-cayi-cesitleri-ve-demleme-yontemi\/","title":{"rendered":"Da\u011f \u00e7ay\u0131 nedir, faydalar\u0131 nelerdir? Da\u011f \u00e7ay\u0131 \u00e7e\u015fitleri ve demleme y\u00f6ntemi"},"content":{"rendered":"<p>Ana vatan\u0131 Avrupa ve Asya olan yayla \u00e7ay\u0131 olarak da tan\u0131nan da\u011f \u00e7ay\u0131 say\u0131s\u0131z faydalar\u0131yla biliniyor. Antidoksan \u00f6zelli\u011fi bulunan, kad\u0131n hastal\u0131klar\u0131 i\u00e7in tavsiye edilen da\u011f \u00e7ay\u0131 bitkisi \u00e7ay \u015feklinde t\u00fcketildi\u011finde v\u00fccuttaki iltihaplar\u0131 temizliyor, mide sanc\u0131 ve kramplar\u0131na iyi geliyor ve mide asitlerini dengeliyor. Peki bir\u00e7ok sa\u011fl\u0131k sorununda \u00f6nerilen da\u011f \u00e7ay\u0131 nas\u0131l bir bitki, faydalar\u0131 neler? Nas\u0131l t\u00fcketilmeli? \u0130\u015fte da\u011f \u00e7ay\u0131 ile ilgili bilmeniz gereken t\u00fcm detaylar&#8230;<\/p>\n<h3>DA\u011e \u00c7AYI NED\u0130R? \u00c7E\u015e\u0130TLER\u0130 VAR MI?<\/h3>\n<p>Halk aras\u0131nda &#8216;yayla \u00e7ay\u0131&#8217; olarak bilinen da\u011f \u00e7ay\u0131 ismini da\u011flarda ve yaylalarda yeti\u015fmesinden dolay\u0131 almaktad\u0131r. \u00dclkemizde en fazla Ege, Marmara, Akdeniz, Bat\u0131 Karadeniz ve G\u00fcney Do\u011fu Anadolu b\u00f6lgelerinde yer alan ormanlar\u0131n i\u00e7 kesimlerinde, yaylalarda ve da\u011f eteklerinde kendili\u011finden yeti\u015fme durumu vard\u0131r.<\/p>\n<p><img loading=\"lazy\" decoding=\"async\" class=\"alignnone size-large wp-image-249386\" src=\"https:\/\/www.tgrthaber.com\/mavikadin\/wp-content\/uploads\/Adsiz-tasarim-12-57-1024x576.png\" alt=\"\" width=\"640\" height=\"360\" title=\"\" srcset=\"https:\/\/www.tgrthaber.com\/mavikadin\/wp-content\/uploads\/Adsiz-tasarim-12-57-1024x576.png 1024w, https:\/\/www.tgrthaber.com\/mavikadin\/wp-content\/uploads\/Adsiz-tasarim-12-57-300x169.png 300w, https:\/\/www.tgrthaber.com\/mavikadin\/wp-content\/uploads\/Adsiz-tasarim-12-57-768x432.png 768w, https:\/\/www.tgrthaber.com\/mavikadin\/wp-content\/uploads\/Adsiz-tasarim-12-57.png 1208w\" sizes=\"(max-width: 640px) 100vw, 640px\" \/><\/p>\n<hr \/>\n<p>Da\u011f \u00e7ay\u0131 g\u00f6r\u00fcn\u00fcm itibariyle ada ve yayla \u00e7ay\u0131na benzer. Farkl\u0131 \u00e7e\u015fidi bulunmayan da\u011f \u00e7ay\u0131 yap\u0131 olarak ada \u00e7ay\u0131ndan biraz daha serttir. Bu durum da iki \u00e7ay\u0131 birbirinden ay\u0131ran en \u00f6nemli \u00f6zelliktir.<\/p>\n<p>Yayla \u00e7ay\u0131n\u0131n boyu bir metreye kadar uzayabilirken, yaprak kal\u0131nl\u0131\u011f\u0131 da 3 santimetreye kadar ula\u015fabilir. Bu bitkinin a\u00e7\u0131k ye\u015fil ve a\u00e7\u0131k gri tonlarda yapraklar\u0131 di\u011fer bitkilerden kolayl\u0131kla ayr\u0131lmas\u0131n\u0131 sa\u011flar.<\/p>\n<h3>DA\u011e \u00c7AYI FAYDALARI NELERD\u0130R?<\/h3>\n<p>Da\u011f \u00e7ay\u0131 insan v\u00fccuduna sa\u011flad\u0131\u011f\u0131 faydalar nedeniyle \u015fifal\u0131 \u00e7aylar aras\u0131nda yerini al\u0131yor. Faydalar\u0131 saymakla bitmeyen da\u011f \u00e7ay\u0131 2011 y\u0131l\u0131nda yap\u0131lan ara\u015ft\u0131rmalar sonucunda antioksidan \u00f6zelli\u011fi ile \u00f6n plana \u00e7\u0131k\u0131yor.\u00a0 Da\u011f \u00e7ay\u0131n\u0131n faydas\u0131n\u0131 duyduktan sonra yaylalarda bu \u00e7ay\u0131 aramaya \u00e7\u0131kaca\u011f\u0131n\u0131z\u0131 d\u00fc\u015f\u00fcn\u00fcyoruz. \u0130\u015fte da\u011f \u00e7ay\u0131n\u0131n faydalar\u0131&#8230;<\/p>\n<p><img loading=\"lazy\" decoding=\"async\" class=\"alignnone size-large wp-image-249387\" src=\"https:\/\/www.tgrthaber.com\/mavikadin\/wp-content\/uploads\/Adsiz-tasarim-11-60-1024x576.png\" alt=\"\" width=\"640\" height=\"360\" title=\"\" srcset=\"https:\/\/www.tgrthaber.com\/mavikadin\/wp-content\/uploads\/Adsiz-tasarim-11-60-1024x576.png 1024w, https:\/\/www.tgrthaber.com\/mavikadin\/wp-content\/uploads\/Adsiz-tasarim-11-60-300x169.png 300w, https:\/\/www.tgrthaber.com\/mavikadin\/wp-content\/uploads\/Adsiz-tasarim-11-60-768x432.png 768w, https:\/\/www.tgrthaber.com\/mavikadin\/wp-content\/uploads\/Adsiz-tasarim-11-60.png 1208w\" sizes=\"(max-width: 640px) 100vw, 640px\" \/><\/p>\n<hr \/>\n<ul>\n<li>Antioksidan \u00f6zelli\u011finden dolay\u0131 bu \u00e7ay\u0131n ayn\u0131 zamanda flavonoid kayna\u011f\u0131 oldu\u011fu da bilinir. Flavonoid, v\u00fccutta antioksidan i\u015flevini ger\u00e7ekle\u015ftiren maddelerdir.<\/li>\n<li>\u0130\u015ftah konusunda s\u0131k\u0131nt\u0131 ya\u015fayan ki\u015filerin i\u015ftah sorununu ortadan kald\u0131r\u0131r.<\/li>\n<li>Haz\u0131ms\u0131zl\u0131\u011fa iyi gelmektedir. Rahat bir mideye kavu\u015fmak i\u00e7in \u00f6nerilir.<\/li>\n<li>Enerji kayb\u0131 ya\u015f\u0131yorsan\u0131z da\u011f \u00e7ay\u0131 \u00e7ok iyi bir enerji kayna\u011f\u0131d\u0131r.<\/li>\n<li>G\u00fc\u00e7l\u00fc bir antioksidan kayna\u011f\u0131 oldu\u011fu i\u00e7in v\u00fccuttaki mikroplar\u0131 k\u0131sa s\u00fcrede yok eder.<\/li>\n<li>V\u00fccuttaki iltihaplar\u0131 temizlemeye yard\u0131mc\u0131 olur.<\/li>\n<li>Mide sanc\u0131 ve kramplar\u0131na iyi gelir. Mide asitlerini dengeler.<\/li>\n<li>Yedi\u011finiz yemekten \u00f6t\u00fcr\u00fc gaz problemi ya\u015fad\u0131\u011f\u0131n\u0131zda da\u011f \u00e7ay\u0131 t\u00fcketmeniz size iyi gelecektir.<\/li>\n<li>\u0130drar yolu enfeksiyonu ya\u015fayan ki\u015filerin k\u0131sa s\u00fcrede v\u00fccutlar\u0131ndan bu enfeksiyonu atmalar\u0131n\u0131 sa\u011flar.<\/li>\n<li>So\u011fuk alg\u0131nl\u0131\u011f\u0131 i\u00e7in etkili olan bu \u00e7ay\u0131 mutlaka doktor tavsiyesi ile t\u00fcketmelisiniz.<\/li>\n<li>Terlemeye \u00e7ok m\u00fcsaitseniz da\u011f \u00e7ay\u0131 ter kokusuna da son vermektedir.<\/li>\n<li>Regl d\u00f6nemi sanc\u0131lar\u0131na iyi gelir.<\/li>\n<li>D\u00fc\u015f\u00fck kan bas\u0131nc\u0131 d\u00fczeylerine yard\u0131mc\u0131 olur. Kalp damarlar\u0131 \u00fczerindeki stresi azalt\u0131r.<\/li>\n<li>Kemik sa\u011fl\u0131\u011f\u0131na da iyi gelen da\u011f \u00e7ay\u0131 kemikleri olu\u015fturan h\u00fccrelerin yenilenmesine \u00f6nemli rol oynar.<\/li>\n<li>Potasyum ve \u00e7inko a\u00e7\u0131s\u0131ndan zengindir.<\/li>\n<li>Da\u011f \u00e7ay\u0131 t\u00fcketmek sa\u00e7 uzamas\u0131na da yard\u0131mc\u0131 olacakt\u0131r.<\/li>\n<\/ul>\n<h3>DA\u011e \u00c7AYI NASIL DEMLEN\u0130R?<\/h3>\n<p>Da\u011f \u00e7ay\u0131 i\u00e7in gerekli malzemeler:<\/p>\n<ul>\n<li>1 su barda\u011f\u0131 kadar kaynar su<\/li>\n<li>1 avu\u00e7 kurutulmu\u015f da\u011f \u00e7ay\u0131 (\u00e7i\u00e7ek ve yapraklar dahil)<\/li>\n<li>Bal ve limon da iste\u011fe g\u00f6re konulabilir.<\/li>\n<\/ul>\n<p><img loading=\"lazy\" decoding=\"async\" class=\"alignnone size-large wp-image-249388\" src=\"https:\/\/www.tgrthaber.com\/mavikadin\/wp-content\/uploads\/Adsiz-tasarim-10-66-1024x576.png\" alt=\"\" width=\"640\" height=\"360\" title=\"\" srcset=\"https:\/\/www.tgrthaber.com\/mavikadin\/wp-content\/uploads\/Adsiz-tasarim-10-66-1024x576.png 1024w, https:\/\/www.tgrthaber.com\/mavikadin\/wp-content\/uploads\/Adsiz-tasarim-10-66-300x169.png 300w, https:\/\/www.tgrthaber.com\/mavikadin\/wp-content\/uploads\/Adsiz-tasarim-10-66-768x432.png 768w, https:\/\/www.tgrthaber.com\/mavikadin\/wp-content\/uploads\/Adsiz-tasarim-10-66.png 1208w\" sizes=\"(max-width: 640px) 100vw, 640px\" \/><\/p>\n<hr \/>\n<h3>1. Y\u00d6NTEM<\/h3>\n<p>Da\u011f \u00e7ay\u0131n\u0131 yapmak i\u00e7in iki farkl\u0131 y\u00f6ntem kullanabilirsiniz. \u0130lk y\u00f6ntem kaynat\u0131p kenara ald\u0131\u011f\u0131n\u0131z s\u0131cak su i\u00e7ine da\u011f \u00e7ay\u0131 eklemek ve 5-10 dakika kadar beklemek.<\/p>\n<p>Ard\u0131ndan kenara ald\u0131\u011f\u0131n\u0131z \u00e7ay\u0131 s\u00fczerek taneleri ay\u0131r\u0131n ve dilerseniz \u0131l\u0131mas\u0131n\u0131 bekleyip i\u00e7ine bal ya da limon ekleyip t\u00fcketebilirsiniz.<\/p>\n<h3>2. Y\u00d6NTEM<\/h3>\n<p>Sert yap\u0131l\u0131 bitkiler i\u00e7in kullan\u0131lan y\u00f6ntem da\u011f \u00e7ay\u0131n\u0131 do\u011frudan kaynatmakt\u0131r.<\/p>\n<p>Bir su barda\u011f\u0131 oda s\u0131cakl\u0131\u011f\u0131nda suyu ve bir avu\u00e7 da\u011f bitkinisi ufak bir demli\u011fe ya da tencereye al\u0131n. Birlikte 5 dakika kadar kaynat\u0131n. Sonras\u0131nda ilk y\u00f6ntemde oldu\u011fu gibi s\u00fczerek taneleri i\u00e7inden al\u0131n ve \u0131l\u0131mas\u0131n\u0131 bekleyin. \u00a0Sade t\u00fcketebilece\u011finiz gibi bal &#8211; limon ekleyerek de i\u00e7ebilirsiniz.<\/p>\n<h3>DA\u011e \u00c7AYININ ZARARLARI<\/h3>\n<p>Kan bas\u0131nc\u0131n\u0131 d\u00fc\u015f\u00fcrd\u00fc\u011f\u00fc i\u00e7in da\u011f \u00e7ay\u0131n\u0131n tansiyon hastalar\u0131 taraf\u0131ndan t\u00fcketilmesi \u00f6nerilmez. D\u00fc\u015f\u00fck kan bas\u0131nc\u0131 durumu olan ki\u015filerde de da\u011f \u00e7ay\u0131 tansiyon d\u00fc\u015f\u00fckl\u00fc\u011f\u00fcne yol a\u00e7abilir.<\/p>\n<p>Doktora dan\u0131\u015farak t\u00fcketmenizi tavsiye etti\u011fimiz da\u011f \u00e7ay\u0131n\u0131 geli\u015fme \u00e7a\u011f\u0131ndaki \u00e7ocuklar\u0131n i\u00e7mesi de kesinlikle risklidir. L\u00fctfen \u00e7ocu\u011funuza bu \u00e7ay\u0131 i\u00e7irmeden \u00f6nce mutlaka doktor onay\u0131 al\u0131n.<\/p>\n<h3>DA\u011e \u00c7AYI KA\u00c7 BARDAK \u0130\u00c7\u0130L\u0130R?<\/h3>\n<p>Da\u011f \u00e7ay\u0131n\u0131n \u015fifas\u0131ndan faydalanmak i\u00e7in mutlaka g\u00fcnde 3 bardak i\u00e7meye \u00f6zen g\u00f6stermelisiniz. E\u011fer bir hafta boyunca s\u00fcrekli i\u00e7tiyseniz kendinize bir hafta dinlenme s\u00fcresi vermelisiniz.<\/p>\n","protected":false},"excerpt":{"rendered":"<p>Mideyi rahatlatarak enerji veren da\u011f \u00e7ay\u0131 (yayla \u00e7ay\u0131) halsizlik i\u00e7in de birebir. Bilimsel ara\u015ft\u0131rmalara g\u00f6re da\u011f \u00e7ay\u0131 \u00e7ok g\u00fc\u00e7l\u00fc bir antioksidan olarak biliniyor. Peki da\u011f \u00e7ay\u0131 nedir, faydalar\u0131 nelerdir? Da\u011f \u00e7ay\u0131 nas\u0131l demlenir? Da\u011f \u00e7ay\u0131 \u00e7e\u015fitleri ve di\u011fer t\u00fcm detaylar\u0131 Mavi Kad\u0131n edit\u00f6r\u00fc derledi.<\/p>\n","protected":false},"author":5,"featured_media":249385,"comment_status":"closed","ping_status":"open","sticky":false,"template":"","format":"standard","meta":{"rank_math_lock_modified_date":false,"footnotes":""},"categories":[78],"tags":[3918,17166,47536,47538,47537],"class_list":["post-65917","post","type-post","status-publish","format-standard","has-post-thumbnail","hentry","category-yasam","tag-bitki-caylari","tag-cay-demleme","tag-dag-cayi","tag-dag-cayi-faydalari","tag-yayla-cayi"],"_links":{"self":[{"href":"https:\/\/www.tgrthaber.com\/mavikadin\/wp-json\/wp\/v2\/posts\/65917"}],"collection":[{"href":"https:\/\/www.tgrthaber.com\/mavikadin\/wp-json\/wp\/v2\/posts"}],"about":[{"href":"https:\/\/www.tgrthaber.com\/mavikadin\/wp-json\/wp\/v2\/types\/post"}],"author":[{"embeddable":true,"href":"https:\/\/www.tgrthaber.com\/mavikadin\/wp-json\/wp\/v2\/users\/5"}],"replies":[{"embeddable":true,"href":"https:\/\/www.tgrthaber.com\/mavikadin\/wp-json\/wp\/v2\/comments?post=65917"}],"version-history":[{"count":3,"href":"https:\/\/www.tgrthaber.com\/mavikadin\/wp-json\/wp\/v2\/posts\/65917\/revisions"}],"predecessor-version":[{"id":249389,"href":"https:\/\/www.tgrthaber.com\/mavikadin\/wp-json\/wp\/v2\/posts\/65917\/revisions\/249389"}],"wp:featuredmedia":[{"embeddable":true,"href":"https:\/\/www.tgrthaber.com\/mavikadin\/wp-json\/wp\/v2\/media\/249385"}],"wp:attachment":[{"href":"https:\/\/www.tgrthaber.com\/mavikadin\/wp-json\/wp\/v2\/media?parent=65917"}],"wp:term":[{"taxonomy":"category","embeddable":true,"href":"https:\/\/www.tgrthaber.com\/mavikadin\/wp-json\/wp\/v2\/categories?post=65917"},{"taxonomy":"post_tag","embeddable":true,"href":"https:\/\/www.tgrthaber.com\/mavikadin\/wp-json\/wp\/v2\/tags?post=65917"}],"curies":[{"name":"wp","href":"https:\/\/api.w.org\/{rel}","templated":true}]}}