{"id":66268,"date":"2024-01-05T09:05:00","date_gmt":"2024-01-05T06:05:00","guid":{"rendered":"https:\/\/new.mavikadin.com\/?p=66268"},"modified":"2024-09-17T00:00:50","modified_gmt":"2024-09-16T21:00:50","slug":"kudus-fatihi-selahaddin-eyyubi-dizisi-nerede-cekiliyor-dizinin-yonetmeni-kim","status":"publish","type":"post","link":"https:\/\/www.tgrthaber.com\/mavikadin\/kudus-fatihi-selahaddin-eyyubi-dizisi-nerede-cekiliyor-dizinin-yonetmeni-kim\/","title":{"rendered":"Kud\u00fcs Fatihi Selahaddin Eyyubi dizisi nerede \u00e7ekiliyor, dizinin y\u00f6netmeni kim?"},"content":{"rendered":"<p>Kud\u00fcs Fatihi Selahaddin Eyyubi dizisi, Pazartesi ak\u015famlar\u0131 TRT 1\u2019de ekranlara gelen reyting rekortmeni dizilerden. G\u00fc\u00e7l\u00fc oyuncu kadrosu, etkileyici senaryosuyla dikkat \u00e7eken dizinin \u00e7ekim yeri \u00e7ok merak ediliyor. Kud\u00fcs Fatihi Selahaddin Eyyubi dizisi nerede \u00e7ekiliyor, dizinin konusu ne, y\u00f6netmeni ve oyuncular\u0131 kim? \u0130\u015fte detaylar\u2026<\/p>\n<p>Kud&uuml;s Fatihi Selahaddin Eyyubi dizisi, son aylar\u0131n ilgiyle takip edilen, ad\u0131ndan en &ccedil;ok s&ouml;z ettiren yap\u0131mlar\u0131ndan. Ba\u015frollerinde U\u011fur G&uuml;ne\u015f, Dilin D&ouml;\u011fer, Tuvana T&uuml;rkay gibi isimlerin yer ald\u0131\u011f\u0131 dizide Kud&uuml;s&rsquo;&uuml; feth eden Eyyubi Devleti&#8217;nin kurucusu ve ilk h&uuml;k&uuml;mdar\u0131 Selahaddin Eyyubi&rsquo;nin hayat\u0131 konu al\u0131n\u0131yor. Peki dizi hangi \u015fehirde ve il&ccedil;ede &ccedil;ekiliyor, dizide ba\u015fka hangi oyuncular var? Dizinin y&ouml;netmeni kim? \u0130\u015fte merak edilen sorular\u0131n cevaplar\u0131&hellip;<\/p>\n<h3>KUD&Uuml;S FAT\u0130H\u0130 SELAHADD\u0130N EYYUB\u0130 NEREDE &Ccedil;EK\u0130L\u0130YOR?<\/h3>\n<p>&#8220;Kud&uuml;s Fatihi Selahaddin Eyyubi&#8221; dizisinin &ccedil;ekimleri &ouml;zellikle seti ziyaret etmek isteyen dizi fanlar\u0131 taraf\u0131ndan ara\u015ft\u0131r\u0131l\u0131yor. Reyting rekortmeni dizinin &ccedil;ekimleri, Kocaeli&#8217;nin Gebze il&ccedil;esinde kurulan bir film platosunda yap\u0131l\u0131yor.<\/p>\n<h3>&nbsp;KUD&Uuml;S FAT\u0130H\u0130 SELAHADD\u0130N EYYUB\u0130 D\u0130Z\u0130S\u0130 NE ZAMAN YAYIMLANIYOR?<\/h3>\n<p>&#8220;Kud&uuml;s Fatihi Selahaddin Eyyubi&#8221; dizisi Pazartesi ak\u015famlar\u0131 saat 20.00&#8217;de TRT 1&rsquo;de ekrana geliyor.<\/p>\n<h3>KUD&Uuml;S FAT\u0130H\u0130 SELAHADD\u0130N EYYUB\u0130 D\u0130Z\u0130S\u0130 Y&Ouml;NETMEN\u0130 K\u0130M?<\/h3>\n<p>Kud&uuml;s Fatihi Selahaddin Eyyubi dizisinde y&ouml;netmen koltu\u011funa Sedat \u0130nci otururken dizinin senaristi ise \u0130sa Y\u0131ld\u0131z.<\/p>\n<p>&ldquo;Kud&uuml;s Fatihi Selahaddin Eyyubi&rdquo;nin Akli Film yap\u0131mc\u0131l\u0131\u011f\u0131n\u0131 &uuml;stlenirken, proje tasar\u0131m\u0131n\u0131 Emre Konuk yap\u0131yor.<\/p>\n<h3>KUD&Uuml;S FAT\u0130H\u0130 SELAHADD\u0130N EYYUB\u0130 D\u0130Z\u0130S\u0130 KONUSU<\/h3>\n<p>Kud&uuml;s Fatihi Selahaddin Eyyubi dizisinde ha&ccedil;l\u0131lara kar\u015f\u0131 verdi\u011fi b&uuml;y&uuml;k m&uuml;cadelelerle tan\u0131nan Kud&uuml;s&rsquo;&uuml; feth eden Eyyubi Devleti&#8217;nin kurucusu ve ilk h&uuml;k&uuml;mdar\u0131 Selahaddin Eyyubi&rsquo;nin hayat\u0131 konu al\u0131n\u0131yor.<\/p>\n<p>Kud&uuml;s Fatihi Selahattin Eyyubi dizisi, 1169 ile 1193 y\u0131llar\u0131 aras\u0131nda h&uuml;k&uuml;m s&uuml;ren Eyyubiler devletinde ge&ccedil;iyor. Ha&ccedil;l\u0131 istilalar\u0131n\u0131n \u0130slam Alemini kas\u0131p kavurdu\u011fu 12.yy da M&uuml;sl&uuml;manlar aras\u0131ndaki birlik ve d&uuml;zen bozulmu\u015f, ba\u015fta mukaddes \u015fehir Kud&uuml;s olmak &uuml;zere bir&ccedil;ok \u0130slam topra\u011f\u0131 Ha&ccedil;l\u0131lar\u0131n eline ge&ccedil;mi\u015ftir. Selahaddin, &ldquo;Cihana adalet Kud&uuml;s&rsquo;e h&uuml;rriyet&rdquo; anlay\u0131\u015f\u0131yla yeti\u015fmi\u015f, bu u\u011furda Ha&ccedil;l\u0131lar ile cenk eden Zengi Devleti himayesindeki Serhad Gazileri&rsquo;nin ba\u015f\u0131d\u0131r. Tap\u0131nak \u015e&ouml;valyeleri, Kud&uuml;s&rsquo;&uuml;n kilidi olan Askalan \u015fehrini ku\u015fat\u0131rlar. Askalan d&uuml;\u015ferse Kud&uuml;s g&uuml;&ccedil;lenecek, Zengi topraklar\u0131 da tehlike alt\u0131nda olacakt\u0131r. Selahaddin buna engel olmak i&ccedil;in Askalanl\u0131lar&rsquo;a yard\u0131m etmek ister. Fakat b&uuml;y&uuml;k bir sorun vard\u0131r: Askalanl\u0131lar, Zengilere d&uuml;\u015fmand\u0131r. Bu sebeple devlet divan\u0131ndan Selahaddin&rsquo;e izin &ccedil;\u0131kmaz. Fakat Selahaddin divan karar\u0131na ra\u011fmen Askalanl\u0131lar&rsquo;a yard\u0131ma gider. Selahaddin&rsquo;i \u015fimdi zorlu engeller bekliyordur. Bu zorlu sava\u015f\u0131n ortas\u0131nda Askalan emirinin k\u0131z\u0131 S&uuml;reyya ile aralar\u0131nda sevda k\u0131v\u0131lc\u0131m\u0131 tutu\u015fur. Fakat bu sava\u015fta birlik olsalar da ikisi de d&uuml;\u015fman taraftad\u0131r. Y&uuml;reklerine d&uuml;\u015fen sevda k\u0131v\u0131lc\u0131m\u0131 b&uuml;y&uuml;yecek midir yoksa bu sava\u015f d&uuml;\u015fmanl\u0131klar\u0131 daha da m\u0131 alevlendirecektir? Selahaddin, Askalan&rsquo;\u0131 kurtar\u0131p hedefine ula\u015fabilecek midir? Devletin ve sultan\u0131n emrini &ccedil;i\u011fneyip Askalan&rsquo;a gitti\u011fi i&ccedil;in cezaland\u0131r\u0131lacak m\u0131d\u0131r?<\/p>\n<p><img decoding=\"async\" src=\"https:\/\/www.tgrthaber.com\/mavikadin\/wp-content\/images\/haberler\/24-01\/04\/kudus-fatihi-selahaddin-eyyubi-4.jpg\" alt=\"\" title=\"\"><\/p>\n<h3>KUD&Uuml;S FAT\u0130H\u0130 SELAHADD\u0130N EYYUB\u0130 D\u0130Z\u0130S\u0130 OYUNCULARI<\/h3>\n<ul>\n<li>U\u011fur G&uuml;ne\u015f (Selahaddin Eyyubi)<\/li>\n<li>Dilin D&ouml;\u011fer (S&uuml;reyya)<\/li>\n<li>Mehmet Ali Nuro\u011flu (Nureddin Zengi)<\/li>\n<li>Kaan &Ccedil;ak\u0131r (Nusreddin)<\/li>\n<li>Hakan Vanl\u0131 (Emir Reyhani)<\/li>\n<li>Ali Er\u015fan Duru (Turan\u015fah)<\/li>\n<li>Erdin&ccedil; G&uuml;lener (&Ouml;mer Mella)<\/li>\n<li>Ekin T&uuml;rkmen (Melike)<\/li>\n<li>Tuvana T&uuml;rkay (Viktoria)<\/li>\n<li>Murat Han (Gabriel)<\/li>\n<li>Buse Varol (Z&uuml;mr&uuml;t)<\/li>\n<li>Seda Y\u0131ld\u0131z (Necmeddin Eyyub)<\/li>\n<li>Zeynep Kumral (Fatma)<\/li>\n<li>Ece &Ouml;zdikici (Berra)<\/li>\n<li>Sezgin Erdemir (\u015eirkuh)<\/li>\n<li>Do\u011fan Bayraktar (Ahmed)<\/li>\n<li>&Ouml;zg&uuml;r Cem Tu\u011fluk (Pars)<\/li>\n<li>Y\u0131ld\u0131r\u0131m G&uuml;c&uuml;k (Mansur)<\/li>\n<li>Kaan Uluca (Baldvin)<\/li>\n<li>Sezgin Uzunbekiro\u011flu (Esma)<\/li>\n<li>Baran And\u0131&ccedil; (Ali)<\/li>\n<li>Alou Traore (\u0130brahim)<\/li>\n<\/ul>\n<h3>EYYUB\u0130LER DEVLET\u0130N\u0130 K\u0130M YIKTI?<\/h3>\n<p>Eyyubiler devleti Meml&uuml;kl&uuml;ler taraf\u0131ndan y\u0131k\u0131ld\u0131.<\/p>\n<h3>SELAHADD\u0130N EYY&Uuml;B\u0130 MEZARI NEREDE?<\/h3>\n<p>Selahaddin Eyyubi&#8217;nin mezar\u0131 Suriye&rsquo;nin \u015eam \u015fehrindedir.<\/p><\/p>\n","protected":false},"excerpt":{"rendered":"<p>Kud\u00fcs Fatihi Selahaddin Eyyubi dizisi, Pazartesi ak\u015famlar\u0131 TRT 1\u2019de ekranlara gelen reyting rekortmeni dizilerden. G\u00fc\u00e7l\u00fc oyuncu kadrosu, etkileyici senaryosuyla dikkat \u00e7eken dizinin \u00e7ekim yeri \u00e7ok merak ediliyor. Kud\u00fcs Fatihi Selahaddin Eyyubi dizisi nerede \u00e7ekiliyor, dizinin konusu ne, y\u00f6netmeni ve oyuncular\u0131 kim? \u0130\u015fte detaylar\u2026 Kud&uuml;s Fatihi Selahaddin Eyyubi dizisi, son aylar\u0131n ilgiyle takip edilen, ad\u0131ndan en [&hellip;]<\/p>\n","protected":false},"author":30,"featured_media":66267,"comment_status":"closed","ping_status":"open","sticky":false,"template":"","format":"standard","meta":{"rank_math_lock_modified_date":false,"footnotes":""},"categories":[76],"tags":[39510,47680,47681,6463,43850,1795],"class_list":["post-66268","post","type-post","status-publish","format-standard","has-post-thumbnail","hentry","category-magazin","tag-dizi-nerede-cekiliyor","tag-eyyubi-dizisi","tag-gebze-cekimleri","tag-selahaddin-eyyubi","tag-trt-1-dizileri","tag-yerli"],"_links":{"self":[{"href":"https:\/\/www.tgrthaber.com\/mavikadin\/wp-json\/wp\/v2\/posts\/66268"}],"collection":[{"href":"https:\/\/www.tgrthaber.com\/mavikadin\/wp-json\/wp\/v2\/posts"}],"about":[{"href":"https:\/\/www.tgrthaber.com\/mavikadin\/wp-json\/wp\/v2\/types\/post"}],"author":[{"embeddable":true,"href":"https:\/\/www.tgrthaber.com\/mavikadin\/wp-json\/wp\/v2\/users\/30"}],"replies":[{"embeddable":true,"href":"https:\/\/www.tgrthaber.com\/mavikadin\/wp-json\/wp\/v2\/comments?post=66268"}],"version-history":[{"count":1,"href":"https:\/\/www.tgrthaber.com\/mavikadin\/wp-json\/wp\/v2\/posts\/66268\/revisions"}],"predecessor-version":[{"id":66269,"href":"https:\/\/www.tgrthaber.com\/mavikadin\/wp-json\/wp\/v2\/posts\/66268\/revisions\/66269"}],"wp:featuredmedia":[{"embeddable":true,"href":"https:\/\/www.tgrthaber.com\/mavikadin\/wp-json\/wp\/v2\/media\/66267"}],"wp:attachment":[{"href":"https:\/\/www.tgrthaber.com\/mavikadin\/wp-json\/wp\/v2\/media?parent=66268"}],"wp:term":[{"taxonomy":"category","embeddable":true,"href":"https:\/\/www.tgrthaber.com\/mavikadin\/wp-json\/wp\/v2\/categories?post=66268"},{"taxonomy":"post_tag","embeddable":true,"href":"https:\/\/www.tgrthaber.com\/mavikadin\/wp-json\/wp\/v2\/tags?post=66268"}],"curies":[{"name":"wp","href":"https:\/\/api.w.org\/{rel}","templated":true}]}}