{"id":66454,"date":"2024-01-08T22:11:52","date_gmt":"2024-01-08T19:11:52","guid":{"rendered":"https:\/\/new.mavikadin.com\/?p=66454"},"modified":"2024-09-17T00:10:27","modified_gmt":"2024-09-16T21:10:27","slug":"cumhurbaskani-erdoganin-liderligine-kibariyeden-ovgu","status":"publish","type":"post","link":"https:\/\/www.tgrthaber.com\/mavikadin\/cumhurbaskani-erdoganin-liderligine-kibariyeden-ovgu\/","title":{"rendered":"Cumhurba\u015fkan\u0131 Erdo\u011fan&#8217;\u0131n liderli\u011fine Kibariye&#8217;den \u00f6vg\u00fc"},"content":{"rendered":"<p>\u015eark\u0131c\u0131 Kibariye, \u00f6nceki y\u0131llarda romanlar\u0131n d\u0131\u015fland\u0131\u011f\u0131n\u0131 ancak y\u00f6netimin de\u011fi\u015fmesiyle birlikte de\u011fer g\u00f6rd\u00fc\u011f\u00fcn\u00fc ifade etti\u011fi r\u00f6portaj\u0131yla g\u00fcndem oldu.<\/p>\n<p>G&uuml;nayd\u0131n program\u0131na kat\u0131lan Kibariye, ge&ccedil;mi\u015fte roman kimli\u011fi sebebiyle maruz kald\u0131\u011f\u0131 ayr\u0131mc\u0131l\u0131\u011fa dair \u015funlar\u0131 dile getirdi:<\/p>\n<p>&#8220;\u015eimdi Romanlar alt\u0131n &ccedil;a\u011f\u0131n\u0131 ya\u015f\u0131yor T&uuml;rkiye&#8217;de. Cumhurba\u015fkan\u0131 Erdo\u011fan &uuml;lkemiz i&ccedil;in b&uuml;y&uuml;k bir \u015fans. Romanlar i&ccedil;in de &ccedil;ok &ouml;nemli \u015feyler yapt\u0131.&#8221;<\/p>\n<h3>&#8220;ROMANLAR ALTIN &Ccedil;A\u011eINI YA\u015eIYOR&#8221;<\/h3>\n<p>Romanlar\u0131n alt\u0131n &ccedil;a\u011f\u0131n\u0131 ya\u015fad\u0131\u011f\u0131n\u0131 vurgulayan Kibariye, \u015fu s&ouml;zleri dile getirdi: &#8220;Allah kat\u0131nda b&uuml;t&uuml;n insanlar e\u015fittir, sadece takvada ayr\u0131l\u0131r. Bu hakikatlere hakim olan birisi olarak &ccedil;irkin laflar\u0131 hi&ccedil; duymad\u0131m, kendimi ta\u015f\u0131d\u0131m, hor g&ouml;ren insanlar zaman\u0131 geldi &ouml;n&uuml;mde d&uuml;\u011fme ilikledi. Hamdolsun do\u011fru kul y\u0131k\u0131lmaz, Allah insan\u0131 \u015fa\u015f\u0131rtmas\u0131n ve \u015f\u0131martmas\u0131n. Roman kimli\u011fimle gurur duyuyorum. Ge&ccedil;mi\u015fte Romanlar d\u0131\u015flan\u0131yordu, Roman oldu\u011fumuzu zaman zaman a&ccedil;\u0131k&ccedil;a dile getiremiyorduk bile&#8230; \u015eimdi Romanlar alt\u0131n &ccedil;a\u011f\u0131n\u0131 ya\u015f\u0131yor T&uuml;rkiye&#8217;de. Devletimiz her konuda Roman vatanda\u015flar\u0131m\u0131za destek &ccedil;\u0131k\u0131yor. Her a&ccedil;\u0131dan Romanlar bu &uuml;lkede ikinci s\u0131n\u0131f vatanda\u015f olmad\u0131klar\u0131n\u0131 hissediyor. Devletimizi her zaman yanlar\u0131nda hissediyor. Eskiye g&ouml;re \u015fimdi her \u015fey daha g&uuml;zel. Cumhurba\u015fkan\u0131m\u0131za bu konuda minnettar\u0131m. Eminim Cumhurba\u015fkan\u0131m\u0131z daha da g&uuml;zel imkanlar sunacak Romanlara.&#8221;<\/p>\n<p><img decoding=\"async\" src=\"https:\/\/https:\/\/www.tgrthaber.com\/mavikadin\/wp-content\/images\/haberler\/24-01\/08\/ak_parti_gecesibde_sahne_alan_kibariyeden_samimi_sozler-1.jpg\" alt=\"\" title=\"\"><\/p>\n<h3>K\u0130BAR\u0130YEDE CUMHURBA\u015eKANI&#8217;NIN \u015eANS OLDU\u011eUNU S&Ouml;YLED\u0130<\/h3>\n<p>Cumhurba\u015fkan\u0131m\u0131z\u0131n liderlik performans\u0131n\u0131 nas\u0131l de\u011ferlendiriyorsunuz sorusuna cevap veren Kibariye, \u015fu ifadeleri kulland\u0131: &#8220;Cumhurba\u015fkan\u0131m\u0131za Allah sa\u011fl\u0131k s\u0131hhat versin, adam gibi adam. Hakikatleri bilen, son derece d&uuml;r&uuml;st bir lider. &Uuml;lkemiz i&ccedil;in b&uuml;y&uuml;k bir \u015fans. &Ccedil;ok b&uuml;y&uuml;k i\u015fler yapt\u0131 T&uuml;rkiye i&ccedil;in. Romanlar i&ccedil;in de &ccedil;ok &ouml;nemli \u015feyler yapt\u0131. Onun d&ouml;neminde kendimizi bu &uuml;lkenin birinci s\u0131n\u0131f vatanda\u015f\u0131 olarak g&ouml;rd&uuml;k, itilmedik, aksine k\u0131ymet g&ouml;rd&uuml;k. Allah&#8217;\u0131m Cumhurba\u015fkan\u0131m\u0131z\u0131n ve e\u015finin g&ouml;nl&uuml;ne g&ouml;re versin in\u015fallah.&#8221;<\/p>\n<h3>K\u0130BAR\u0130YE K\u0130MD\u0130R?<\/h3>\n<p>Bahriye Tokmak olarak bilinen Kibariye, 10 A\u011fustos 1960 tarihinde &Ccedil;ingene k&ouml;kenli Do\u011fan ve Makbule Tokmak &ccedil;iftinin ilk &ccedil;ocu\u011fu olarak Manisa&#8217;n\u0131n Akhisar il&ccedil;esi Kapakl\u0131 k&ouml;y&uuml;nde d&uuml;nyaya geldi. Do\u011fdu\u011funda ebeveynleri hen&uuml;z evlenmemi\u015fti, bu nedenle n&uuml;fus kay\u0131tlar\u0131na do\u011fum tarihi daha sonra 1959 olarak ge&ccedil;ti. 1981 y\u0131l\u0131nda do\u011fru tarih i&ccedil;in mahkemeye ba\u015fvurarak do\u011fum tarihini 1960 olarak d&uuml;zeltti. Ailenin toplamda 8 &ccedil;ocu\u011fu oldu ve aile, ge&ccedil;imini pamuk ve t&uuml;t&uuml;n toplay\u0131c\u0131l\u0131\u011f\u0131 yaparak sa\u011fl\u0131yordu. Kibariye, ekonomik zorluklar nedeniyle hi&ccedil; okula gidemedi.<\/p>\n<p>\u0130lk sahne deneyimini Akhisar&#8217;daki bir gazinoda ya\u015fad\u0131. Daha sonra ayn\u0131 gazinoda &ccedil;al\u0131\u015fan bir arkada\u015f\u0131n\u0131n arac\u0131l\u0131\u011f\u0131yla 1974 y\u0131l\u0131nda \u0130zmir&#8217;deki bir pavyona sahne almak i&ccedil;in gitti ancak pavyon sahipleri, Kibariye&#8217;nin sesini dinlemeden sadece fiziksel g&ouml;r&uuml;n&uuml;m&uuml;ne bakarak i\u015fe almad\u0131. \u0130ki y\u0131l sonra ayn\u0131 mek&acirc;na tekrar ba\u015fvurdu, bu sefer pavyon sahibiyle anla\u015farak sahne ald\u0131 ve 150 lira &uuml;cret kazand\u0131.<\/p>\n<p>1980&#8217;lerde \u0130zmir&#8217;in sahnelerinde performans sergileyen Kibariye, o d&ouml;nemde \u0130zmir Fuar\u0131&#8217;na kat\u0131lan bir&ccedil;ok sanat&ccedil;\u0131n\u0131n dikkatini &ccedil;ekti, aralar\u0131nda Muzaffer &Ouml;zp\u0131nar da bulunmaktayd\u0131. &Uuml;nl&uuml; bestek&acirc;r Muzaffer &Ouml;zp\u0131nar, Kibariye&#8217;yi \u0130stanbul&#8217;da Stardust gazinosunu i\u015fleten Turgut Aky&uuml;z&#8217;e &ouml;nerdi. Gazinocu Turgut Aky&uuml;z taraf\u0131ndan b&uuml;y&uuml;k bir be\u011feni alan Kibariye, Stardust gazinosunda sahne almaya ba\u015flad\u0131. K\u0131sa s&uuml;rede sesi, yorumu ve do\u011fall\u0131\u011f\u0131yla medyan\u0131n ilgisini &ccedil;eken Kibariye, bir teklif &uuml;zerine (1981) TRT Televizyonunda yer ald\u0131. 1982&#8217;de ilk kez bir sinema filminde rol ald\u0131 ve &#8220;Kim Bilir&#8221; adl\u0131 par&ccedil;a ile &ccedil;\u0131k\u0131\u015f yakalayarak 1981&#8217;den 1990&#8217;lara kadar toplam 21 alb&uuml;m yay\u0131mlad\u0131.<\/p>\n<p>Kibariye&#8217;nin halk\u0131n yo\u011fun ilgisi sayesinde gazinolarda, gece kul&uuml;plerinde, Anadolu ve Avrupa turnelerinde performans sergileme f\u0131rsat\u0131 buldu. Bu &ccedil;\u0131k\u0131\u015f\u0131, &ouml;zel TV kanallar\u0131n\u0131n dikkatini &ccedil;ekti. \u0130lk show program\u0131 &#8220;Dar\u0131s\u0131 Ba\u015f\u0131n\u0131za&#8221; adl\u0131 evlendirmeyi konu alan e\u011flence program\u0131yla Kanal 6&#8217;da ba\u015flad\u0131 ve daha sonra &#8220;E\u011flen Co\u015f \u0130\u015fte Kibo\u015f&#8221; ad\u0131yla ATV&#8217;de devam etti. Star TV&#8217;de &#8220;Kibariye Show&#8221; ve son olarak TGRT&#8217;de yap\u0131lan programlar ile devam etti. 2011 y\u0131l\u0131 Ekim ay\u0131nda Kanalt&uuml;rk&#8217;te &#8220;Kibariye&#8221; adl\u0131 programa ba\u015flad\u0131. Kibariye&#8217;nin m&uuml;zik kariyerinde &ccedil;al\u0131\u015ft\u0131\u011f\u0131 \u015firketler aras\u0131nda S&uuml;per Atlas Plak-Sembol Plak, Bay\u015fu M&uuml;zik, Makro M&uuml;zik-Banko ve Prestij M&uuml;zik bulunmaktad\u0131r. 3 Ocak 2017 tarihinde FOX&#8217;ta &#8220;Ben S&ouml;ylerim&#8221; adl\u0131 ses yar\u0131\u015fmas\u0131nda Serdar Orta&ccedil; ile birlikte j&uuml;ri &uuml;yeli\u011fi yapm\u0131\u015ft\u0131r. Ayr\u0131ca, ATV&#8217;de yay\u0131nlanan Oryantal Star yar\u0131\u015fmas\u0131nda j&uuml;ri olarak g&ouml;rev alm\u0131\u015ft\u0131r. 2016 y\u0131l\u0131nda 85. \u0130zmir Enternasyonal Fuar\u0131&#8217;nda Tepecik Filarmoni Orkestras\u0131 ile bir konser veren Kibariye, \u0130stanbul Ma&ccedil;ka&#8217;da d&uuml;zenlenen K&uuml;&ccedil;&uuml;k&ccedil;iftlik Park&#8217;ta ki Yeni Bi&rsquo; Fest&#8217;te Kenan Do\u011fulu ile birlikte sahne alm\u0131\u015ft\u0131r.<\/p><\/p>\n","protected":false},"excerpt":{"rendered":"<p>\u015eark\u0131c\u0131 Kibariye, \u00f6nceki y\u0131llarda romanlar\u0131n d\u0131\u015fland\u0131\u011f\u0131n\u0131 ancak y\u00f6netimin de\u011fi\u015fmesiyle birlikte de\u011fer g\u00f6rd\u00fc\u011f\u00fcn\u00fc ifade etti\u011fi r\u00f6portaj\u0131yla g\u00fcndem oldu. G&uuml;nayd\u0131n program\u0131na kat\u0131lan Kibariye, ge&ccedil;mi\u015fte roman kimli\u011fi sebebiyle maruz kald\u0131\u011f\u0131 ayr\u0131mc\u0131l\u0131\u011fa dair \u015funlar\u0131 dile getirdi: &#8220;\u015eimdi Romanlar alt\u0131n &ccedil;a\u011f\u0131n\u0131 ya\u015f\u0131yor T&uuml;rkiye&#8217;de. Cumhurba\u015fkan\u0131 Erdo\u011fan &uuml;lkemiz i&ccedil;in b&uuml;y&uuml;k bir \u015fans. Romanlar i&ccedil;in de &ccedil;ok &ouml;nemli \u015feyler yapt\u0131.&#8221; &#8220;ROMANLAR ALTIN &Ccedil;A\u011eINI [&hellip;]<\/p>\n","protected":false},"author":2,"featured_media":66453,"comment_status":"closed","ping_status":"open","sticky":false,"template":"","format":"standard","meta":{"rank_math_lock_modified_date":false,"footnotes":""},"categories":[76],"tags":[47766,4371,3015,2074,1876],"class_list":["post-66454","post","type-post","status-publish","format-standard","has-post-thumbnail","hentry","category-magazin","tag-altin-cag","tag-erdogan","tag-kibariye","tag-liderlik","tag-roman"],"_links":{"self":[{"href":"https:\/\/www.tgrthaber.com\/mavikadin\/wp-json\/wp\/v2\/posts\/66454"}],"collection":[{"href":"https:\/\/www.tgrthaber.com\/mavikadin\/wp-json\/wp\/v2\/posts"}],"about":[{"href":"https:\/\/www.tgrthaber.com\/mavikadin\/wp-json\/wp\/v2\/types\/post"}],"author":[{"embeddable":true,"href":"https:\/\/www.tgrthaber.com\/mavikadin\/wp-json\/wp\/v2\/users\/2"}],"replies":[{"embeddable":true,"href":"https:\/\/www.tgrthaber.com\/mavikadin\/wp-json\/wp\/v2\/comments?post=66454"}],"version-history":[{"count":1,"href":"https:\/\/www.tgrthaber.com\/mavikadin\/wp-json\/wp\/v2\/posts\/66454\/revisions"}],"predecessor-version":[{"id":66455,"href":"https:\/\/www.tgrthaber.com\/mavikadin\/wp-json\/wp\/v2\/posts\/66454\/revisions\/66455"}],"wp:featuredmedia":[{"embeddable":true,"href":"https:\/\/www.tgrthaber.com\/mavikadin\/wp-json\/wp\/v2\/media\/66453"}],"wp:attachment":[{"href":"https:\/\/www.tgrthaber.com\/mavikadin\/wp-json\/wp\/v2\/media?parent=66454"}],"wp:term":[{"taxonomy":"category","embeddable":true,"href":"https:\/\/www.tgrthaber.com\/mavikadin\/wp-json\/wp\/v2\/categories?post=66454"},{"taxonomy":"post_tag","embeddable":true,"href":"https:\/\/www.tgrthaber.com\/mavikadin\/wp-json\/wp\/v2\/tags?post=66454"}],"curies":[{"name":"wp","href":"https:\/\/api.w.org\/{rel}","templated":true}]}}