{"id":68101,"date":"2024-02-07T09:08:00","date_gmt":"2024-02-07T06:08:00","guid":{"rendered":"https:\/\/new.mavikadin.com\/?p=68101"},"modified":"2025-02-24T15:32:16","modified_gmt":"2025-02-24T12:32:16","slug":"basak-gumulcinelioglu-kimdir-kac-yasinda-hangi-dizilerde-oynadi","status":"publish","type":"post","link":"https:\/\/www.tgrthaber.com\/mavikadin\/basak-gumulcinelioglu-kimdir-kac-yasinda-hangi-dizilerde-oynadi\/","title":{"rendered":"Ba\u015fak G\u00fcm\u00fclcinelio\u011flu kimdir, ka\u00e7 ya\u015f\u0131nda? Hangi dizilerde oynad\u0131?"},"content":{"rendered":"<p>Ba\u015fak G\u00fcm\u00fclcinelio\u011flu T\u00fcrk dizi ve tiyatro oyuncusudur.\u00a0 22 Ekim 1991 y\u0131l\u0131nda Almanya&#8217;da d\u00fcnyaya geldi. \u0130lk olarak Kalbim Yang\u0131n Yeri isimli dizide oynad\u0131. Daha sonra Erkenci Ku\u015f, 8. G\u00fcn, Sen \u00c7al Kap\u0131m\u0131, Yarg\u0131 gibi reyting rekortmeni dizilerde yer ald\u0131. Sosyal medyay\u0131 aktif olarak kullanan G\u00fcm\u00fclcinelio\u011flu mimarl\u0131k mezunu. 2022 y\u0131l\u0131nda kendisi gibi oyuncu \u00c7a\u011fr\u0131 \u00c7\u0131tanak ile d\u00fcnyaevine girdi.<\/p>\n<h3 id=\"h_3060989114001707286185842\">BA\u015eAK G\u00dcM\u00dcLC\u0130NEL\u0130O\u011eLU&#8217;NUN B\u0130YOGRAF\u0130S\u0130<\/h3>\n<p><strong>Ad\u0131:<\/strong> Ba\u015fak G\u00fcm\u00fclcinelio\u011flu<\/p>\n<p><strong>Do\u011fum Tarihi: <\/strong>22 Ekim 1991<\/p>\n<p><strong>Do\u011fum Yeri:<\/strong>Almanya<\/p>\n<p><strong>Boyu: <\/strong>1.65<\/p>\n<p><strong>Kilosu: <\/strong>49<\/p>\n<p><strong>Burcu: <\/strong>Terazi<\/p>\n<p><strong>G\u00f6z Rengi: <\/strong>Kahverengi<\/p>\n<p><strong>Sa\u00e7 Rengi: <\/strong>K\u0131z\u0131l<\/p>\n<p><strong>Medeni Durumu: <\/strong>Evli<\/p>\n<p><strong>E\u015finin Ad\u0131: <\/strong>\u00c7a\u011fr\u0131 \u00c7\u0131tanak<\/p>\n<p><strong>Instagram hesab\u0131:<\/strong> @basakgumulcinelioglu<\/p>\n<figure id=\"attachment_137582\" aria-describedby=\"caption-attachment-137582\" style=\"width: 1208px\" class=\"wp-caption alignnone\"><img loading=\"lazy\" decoding=\"async\" class=\"wp-image-137582\" src=\"https:\/\/www.tgrthaber.com\/mavikadin\/wp-content\/uploads\/basak-gumulcinelioglu-kimdir-kac-yasinda-hangi-dizilerde-oynadi-5.jpg\" alt=\"ba\u015fak g\u00fcm\u00fclcinelio\u011flu kimdir, ka\u00e7 ya\u015f\u0131nda, hangi dizilerde oynad\u0131\" width=\"1208\" height=\"680\" title=\"\" srcset=\"https:\/\/www.tgrthaber.com\/mavikadin\/wp-content\/uploads\/basak-gumulcinelioglu-kimdir-kac-yasinda-hangi-dizilerde-oynadi-5.jpg 1920w, https:\/\/www.tgrthaber.com\/mavikadin\/wp-content\/uploads\/basak-gumulcinelioglu-kimdir-kac-yasinda-hangi-dizilerde-oynadi-5-300x169.jpg 300w, https:\/\/www.tgrthaber.com\/mavikadin\/wp-content\/uploads\/basak-gumulcinelioglu-kimdir-kac-yasinda-hangi-dizilerde-oynadi-5-1024x576.jpg 1024w, https:\/\/www.tgrthaber.com\/mavikadin\/wp-content\/uploads\/basak-gumulcinelioglu-kimdir-kac-yasinda-hangi-dizilerde-oynadi-5-768x432.jpg 768w, https:\/\/www.tgrthaber.com\/mavikadin\/wp-content\/uploads\/basak-gumulcinelioglu-kimdir-kac-yasinda-hangi-dizilerde-oynadi-5-1536x864.jpg 1536w\" sizes=\"(max-width: 1208px) 100vw, 1208px\" \/><figcaption id=\"caption-attachment-137582\" class=\"wp-caption-text\">\u00a0<\/figcaption><\/figure>\n<hr \/>\n<h3 id=\"h_9031156296461707286197782\">BA\u015eAK G\u00dcM\u00dcLC\u0130NEL\u0130O\u011eLU K\u0130MD\u0130R?<\/h3>\n<p>Ba\u015fak G\u00fcm\u00fclcinelio\u011flu, 22 Ekim 1991 tarihinde Almanya&#8217;n\u0131n K\u00f6ln \u015fehrinde d\u00fcnyaya geldi. \u0130stanbul Bah\u00e7e\u015fehir \u00dcniversitesi Mimarl\u0131k B\u00f6l\u00fcm\u00fc\u2019nde mezun oldu, \u0130stanbul Teknik \u00dcniversitesi\u2019nde Y\u00fcksek Lisans yapt\u0131. Y\u00fcksek lisansa devam ederken M\u00fcjdat Gezen Sanat Merkezi&#8217;nde oyunculuk, ard\u0131ndan Londra&#8217;daki LAMDA Oyunculuk Okulu\u2019nda,\u00a0 \u0130ngiltere London Academy of Music, Dramatic Arts ve Amerika Kansas&#8217;ta da m\u00fczikal oyunculuk \u00fczerine e\u011fitim ald\u0131.<\/p>\n<p>Oyunculu\u011fa ba\u015flamas\u0131 tiyatro ile oldu.2017 y\u0131l\u0131nda \u201cBarut F\u0131\u00e7\u0131s\u0131\u201d isimli tiyatro oyununda yer ald\u0131.<\/p>\n<p>Televizyon dizilerine ise Kalbim Yang\u0131n Yeri ile ba\u015flad\u0131. Daha sonra 8. G\u00fcn, Erkenci Ku\u015f, Sen \u00c7al Kap\u0131m\u0131, Sipahi, Bizden Olur mu, Yarg\u0131 ve Bir Derdim Var dizilerinde oynad\u0131.<\/p>\n<p>Ba\u015fak G\u00fcm\u00fclcinelio\u011flu, 2022 Ekim ay\u0131nda kendisi gibi oyuncu \u00c7a\u011fr\u0131 \u00c7\u0131tanak ile d\u00fcnyaevine girdi.<\/p>\n<figure id=\"attachment_137583\" aria-describedby=\"caption-attachment-137583\" style=\"width: 1208px\" class=\"wp-caption alignnone\"><img loading=\"lazy\" decoding=\"async\" class=\"wp-image-137583\" src=\"https:\/\/www.tgrthaber.com\/mavikadin\/wp-content\/uploads\/basak-gumulcinelioglu-kimdir-kac-yasinda-hangi-dizilerde-oynadi-4.jpg\" alt=\"ba\u015fak g\u00fcm\u00fclcinelio\u011flu kimdir, ka\u00e7 ya\u015f\u0131nda, hangi dizilerde oynad\u0131\" width=\"1208\" height=\"680\" title=\"\" srcset=\"https:\/\/www.tgrthaber.com\/mavikadin\/wp-content\/uploads\/basak-gumulcinelioglu-kimdir-kac-yasinda-hangi-dizilerde-oynadi-4.jpg 1920w, https:\/\/www.tgrthaber.com\/mavikadin\/wp-content\/uploads\/basak-gumulcinelioglu-kimdir-kac-yasinda-hangi-dizilerde-oynadi-4-300x169.jpg 300w, https:\/\/www.tgrthaber.com\/mavikadin\/wp-content\/uploads\/basak-gumulcinelioglu-kimdir-kac-yasinda-hangi-dizilerde-oynadi-4-1024x576.jpg 1024w, https:\/\/www.tgrthaber.com\/mavikadin\/wp-content\/uploads\/basak-gumulcinelioglu-kimdir-kac-yasinda-hangi-dizilerde-oynadi-4-768x432.jpg 768w, https:\/\/www.tgrthaber.com\/mavikadin\/wp-content\/uploads\/basak-gumulcinelioglu-kimdir-kac-yasinda-hangi-dizilerde-oynadi-4-1536x864.jpg 1536w\" sizes=\"(max-width: 1208px) 100vw, 1208px\" \/><figcaption id=\"caption-attachment-137583\" class=\"wp-caption-text\">\u00a0<\/figcaption><\/figure>\n<hr \/>\n<h3 id=\"h_91160489510391707286220385\">BA\u015eAK G\u00dcM\u00dcLC\u0130NEL\u0130O\u011eLU ASLEN NEREL\u0130?<\/h3>\n<p>Ba\u015fak G\u00fcm\u00fclcinelio\u011flu internette yazan baz\u0131 kaynaklara g\u00f6re Almanya do\u011fumlu, baz\u0131 kaynaklarda ise \u0130stanbul do\u011fumlu oldu\u011fu yazan Ba\u015fak G\u00fcm\u00fclcinelio\u011flu\u2019nun ailesinin Osmanl\u0131 \u0130mparatorlu\u011fu y\u0131k\u0131ld\u0131\u011f\u0131nda G\u00fcm\u00fclcine\u2019den g\u00f6\u00e7 eden T\u00fcrk az\u0131nl\u0131ktan oldu\u011fu d\u00fc\u015f\u00fcn\u00fcl\u00fcyor.<\/p>\n<h3 id=\"h_30159617512441707286231258\">BA\u015eAK G\u00dcM\u00dcLC\u0130NEL\u0130O\u011eLU KA\u00c7 YA\u015eINDA?<\/h3>\n<p>Ba\u015fak G\u00fcm\u00fclcinelio\u011flu 1991 do\u011fumlu, 33 ya\u015f\u0131ndad\u0131r.<\/p>\n<h3 id=\"h_27528213115251707286243329\">BA\u015eAK G\u00dcM\u00dcLC\u0130NEL\u0130O\u011eLU \u015eARKICI MI?<\/h3>\n<p>Ba\u015fak G\u00fcm\u00fclcinelio\u011flu seslendirdi\u011fi \u00e7ok say\u0131da \u015fark\u0131 olmas\u0131na ra\u011fmen kariyerini oyuncu olarak s\u00fcrd\u00fcr\u00fcyor.<\/p>\n<figure id=\"attachment_137584\" aria-describedby=\"caption-attachment-137584\" style=\"width: 1208px\" class=\"wp-caption alignnone\"><img loading=\"lazy\" decoding=\"async\" class=\"wp-image-137584\" src=\"https:\/\/www.tgrthaber.com\/mavikadin\/wp-content\/uploads\/basak-gumulcinelioglu-kimdir-kac-yasinda-hangi-dizilerde-oynadi-2.jpg\" alt=\"ba\u015fak g\u00fcm\u00fclcinelio\u011flu kimdir, ka\u00e7 ya\u015f\u0131nda, hangi dizilerde oynad\u0131\" width=\"1208\" height=\"680\" title=\"\" srcset=\"https:\/\/www.tgrthaber.com\/mavikadin\/wp-content\/uploads\/basak-gumulcinelioglu-kimdir-kac-yasinda-hangi-dizilerde-oynadi-2.jpg 1920w, https:\/\/www.tgrthaber.com\/mavikadin\/wp-content\/uploads\/basak-gumulcinelioglu-kimdir-kac-yasinda-hangi-dizilerde-oynadi-2-300x169.jpg 300w, https:\/\/www.tgrthaber.com\/mavikadin\/wp-content\/uploads\/basak-gumulcinelioglu-kimdir-kac-yasinda-hangi-dizilerde-oynadi-2-1024x576.jpg 1024w, https:\/\/www.tgrthaber.com\/mavikadin\/wp-content\/uploads\/basak-gumulcinelioglu-kimdir-kac-yasinda-hangi-dizilerde-oynadi-2-768x432.jpg 768w, https:\/\/www.tgrthaber.com\/mavikadin\/wp-content\/uploads\/basak-gumulcinelioglu-kimdir-kac-yasinda-hangi-dizilerde-oynadi-2-1536x864.jpg 1536w\" sizes=\"(max-width: 1208px) 100vw, 1208px\" \/><figcaption id=\"caption-attachment-137584\" class=\"wp-caption-text\">\u00a0<\/figcaption><\/figure>\n<hr \/>\n<h3>BA\u015eAK G\u00dcM\u00dcLC\u0130NEL\u0130O\u011eLU\u2019NUN R\u00d6PORTAJLARINDAN KES\u0130TLER<\/h3>\n<p><strong>Oyunculuk Ser\u00fcvenin Nas\u0131l Ba\u015flad\u0131?<\/strong><\/p>\n<p>Liseye geldi\u011fimde, yurtd\u0131\u015f\u0131ndaki yaz okullar\u0131na gitmeye ba\u015flad\u0131m. Her y\u0131l yaz\u0131lar\u0131m\u0131 \u0130ngiltere, \u0130svi\u00e7re, Bel\u00e7ika ve Almanya\u2019daki dil okullar\u0131nda ge\u00e7irdim. Sonunda da AFS adl\u0131 bir programla burs kazan\u0131p Amerika\u2019ya gittim. Devam\u0131nda m\u00fczikal tiyatroya ba\u015flad\u0131m. Amerika\u2019ya gitmeden Bah\u00e7elievler Anadolu Lisesi\u2019nden mezun olmu\u015f, \u00fcniversite s\u0131nav\u0131na girmi\u015f ve mimarl\u0131k b\u00f6l\u00fcm\u00fcn\u00fc kazanm\u0131\u015ft\u0131m zaten. O zamanlar mimar olmak istedi\u011fimi d\u00fc\u015f\u00fcn\u00fcyordum ve \u00e7evremde buna inanmam\u0131 sa\u011flayacak \u00e7ok fazla olumlu sebep vard\u0131. Ablam mimar, babam ise bu konuda \u00e7ok donan\u0131ml\u0131 ve yeteneklidir. Bu sebeple beni bu konuda \u00e7ok desteklediler. Ancak zamanla, \u00f6zellikle mimarl\u0131ktan mezun olduktan ve \u0130T\u00dc\u2019de mimari tasar\u0131m y\u00fcksek lisans\u0131na ba\u015flay\u0131p ayn\u0131 zamanda da mimar olarak \u00e7al\u0131\u015fmaya ba\u015flad\u0131ktan sonra, benim i\u00e7in \u201cher sabah mutlu uyanmam\u0131 sa\u011flayacak\u201d mesle\u011fin mimarl\u0131k olmad\u0131\u011f\u0131na ve oyunculuk karar\u0131m\u0131n kesinli\u011finden emin oldum. Cesaretimi toplad\u0131m ve \u0130stanbul\u2019da \u00e7e\u015fitli e\u011fitimler ald\u0131m; sonra da Londra\u2019ya LAMDA\u2019ya gittim, drama ve kamera \u00f6n\u00fc oyunculu\u011fu e\u011fitimi ald\u0131m.<\/p>\n<p><strong>Ki\u015fili\u011fin Nas\u0131l, Nas\u0131l Birisin?<\/strong><\/p>\n<p>\u00c7ok s\u0131cakkanl\u0131y\u0131m. Hatta h\u0131zl\u0131 ve \u00e7ok konu\u015fma gibi rekorlar\u0131m da var. Ekranda g\u00f6rd\u00fc\u011f\u00fcm\u00fcz muhakkak ki Ba\u015fak\u2019tan par\u00e7alar ta\u015f\u0131yan ama \u00e7ok farkl\u0131l\u0131klar\u0131 da olan karakterler. Arkada\u015f ortam\u0131mda, evimde yaln\u0131zken, ailemleyken, sosyal medyada, yeni tan\u0131\u015ft\u0131\u011f\u0131m insanlar\u0131n yan\u0131nda hep ayn\u0131 ki\u015fiyim. Hi\u00e7 kimsenin beni bir di\u011ferine ba\u015fka t\u00fcrl\u00fc anlatt\u0131\u011f\u0131na tan\u0131k olmad\u0131m. Yani \u00f6zetle, herkes \u00e7ok konu\u015ftu\u011fumu s\u00f6yl\u00fcyor.<\/p>\n<p><strong>Beslenme Al\u0131\u015fkanl\u0131klar\u0131ndan Bahseder misin?<\/strong><\/p>\n<p>Yediklerime dikkat ederim. Fast food insan\u0131 de\u011filim \u00e7ok fazla; ekmek sevmem, tuz neredeyse hi\u00e7 yemem, ya\u011f fazla tercih etmem hatta bunlar beni \u00e7ok rahats\u0131z eder\u2026 \u00d6\u011f\u00fcnlerim k\u00fc\u00e7\u00fcc\u00fckt\u00fcr ancak \u00e7ok s\u0131k yerim. Tam bir g\u00f6\u00e7men k\u0131z\u0131y\u0131m asl\u0131nda, genelde sebze meyve severim en \u00e7ok zeytinya\u011fl\u0131 severim, pek fazla et sevmem ama yemek zorunda oldu\u011fum zamanlarda da ihmal etmem. Dolay\u0131s\u0131yla \u00e7ok k\u00f6t\u00fc bir yeme d\u00fczenim olmad\u0131\u011f\u0131 i\u00e7in \u00e7ok s\u0131k\u0131 rejimler de yapm\u0131yorum. K\u0131\u015f\u0131n kilo almaya \u00e7ok meyilliyim o y\u00fczden k\u0131\u015f\u0131n biraz daha dikkat etmeye gayret ediyorum.<\/p>\n<p><strong>En B\u00fcy\u00fck Hayalin Nedir?<\/strong><\/p>\n<p>En b\u00fcy\u00fck hayalim d\u00fcnyay\u0131 gezmek, yeni k\u00fclt\u00fcrler, insanlar, diller tan\u0131mak, \u00fclkeler \u00f6\u011frenmek ve kendime de par\u00e7alar\u0131n\u0131 katmak ve geli\u015fmek.<\/p>\n<figure id=\"attachment_137585\" aria-describedby=\"caption-attachment-137585\" style=\"width: 1208px\" class=\"wp-caption alignnone\"><img loading=\"lazy\" decoding=\"async\" class=\"wp-image-137585\" src=\"https:\/\/www.tgrthaber.com\/mavikadin\/wp-content\/uploads\/basak-gumulcinelioglu-kimdir-kac-yasinda-hangi-dizilerde-oynadi-3.jpg\" alt=\"ba\u015fak g\u00fcm\u00fclcinelio\u011flu kimdir, ka\u00e7 ya\u015f\u0131nda, hangi dizilerde oynad\u0131\" width=\"1208\" height=\"680\" title=\"\" srcset=\"https:\/\/www.tgrthaber.com\/mavikadin\/wp-content\/uploads\/basak-gumulcinelioglu-kimdir-kac-yasinda-hangi-dizilerde-oynadi-3.jpg 1920w, https:\/\/www.tgrthaber.com\/mavikadin\/wp-content\/uploads\/basak-gumulcinelioglu-kimdir-kac-yasinda-hangi-dizilerde-oynadi-3-300x169.jpg 300w, https:\/\/www.tgrthaber.com\/mavikadin\/wp-content\/uploads\/basak-gumulcinelioglu-kimdir-kac-yasinda-hangi-dizilerde-oynadi-3-1024x576.jpg 1024w, https:\/\/www.tgrthaber.com\/mavikadin\/wp-content\/uploads\/basak-gumulcinelioglu-kimdir-kac-yasinda-hangi-dizilerde-oynadi-3-768x432.jpg 768w, https:\/\/www.tgrthaber.com\/mavikadin\/wp-content\/uploads\/basak-gumulcinelioglu-kimdir-kac-yasinda-hangi-dizilerde-oynadi-3-1536x864.jpg 1536w\" sizes=\"(max-width: 1208px) 100vw, 1208px\" \/><figcaption id=\"caption-attachment-137585\" class=\"wp-caption-text\">\u00a0<\/figcaption><\/figure>\n<hr \/>\n<h3 id=\"h_6728110317791707286254371\">BA\u015eAK G\u00dcM\u00dcLC\u0130NEL\u0130O\u011eLU D\u0130Z\u0130LER\u0130<\/h3>\n<ul>\n<li>Bir Derdim Var\/ 2023<\/li>\n<li>Yarg\u0131\/2022<\/li>\n<li>Bizden Olur Mu? \/2022<\/li>\n<li>Sipahi &#8211; Sezon 1 \/2022<\/li>\n<li>Sen \u00c7al Kap\u0131m\u0131 \/ P\u0131r\u0131l \/ 2020<\/li>\n<li>Erkenci Ku\u015f \/ Deniz \/ 2019<\/li>\n<li>8.G\u00fcn \/ Gen\u00e7 \u015eehnaz \/ 2018<\/li>\n<li>Kalbim Yang\u0131n Yeri \/ Gen\u00e7 Belk\u0131s \/ 2016<\/li>\n<\/ul>\n","protected":false},"excerpt":{"rendered":"<p>Ba\u015fak G\u00fcm\u00fclcinelio\u011flu son zamanlarda dizilerde s\u0131kl\u0131kla rastlad\u0131\u011f\u0131m\u0131z isimlerden.\u00a0 Son olarak Yarg\u0131 dizisinde Neva karakterini oynayan g\u00fczel oyuncunun hayat\u0131 takip\u00e7ileri taraf\u0131ndan mercek alt\u0131nda. Peki Ba\u015fak G\u00fcm\u00fclcinelio\u011flu kimdir? Ka\u00e7 ya\u015f\u0131nda? Evli mi, e\u015fi kim?<\/p>\n","protected":false},"author":30,"featured_media":137581,"comment_status":"closed","ping_status":"open","sticky":false,"template":"","format":"standard","meta":{"rank_math_lock_modified_date":false,"footnotes":""},"categories":[491],"tags":[3020,38405,41761,17599],"class_list":["post-68101","post","type-post","status-publish","format-standard","has-post-thumbnail","hentry","category-biyografi","tag-basak-gumulcinelioglu","tag-dizi-oyuncusu","tag-kac-yasinda","tag-sen-cal-kapimi"],"_links":{"self":[{"href":"https:\/\/www.tgrthaber.com\/mavikadin\/wp-json\/wp\/v2\/posts\/68101"}],"collection":[{"href":"https:\/\/www.tgrthaber.com\/mavikadin\/wp-json\/wp\/v2\/posts"}],"about":[{"href":"https:\/\/www.tgrthaber.com\/mavikadin\/wp-json\/wp\/v2\/types\/post"}],"author":[{"embeddable":true,"href":"https:\/\/www.tgrthaber.com\/mavikadin\/wp-json\/wp\/v2\/users\/30"}],"replies":[{"embeddable":true,"href":"https:\/\/www.tgrthaber.com\/mavikadin\/wp-json\/wp\/v2\/comments?post=68101"}],"version-history":[{"count":3,"href":"https:\/\/www.tgrthaber.com\/mavikadin\/wp-json\/wp\/v2\/posts\/68101\/revisions"}],"predecessor-version":[{"id":137586,"href":"https:\/\/www.tgrthaber.com\/mavikadin\/wp-json\/wp\/v2\/posts\/68101\/revisions\/137586"}],"wp:featuredmedia":[{"embeddable":true,"href":"https:\/\/www.tgrthaber.com\/mavikadin\/wp-json\/wp\/v2\/media\/137581"}],"wp:attachment":[{"href":"https:\/\/www.tgrthaber.com\/mavikadin\/wp-json\/wp\/v2\/media?parent=68101"}],"wp:term":[{"taxonomy":"category","embeddable":true,"href":"https:\/\/www.tgrthaber.com\/mavikadin\/wp-json\/wp\/v2\/categories?post=68101"},{"taxonomy":"post_tag","embeddable":true,"href":"https:\/\/www.tgrthaber.com\/mavikadin\/wp-json\/wp\/v2\/tags?post=68101"}],"curies":[{"name":"wp","href":"https:\/\/api.w.org\/{rel}","templated":true}]}}