{"id":68149,"date":"2024-02-07T18:09:00","date_gmt":"2024-02-07T15:09:00","guid":{"rendered":"https:\/\/new.mavikadin.com\/?p=68149"},"modified":"2024-09-17T01:51:52","modified_gmt":"2024-09-16T22:51:52","slug":"serenay-sarikaya-kimdir-aslen-nereli-seranay-sarikaya-dizileri-filmleri-boyu-kilosu-yasi","status":"publish","type":"post","link":"https:\/\/www.tgrthaber.com\/mavikadin\/serenay-sarikaya-kimdir-aslen-nereli-seranay-sarikaya-dizileri-filmleri-boyu-kilosu-yasi\/","title":{"rendered":"Serenay Sar\u0131kaya kimdir, aslen nereli? Seranay Sar\u0131kaya dizileri, filmleri, boyu, kilosu, ya\u015f\u0131&#8230;"},"content":{"rendered":"<p>Serenay Sar\u0131kaya k\u00fc\u00e7\u00fck ya\u015ftan itibaren ekranlarda kendini g\u00f6stermeyi ba\u015farm\u0131\u015ft\u0131r. Azmiyle ve \u00e7al\u0131\u015fkanl\u0131\u011f\u0131yla parmak \u0131s\u0131rtan oyuncu, g\u00fczelli\u011fiyle ve farkl\u0131 alanlardaki yetenekleriyle de ad\u0131n\u0131 s\u0131k\u00e7a s\u00f6z ettirmektedir. Serenay Sar\u0131kaya&#8217;n\u0131n boyu, kilosu ka\u00e7, aslen nereli? T\u00fcm y\u00f6nleriyle Serenay Sar\u0131kaya portresi&#8230;<\/p>\n<p><strong>H\u0131zl\u0131 ere\u015fim:&nbsp;<\/strong><\/p>\n<ul>\n<li><strong><a href=\"#h_5214267446551707319741821\" rel=\"dofollow\">SERANAY SARIKAYA YA\u015eI, BOYU, K\u0130LOSU,&nbsp;<\/a><\/strong><\/li>\n<li><strong><a href=\"#h_9765151758141707319753203\" rel=\"dofollow\">SERENAY SARIKAYA A\u0130LE HAYATI<\/a><\/strong><\/li>\n<li><strong><a href=\"#h_13187636610451707319773220\" rel=\"dofollow\">SERENAY SARIKAYA&#8217;NIN INSTAGRAM VE X HESABI<\/a><\/strong><\/li>\n<li><strong><a href=\"#h_35707040112571707319791507\" rel=\"dofollow\">SERENAY SARIKAYA&#8217;NIN HOB\u0130LER\u0130<\/a><\/strong><\/li>\n<li><strong><a href=\"#h_45022526514911707319807819\" rel=\"dofollow\">SERENAY SARIKAYA&#8217;NIN G&Uuml;ZELL\u0130K SIRRI<\/a><\/strong><\/li>\n<li><strong><a href=\"#h_81226347416631707319819055\" rel=\"dofollow\">SERENAY SARIKAYA R&Ouml;PORTAJLARI<\/a><\/strong><\/li>\n<li><strong><a href=\"#h_14352770119051707319837052\" rel=\"dofollow\">SERENAY SARIKAYA D\u0130Z\u0130 VE F\u0130LMLER\u0130<\/a><\/strong><\/li>\n<\/ul>\n<p>Bir g&uuml;zellik yar\u0131\u015fmas\u0131nda ald\u0131\u011f\u0131 derece ile &ccedil;ocuk ya\u015fta dikkatleri &uuml;zerine &ccedil;eken oyuncu Seranay Sar\u0131kaya bir&ccedil;ok dizi ve filmde ba\u015far\u0131l\u0131 performans\u0131yla kariyerinde emin ad\u0131mlarla ilerliyor. 16 ya\u015f\u0131ndayken bir dizide tesad&uuml;fen rol alarak sekt&ouml;re bilmeden ad\u0131m att\u0131. Mavi Kad\u0131n edit&ouml;re &#8220;Seranay Sar\u0131kaya kimdir?&#8221; sorusunun kapsaml\u0131 cevab\u0131n\u0131 haz\u0131rlad\u0131.&nbsp;&nbsp;<\/p>\n<h3 id=\"h_5214267446551707319741821\">SERANAY SARIKAYA YA\u015eI, BOYU, K\u0130LOSU,&nbsp;<\/h3>\n<p>Serenay Sar\u0131kaya 1 Temmuz 1991&rsquo;de Ankara&rsquo;da do\u011fmu\u015ftur. Yenge&ccedil; burcu olan ba\u015far\u0131l\u0131 oyuncu 175 cm boyunda, 54 kg a\u011f\u0131rl\u0131\u011f\u0131ndad\u0131r. Lise &ouml;\u011frenimini Antalya Saim Salih Konca Lisesi&rsquo;nde tamamlam\u0131\u015ft\u0131r. 15 ya\u015f\u0131nda &Ccedil;ekya&rsquo;da yap\u0131lan Avrupa Gen&ccedil;ler G&uuml;zellik Yar\u0131\u015fmas\u0131&rsquo;nda j&uuml;ri &ouml;zel &ouml;d&uuml;l&uuml; alarak dikkatleri &uuml;zerine &ccedil;ekmi\u015ftir. Oyuncu olmak isteyen Serenay Sar\u0131kaya \u015ea\u015fk\u0131n filminde rol alarak kariyerine ilk ad\u0131m\u0131 atm\u0131\u015f oldu.<\/p>\n<p>Ad\u0131: Serenay Sar\u0131kaya<\/p>\n<p><strong>Do\u011fum Tarihi:<\/strong> 1 Temmuz 1991<\/p>\n<p>Do\u011fum Yeri: Ankara<\/p>\n<p><strong>Mesle\u011fi:<\/strong> Oyuncu<\/p>\n<p>Boyu: 175 cm<\/p>\n<p><strong>Kilosu:<\/strong> 54 kg<\/p>\n<p>Burcu: Yenge&ccedil;<\/p>\n<p><strong>G&ouml;z Rengi:<\/strong> Kahverengi<\/p>\n<p>Sa&ccedil; Rengi: Sar\u0131, kumral<\/p>\n<p><strong>Medeni Durumu:<\/strong> Bekar<\/p>\n<p>Annesi: &Uuml;mran Seyhan<\/p>\n<p><strong>Babas\u0131: <\/strong>Mustafa Sar\u0131kaya<\/p>\n<p>Instagram Hesab\u0131: @serenayss<\/p>\n<p><strong>X Hesab\u0131:<\/strong> @SrnySrkyResmi<\/p>\n<h3><img decoding=\"async\" src=\"https:\/\/www.tgrthaber.com\/mavikadin\/wp-content\/images\/haberler\/24-02\/02\/sersar.jpg\" alt=\"\" title=\"\"><\/h3>\n<h3 id=\"h_9765151758141707319753203\">SERENAY SARIKAYA A\u0130LE HAYATI<\/h3>\n<p>Serenay Sar\u0131kaya&rsquo;n\u0131n annesi &Uuml;mran Seyhan, babas\u0131 Mustafa Sar\u0131kaya&rsquo;d\u0131r. 7 ya\u015f\u0131ndayken annesi ve babas\u0131 bo\u015fanan Serenay Sar\u0131kaya tek &ccedil;ocuktur. Annesiyle birlikte \u0130stanbul&rsquo;da ya\u015famaktad\u0131r. Babas\u0131ndan ba\u015fka bir \u015fehirde b&uuml;y&uuml;d&uuml;\u011f&uuml;n&uuml; belirten &uuml;nl&uuml; oyuncu bu durumdan olumsuz olarak etkilenmedi\u011fini belirtmi\u015ftir.<\/p>\n<h3><img loading=\"lazy\" decoding=\"async\" src=\"https:\/\/www.tgrthaber.com\/mavikadin\/wp-content\/images\/haberler\/24-02\/02\/serenayannesi.jpg\" width=\"726\" height=\"471\" alt=\"\" title=\"\">&nbsp; &nbsp; &nbsp;<\/h3>\n<h3 id=\"h_13187636610451707319773220\">SERENAY SARIKAYA&#8217;NIN INSTAGRAM VE X HESABI<\/h3>\n<p>Serenay Sar\u0131kaya sosyal medyada aktif olarak yer almaktad\u0131r. Instagram hesab\u0131 @serenayss&rsquo;t\u0131r. Instagram hesab\u0131nda kendi foto\u011fraflar\u0131, gitti\u011fi tatillerden kareler, reklam &ccedil;al\u0131\u015fmalar\u0131, oynad\u0131\u011f\u0131 film ve dizilerin tan\u0131t\u0131m\u0131 yer almaktad\u0131r. Twitter hesab\u0131 da olan Serenay Sar\u0131kaya&rsquo;n\u0131n X hesab\u0131 @SrnySrkyResmi&rsquo;dir. Bu hesab\u0131ndan &ouml;zel g&uuml;nlerde kutlama mesaj\u0131 yay\u0131nlamakta ve oynad\u0131\u011f\u0131 dizi ve filmlerin tan\u0131t\u0131m\u0131n\u0131 yapmaktad\u0131r.<\/p>\n<p><img decoding=\"async\" src=\"https:\/\/www.tgrthaber.com\/mavikadin\/wp-content\/images\/haberler\/24-02\/02\/serenaysarikaya-y2323h.jpg\" alt=\"\" title=\"\"><\/p>\n<h3 id=\"h_35707040112571707319791507\">SERENAY SARIKAYA&#8217;NIN HOB\u0130LER\u0130<\/h3>\n<p>Serenay Sar\u0131kaya okul y\u0131llar\u0131ndan itibaren voleybol ve basketbol oynam\u0131\u015ft\u0131r. Bir s&uuml;re tenisle de ilgilenmi\u015f ve Latin danslar\u0131 &ouml;\u011frenmi\u015ftir. Fi dizisindeki rol&uuml; i&ccedil;in dans dersleri alm\u0131\u015ft\u0131r. M&uuml;zi\u011fe ilgisi olan Serenay Sar\u0131kaya&rsquo;n\u0131n sesi &ccedil;ok g&uuml;zeldir. 2023 y\u0131l\u0131nda Mert Demir&rsquo;le Ate\u015fe D&uuml;\u015ft&uuml;m \u015fark\u0131s\u0131nda d&uuml;et yapm\u0131\u015ft\u0131r. G&uuml;nl&uuml;k tutmay\u0131 seven Sar\u0131kaya d&uuml;zenli olarak yoga da yapmaktad\u0131r.<\/p>\n<h3 id=\"h_45022526514911707319807819\">SERENAY SARIKAYA&#8217;NIN G&Uuml;ZELL\u0130K SIRRI<\/h3>\n<p>Serenay Sar\u0131kaya ekranda do\u011fal g&ouml;r&uuml;n&uuml;m&uuml;yle yer alan oyunculardan biridir. Oynad\u0131\u011f\u0131 dizi ve filmlerde y&uuml;z mimiklerinin do\u011fall\u0131\u011f\u0131, ince k\u0131r\u0131\u015f\u0131kl\u0131k &ccedil;izgileri &ccedil;ok be\u011fenilmektedir. Abart\u0131l\u0131 makyaj ve sa&ccedil; modelleri tercih etmeyen oyuncu bu haliyle en be\u011fenilen oyuncular aras\u0131ndad\u0131r.<\/p>\n<h3 id=\"h_81226347416631707319819055\">SERENAY SARIKAYA R&Ouml;PORTAJLARI<\/h3>\n<p>Serenay Sar\u0131kaya bir r&ouml;portaj\u0131nda &ldquo;Kendinin en iyi versiyonu olmak i&ccedil;in &ccedil;ok &ccedil;al\u0131\u015f, hep &ccedil;al\u0131\u015f. Ba\u015fkalar\u0131n\u0131n ne yapt\u0131\u011f\u0131n\u0131 bo\u015fver. Bir yere varmaya &ccedil;al\u0131\u015fma. Yol &ccedil;ok g&uuml;zel. Tad\u0131n\u0131 &ccedil;\u0131kar, fark\u0131nda ol&rdquo; diyerek hayat felsefesini &ouml;zetliyor.&nbsp;<\/p>\n<p>G&uuml;zel oyuncu i\u015fine yakla\u015f\u0131m\u0131yla ilgili de samimi duygular\u0131n\u0131 \u015f&ouml;yle a&ccedil;\u0131kl\u0131yor:&nbsp;<\/p>\n<p>&ldquo;&Ccedil;ok k&uuml;&ccedil;&uuml;k ya\u015ftan beri bu sekt&ouml;rdeyim ve evet, i\u015fimle ili\u015fkili b&uuml;t&uuml;n dallarla biraz i&ccedil; i&ccedil;eyim. Hep merak\u0131m da vard\u0131 b&ouml;yle \u015feylere. Modan\u0131n, stil sahibi olman\u0131n i\u015fimle beraber bir paket oldu\u011funa inan\u0131r\u0131m. Sadece &ouml;zel davetlerde de\u011fil, kendi &ouml;zel hayat\u0131mda da bu anlamda profesyonel destek alan ilk ki\u015fi olabilirim. Tarz\u0131m, kendi s\u0131n\u0131rlar\u0131m\u0131 ke\u015ffettik&ccedil;e ve kendimi tan\u0131d\u0131k&ccedil;a geli\u015fti. Ama kilit nokta hep cesur olabilmekti san\u0131r\u0131m. Risk almaya bay\u0131l\u0131yorum.&rdquo;&nbsp;<\/p>\n<p>&ldquo;Hayata ger&ccedil;ekten iyi bakmay\u0131 seven, iyi olan\u0131 y&uuml;celten, &ccedil;o\u011faltan biriyim. Kendi i&ccedil; enerjimi bu \u015fekilde koruyabiliyorum. Bu y&uuml;zden &ccedil;ok az ve &ouml;z insan var hayat\u0131mda.&rdquo;&nbsp;<\/p>\n<h3 id=\"h_14352770119051707319837052\">SERENAY SARIKAYA D\u0130Z\u0130 VE F\u0130LMLER\u0130<\/h3>\n<p>Serenay Sar\u0131kaya 2006 y\u0131l\u0131nda \u015ea\u015fk\u0131n adl\u0131 filmde rol alarak kendini g&ouml;sterme f\u0131rsat\u0131 elde etmi\u015ftir. 2008 y\u0131l\u0131nda Plajda filminde rol alan ve bir reklam filminde oynayan g&uuml;zel oyuncu bu deneyimlerinden sonra Peri Masal\u0131 adl\u0131 dizide ba\u015frol&uuml; alarak ba\u015frol oyuncusu olarak kariyerine devam etmi\u015ftir. &Ouml;nde gelen markalar\u0131n reklam y&uuml;z&uuml; olan Serenay Sar\u0131kaya pop&uuml;ler ekran y&uuml;zlerinden biridir.<\/p>\n<p>2006 \u015ea\u015fk\u0131n -film- It\u0131r (yard\u0131mc\u0131 oyuncu)<\/p>\n<p>2008 Plajda -film- Asl\u0131 (yard\u0131mc\u0131 oyuncu)<\/p>\n<p>2008 Peri Masal\u0131 -dizi- Talya (ba\u015frol)<\/p>\n<p>2008 Limon A\u011fac\u0131 -dizi- Peri (ba\u015frol)<\/p>\n<p>2008-2010 Adanal\u0131 -dizi- Sofia (ba\u015frol)<\/p>\n<p>2010 Ejderhan\u0131 Nas\u0131l E\u011fitirsin? -film- Astrid (seslendirme)<\/p>\n<p>2010-2013 Lale Devri -dizi- Ye\u015fim (ba\u015frol)<\/p>\n<p>2011 Ho\u015f&ccedil;akal -film- Sarah (ba\u015frol)<\/p>\n<p>2013 Yer G&ouml;k A\u015fk -dizi- Ye\u015fim (konuk oyuncu)<\/p>\n<p>2013 Behzat &Ccedil; Ankara Yan\u0131yor -film- Melisa (ba\u015frol)<\/p>\n<p>2013-2015 Medcezir -dizi- Mira (ba\u015frol)<\/p>\n<p>2016 \u0130kimizin Yerine -film- &Ccedil;i&ccedil;ek (ba\u015frol)<\/p>\n<p>2017-2018 Fi -dizi- Duru (ba\u015frol)<\/p>\n<p>2019 Alice M&uuml;zikali -m&uuml;zikal- Alice (ba\u015frol)<\/p>\n<p>2023-2024 Aile -dizi- Devin (ba\u015frol)<\/p>\n<p>2023 \u015eahmaran -dizi- \u015eahsu (ba\u015frol)<\/p>\n<p>2024 Kimler Geldi, Kimler Ge&ccedil;ti -dizi- Leyla (ba\u015frol)<\/p><\/p>\n","protected":false},"excerpt":{"rendered":"<p>Serenay Sar\u0131kaya k\u00fc\u00e7\u00fck ya\u015ftan itibaren ekranlarda kendini g\u00f6stermeyi ba\u015farm\u0131\u015ft\u0131r. Azmiyle ve \u00e7al\u0131\u015fkanl\u0131\u011f\u0131yla parmak \u0131s\u0131rtan oyuncu, g\u00fczelli\u011fiyle ve farkl\u0131 alanlardaki yetenekleriyle de ad\u0131n\u0131 s\u0131k\u00e7a s\u00f6z ettirmektedir. Serenay Sar\u0131kaya&#8217;n\u0131n boyu, kilosu ka\u00e7, aslen nereli? T\u00fcm y\u00f6nleriyle Serenay Sar\u0131kaya portresi&#8230; H\u0131zl\u0131 ere\u015fim:&nbsp; SERANAY SARIKAYA YA\u015eI, BOYU, K\u0130LOSU,&nbsp; SERENAY SARIKAYA A\u0130LE HAYATI SERENAY SARIKAYA&#8217;NIN INSTAGRAM VE X HESABI SERENAY [&hellip;]<\/p>\n","protected":false},"author":22,"featured_media":68148,"comment_status":"closed","ping_status":"open","sticky":false,"template":"","format":"standard","meta":{"rank_math_lock_modified_date":false,"footnotes":""},"categories":[491],"tags":[2688,48510,48511,48509,38403],"class_list":["post-68149","post","type-post","status-publish","format-standard","has-post-thumbnail","hentry","category-biyografi","tag-serenay-sarikaya","tag-serenay-sarikaya-boyu","tag-serenay-sarikaya-dizileri","tag-serenay-sarikaya-kimdir","tag-unlu-oyuncular"],"_links":{"self":[{"href":"https:\/\/www.tgrthaber.com\/mavikadin\/wp-json\/wp\/v2\/posts\/68149"}],"collection":[{"href":"https:\/\/www.tgrthaber.com\/mavikadin\/wp-json\/wp\/v2\/posts"}],"about":[{"href":"https:\/\/www.tgrthaber.com\/mavikadin\/wp-json\/wp\/v2\/types\/post"}],"author":[{"embeddable":true,"href":"https:\/\/www.tgrthaber.com\/mavikadin\/wp-json\/wp\/v2\/users\/22"}],"replies":[{"embeddable":true,"href":"https:\/\/www.tgrthaber.com\/mavikadin\/wp-json\/wp\/v2\/comments?post=68149"}],"version-history":[{"count":1,"href":"https:\/\/www.tgrthaber.com\/mavikadin\/wp-json\/wp\/v2\/posts\/68149\/revisions"}],"predecessor-version":[{"id":68150,"href":"https:\/\/www.tgrthaber.com\/mavikadin\/wp-json\/wp\/v2\/posts\/68149\/revisions\/68150"}],"wp:featuredmedia":[{"embeddable":true,"href":"https:\/\/www.tgrthaber.com\/mavikadin\/wp-json\/wp\/v2\/media\/68148"}],"wp:attachment":[{"href":"https:\/\/www.tgrthaber.com\/mavikadin\/wp-json\/wp\/v2\/media?parent=68149"}],"wp:term":[{"taxonomy":"category","embeddable":true,"href":"https:\/\/www.tgrthaber.com\/mavikadin\/wp-json\/wp\/v2\/categories?post=68149"},{"taxonomy":"post_tag","embeddable":true,"href":"https:\/\/www.tgrthaber.com\/mavikadin\/wp-json\/wp\/v2\/tags?post=68149"}],"curies":[{"name":"wp","href":"https:\/\/api.w.org\/{rel}","templated":true}]}}