{"id":68518,"date":"2024-02-13T16:29:00","date_gmt":"2024-02-13T13:29:00","guid":{"rendered":"https:\/\/new.mavikadin.com\/?p=68518"},"modified":"2024-09-17T02:16:50","modified_gmt":"2024-09-16T23:16:50","slug":"17-yasindaki-lise-ogrencisi-alzheimeri-teshis-eden-yapay-zeka-gelistirdi","status":"publish","type":"post","link":"https:\/\/www.tgrthaber.com\/mavikadin\/17-yasindaki-lise-ogrencisi-alzheimeri-teshis-eden-yapay-zeka-gelistirdi\/","title":{"rendered":"17 ya\u015f\u0131ndaki lise \u00f6\u011frencisi Alzheimer&#8217;\u0131 te\u015fhis eden yapay zeka geli\u015ftirdi"},"content":{"rendered":"<p>Alzheimer hastal\u0131\u011f\u0131 te\u015fhisi i\u00e7in yapay zeka modelini geli\u015ftiren lise \u00f6\u011frencisi Simay Y\u00fcksel, &#8220;Epigenetik Tabanl\u0131 Bir Yapay Zeka Modeli&#8221; \u00e7al\u0131\u015fmas\u0131yla T\u00fcrk Patent ve Marka Kurumundan patent numaras\u0131 ald\u0131.<\/p>\n<p>Lise &ouml;\u011frencisi Simay Y&uuml;ksel, T&uuml;rkiye&#8217;de 18 ya\u015f alt\u0131nda patent numaras\u0131 almaya hak kazanan az say\u0131daki &ouml;\u011frenciden biri oldu. 17 ya\u015f\u0131ndaki Simay, Uluslararas\u0131 patent platformunda da ismini duyurdu.<\/p>\n<p>TED Ankara Koleji 12&#8217;nci s\u0131n\u0131f &ouml;\u011frencisi ve Molek&uuml;ler Biyoloji Kul&uuml;b&uuml;&#8217;n&uuml;n kurucusu olan 17 ya\u015f\u0131ndaki Y&uuml;ksel, AA muhabirine yapt\u0131\u011f\u0131 a&ccedil;\u0131klamada, &ccedil;ocuklu\u011fundan beri bilim insan\u0131 olmak istedi\u011fini, biyoloji ba\u015fta olmak &uuml;zere fen bilimlerine ve matemati\u011fe merakl\u0131 oldu\u011funu s&ouml;yledi.<\/p>\n<p>Y&uuml;ksel, &ouml;zellikle g&uuml;n&uuml;m&uuml;zde kesin bir tedavisi bulunmayan n&ouml;rodejeneratif hastal\u0131klara ilgi duydu\u011funu ve kendini bu y&ouml;nde geli\u015ftirmek i&ccedil;in ekip arkada\u015flar\u0131yla &ccedil;al\u0131\u015fmalar yapt\u0131klar\u0131n\u0131 aktard\u0131.<\/p>\n<p>Beyindeki n&ouml;ron fonksiyonlar\u0131n\u0131n ilerleyici kay\u0131p ve yap\u0131sal bozulmas\u0131 olarak isimlendirilen n&ouml;rodejeneratif bozukluklar i&ccedil;inde frontotemporal demans, Alzheimer, Parkinson, ALS, Huntington gibi hastal\u0131klar\u0131n yer ald\u0131\u011f\u0131n\u0131 anlatan Y&uuml;ksel, bu hastal\u0131klar\u0131n d&uuml;nya genelinde ciddi bir sa\u011fl\u0131k sorunu oldu\u011fundan, kendisinin de bu alana y&ouml;nelik &ccedil;al\u0131\u015fmalar yapt\u0131\u011f\u0131n\u0131 dile getirdi.<\/p>\n<p><strong>Y&uuml;ksel, \u015f&ouml;yle konu\u015ftu:<\/strong><\/p>\n<p>&#8220;T\u0131p ve teknoloji alanlar\u0131ndaki geli\u015fmelere ra\u011fmen &ouml;zellikle bu n&ouml;rodejeneratif hastal\u0131klar\u0131n g&ouml;r&uuml;lmesindeki art\u0131\u015f\u0131n devam etti\u011fini g&ouml;rd&uuml;kten sonra &#8216;Bu sorunu nas\u0131l &ccedil;&ouml;zebilirim&#8217; sorusu &uuml;zerinde d&uuml;\u015f&uuml;nerek konuyu daha detayl\u0131 ara\u015ft\u0131rmaya ba\u015flad\u0131m. Ara\u015ft\u0131rmalar sonucunda g&ouml;rd&uuml;m ki, her ne kadar bu alanda yap\u0131lan ara\u015ft\u0131rmalar artm\u0131\u015f olsa da hastal\u0131klar\u0131n te\u015fhisinde halen yetersiz kal\u0131n\u0131yor ve herhangi bir kesin tedavi y&ouml;ntemi bulunmuyor. Semptomlar\u0131n ba\u015ftaki s&uuml;re&ccedil;lerde belirgin g&ouml;zlemlenmemesi de bu hastal\u0131klar\u0131n erken te\u015fhisini zorla\u015ft\u0131r\u0131yor.&#8221;<\/p>\n<p><img decoding=\"async\" src=\"https:\/\/www.tgrthaber.com\/mavikadin\/wp-content\/images\/haberler\/24-02\/13\/haber-ici-lise.jpg\" alt=\"\" title=\"\"><\/p>\n<h3>&lsquo;EP\u0130GENET\u0130K TABANLI B\u0130R YAPAY ZEKA MODEL\u0130 GEL\u0130\u015eT\u0130RD\u0130K&rsquo;<\/h3>\n<p>Y&uuml;ksel, yapay zekan\u0131n art\u0131k bir&ccedil;ok alanda oldu\u011fu gibi t\u0131pta da etkin olarak kullan\u0131ld\u0131\u011f\u0131n\u0131 vurgulayarak, \u015f&ouml;yle devam etti:<\/p>\n<p>&#8220;Ben de bu hastal\u0131klar\u0131n erken te\u015fhisinde yapay zekadan yararlanabilir miyiz diye merak etmeye ba\u015flad\u0131m. Sonras\u0131nda iki arkada\u015f\u0131mla tak\u0131m olarak, farkl\u0131 fakt&ouml;rlerin genlerin &ccedil;al\u0131\u015fmas\u0131 &uuml;zerindeki etkisi olarak adland\u0131r\u0131lan epigenetik tabanl\u0131 bir yapay zeka modeli geli\u015ftirdik. Bu modeli, s&ouml;z konusu n&ouml;rodejeneratif hastal\u0131klar\u0131n erken te\u015fhisinde kullan\u0131lmas\u0131 amac\u0131yla geli\u015ftirdik. Be\u015f hastal\u0131\u011fa odakland\u0131k. Bunlar, frontotemporal demans, Alzheimer, Parkinson, ALS, Huntington. Bu yapay zeka modeli 5 n&ouml;rodejeneratif hastal\u0131\u011f\u0131n epigenetik tabanlar\u0131n\u0131 i&ccedil;eriyor.&#8221;<\/p>\n<h3>YAKLA\u015eIK 16 AYRI BEL\u0130RTECE BAKIYOR<\/h3>\n<p>Yapay zeka ile geli\u015ftirilen modele y&uuml;klenen verilere ili\u015fkin bilgi veren Y&uuml;ksel, &#8220;&Ccedil;al\u0131\u015fma kapsam\u0131nda ki\u015filerden al\u0131nan t&uuml;k&uuml;r&uuml;k ve kan &ouml;rnekleri geli\u015ftirdi\u011fimiz makineye y&uuml;kleniyor. Makine, geli\u015ftirilen yapay zeka sistemiyle, bu 5 hastal\u0131k i&ccedil;in ge&ccedil;erli olan yakla\u015f\u0131k 16 ayr\u0131 belirtece bak\u0131yor ve bunlar\u0131n analizini yap\u0131yor.&#8221; dedi.<\/p>\n<p>Yapay zeka algoritmas\u0131n\u0131n, hem DNA hem aile ge&ccedil;mi\u015fi gibi genetik verileri, hem de ya\u015f, ya\u015fam tarz\u0131 gibi genetik olmayan di\u011fer fakt&ouml;rleri birle\u015ftirerek o ki\u015fi i&ccedil;in risk tahmini hesaplad\u0131\u011f\u0131n\u0131 belirten Y&uuml;ksel, makinenin sonu&ccedil;lar\u0131n\u0131n, hastal\u0131\u011fa yakalanma olas\u0131l\u0131\u011f\u0131 daha y&uuml;ksek olan hastay\u0131 analiz edebilecek &ouml;zel fonlu bir laboratuvara y&ouml;nlendirerek, hastal\u0131\u011f\u0131n tespit edilebildi\u011fini aktard\u0131.<\/p>\n<p>Y&uuml;ksel, &#8220;Bu veriler, ki\u015finin bu hastal\u0131klara ne kadar yatk\u0131nl\u0131\u011f\u0131 oldu\u011funu ortaya koyabilecek. Bu model ile erken te\u015fhis imkan\u0131 daha kolay bir hale gelebilecek.&#8221; ifadesini kulland\u0131.<\/p>\n<h3>&#8220;PATENT NUMARASINI ELDE ETT\u0130K&#8221;<\/h3>\n<p>Modelin haz\u0131rl\u0131klar\u0131n\u0131n tamamlanarak prototipin olu\u015fturulmas\u0131n\u0131n ard\u0131ndan T&uuml;rk Patent ve Marka Kurumuna ba\u015fvurduklar\u0131n\u0131 aktaran Y&uuml;ksel, &#8220;Diyagram ve \u015femalarla projemizi a&ccedil;\u0131klayan dok&uuml;man\u0131 kuruma g&ouml;nderdik ve 2023&#8217;&uuml;n Kas\u0131m ay\u0131 sonunda da uluslararas\u0131 ge&ccedil;erlili\u011fi olan patent numaras\u0131n\u0131 elde ettik.&#8221; diye konu\u015ftu.<\/p>\n<p>Y&uuml;ksel, 18 ya\u015f alt\u0131nda patent numaras\u0131 alan gen&ccedil; bilim insan\u0131 aday\u0131 say\u0131s\u0131n\u0131n &ccedil;ok az oldu\u011funu &ouml;\u011frendiklerini belirterek, &#8220;T&uuml;rkiye&#8217;de oldu\u011fu gibi d&uuml;nya &ccedil;ap\u0131nda da 18 ya\u015f alt\u0131nda geli\u015ftirdi\u011fi &uuml;r&uuml;n ile patent numaras\u0131 alan az ki\u015fi var. Bu bak\u0131mdan patent numaras\u0131 alm\u0131\u015f olmaya &ccedil;ok sevindim. Bu emeklerimizin bo\u015funa gitmedi\u011fini bize g&ouml;sterdi ve daha sonraki ba\u015far\u0131lar\u0131m i&ccedil;in &ccedil;ok gurur verici bir ba\u015flang\u0131&ccedil; oldu benim i&ccedil;in.&#8221; de\u011ferlendirmesinde bulundu.<\/p>\n<h3>&#8220;KEND\u0130ME AZ\u0130Z SANCAR&#8217;I ROL MODEL ALDIM&#8221;<\/h3>\n<p>Y&uuml;ksel, bu y\u0131l &uuml;niversite s\u0131nav\u0131na girece\u011fini ve alanda kendini daha da geli\u015ftirebilmek i&ccedil;in bu konuda ihtisasla\u015fm\u0131\u015f okullar\u0131 tercih edece\u011fini s&ouml;yledi.<\/p>\n<p>Yurt d\u0131\u015f\u0131ndaki bir&ccedil;ok okuldan kabul alma s&uuml;recinin devam etti\u011fini ifade eden Y&uuml;ksel, &#8220;ABD&#8217;deki &uuml;niversitelere ba\u015fvuru s&uuml;recim de s&uuml;r&uuml;yor, m&uuml;lakatlar oluyor. Gelecekte kendi alan\u0131mda daha &ccedil;ok ara\u015ft\u0131rma a\u011f\u0131rl\u0131kl\u0131 ilerlemeyi hedefliyorum. Hem laboratuvar &ccedil;al\u0131\u015fmalar\u0131 hem de giri\u015fimcilik anlam\u0131nda Ar-Ge yapmaya ve proje geli\u015ftirmeye odaklanmak istiyorum. As\u0131l amac\u0131m bilime ve insanl\u0131\u011fa katk\u0131 sa\u011flamak. Bunu da g&uuml;n&uuml;m&uuml;z sorunlar\u0131na bilimin \u0131\u015f\u0131\u011f\u0131nda inovatif &ccedil;&ouml;z&uuml;mler bularak ve gelece\u011fi daha s&uuml;rd&uuml;r&uuml;lebilir bir hale getirerek ger&ccedil;ekle\u015ftirmeyi hedefliyorum.&#8221; dedi.<\/p>\n<p>Y&uuml;ksel, bununla beraber, yaz\u0131n ba\u015far\u0131 bursu alarak Oxford &Uuml;niversitesi&#8217;nde t\u0131p ile ilgili bir yaz okuluna kat\u0131lma imkan\u0131 buldu\u011funu belirterek, &#8220;Bilim insan\u0131 olarak kendime Aziz Sancar&#8217;\u0131 rol model ald\u0131m. &Ouml;nemli ba\u015far\u0131lara imza atan de\u011ferli bir T&uuml;rk bilim insan\u0131. Bu nedenle bana &ccedil;ok ilham veriyor. Biyokimyager olarak &ccedil;al\u0131\u015fmalar\u0131 benim ilgi alanlar\u0131mla da &ouml;rt&uuml;\u015f&uuml;yor. Kendisinin disiplini ve adanm\u0131\u015fl\u0131\u011f\u0131 beni &ccedil;ok etkilemi\u015ftir. O y&uuml;zden &ccedil;ok ilham verici geliyor bana.&#8221; diye konu\u015ftu.<\/p><\/p>\n","protected":false},"excerpt":{"rendered":"<p>Alzheimer hastal\u0131\u011f\u0131 te\u015fhisi i\u00e7in yapay zeka modelini geli\u015ftiren lise \u00f6\u011frencisi Simay Y\u00fcksel, &#8220;Epigenetik Tabanl\u0131 Bir Yapay Zeka Modeli&#8221; \u00e7al\u0131\u015fmas\u0131yla T\u00fcrk Patent ve Marka Kurumundan patent numaras\u0131 ald\u0131. Lise &ouml;\u011frencisi Simay Y&uuml;ksel, T&uuml;rkiye&#8217;de 18 ya\u015f alt\u0131nda patent numaras\u0131 almaya hak kazanan az say\u0131daki &ouml;\u011frenciden biri oldu. 17 ya\u015f\u0131ndaki Simay, Uluslararas\u0131 patent platformunda da ismini duyurdu. TED [&hellip;]<\/p>\n","protected":false},"author":5,"featured_media":68517,"comment_status":"closed","ping_status":"open","sticky":false,"template":"","format":"standard","meta":{"rank_math_lock_modified_date":false,"footnotes":""},"categories":[78],"tags":[9511,40808,48669,48670,4817],"class_list":["post-68518","post","type-post","status-publish","format-standard","has-post-thumbnail","hentry","category-yasam","tag-alzheimer","tag-erken-teshis","tag-lise-ogrencisi","tag-patent","tag-yapay-zeka"],"_links":{"self":[{"href":"https:\/\/www.tgrthaber.com\/mavikadin\/wp-json\/wp\/v2\/posts\/68518"}],"collection":[{"href":"https:\/\/www.tgrthaber.com\/mavikadin\/wp-json\/wp\/v2\/posts"}],"about":[{"href":"https:\/\/www.tgrthaber.com\/mavikadin\/wp-json\/wp\/v2\/types\/post"}],"author":[{"embeddable":true,"href":"https:\/\/www.tgrthaber.com\/mavikadin\/wp-json\/wp\/v2\/users\/5"}],"replies":[{"embeddable":true,"href":"https:\/\/www.tgrthaber.com\/mavikadin\/wp-json\/wp\/v2\/comments?post=68518"}],"version-history":[{"count":1,"href":"https:\/\/www.tgrthaber.com\/mavikadin\/wp-json\/wp\/v2\/posts\/68518\/revisions"}],"predecessor-version":[{"id":68519,"href":"https:\/\/www.tgrthaber.com\/mavikadin\/wp-json\/wp\/v2\/posts\/68518\/revisions\/68519"}],"wp:featuredmedia":[{"embeddable":true,"href":"https:\/\/www.tgrthaber.com\/mavikadin\/wp-json\/wp\/v2\/media\/68517"}],"wp:attachment":[{"href":"https:\/\/www.tgrthaber.com\/mavikadin\/wp-json\/wp\/v2\/media?parent=68518"}],"wp:term":[{"taxonomy":"category","embeddable":true,"href":"https:\/\/www.tgrthaber.com\/mavikadin\/wp-json\/wp\/v2\/categories?post=68518"},{"taxonomy":"post_tag","embeddable":true,"href":"https:\/\/www.tgrthaber.com\/mavikadin\/wp-json\/wp\/v2\/tags?post=68518"}],"curies":[{"name":"wp","href":"https:\/\/api.w.org\/{rel}","templated":true}]}}