{"id":68623,"date":"2024-02-15T14:17:00","date_gmt":"2024-02-15T11:17:00","guid":{"rendered":"https:\/\/new.mavikadin.com\/?p=68623"},"modified":"2024-09-17T02:23:16","modified_gmt":"2024-09-16T23:23:16","slug":"kaslar-da-yalan-soylemiyormus-beyin-ilk-kez-gordugu-birine-33-milisaniyede-guven-testi-yapiyor","status":"publish","type":"post","link":"https:\/\/www.tgrthaber.com\/mavikadin\/kaslar-da-yalan-soylemiyormus-beyin-ilk-kez-gordugu-birine-33-milisaniyede-guven-testi-yapiyor\/","title":{"rendered":"Ka\u015flar da yalan s\u00f6ylemiyormu\u015f! Beyin ilk kez g\u00f6rd\u00fc\u011f\u00fc birine 33 milisaniyede g\u00fcven testi yap\u0131yor"},"content":{"rendered":"<p>New York \u00dcniversitesi ara\u015ft\u0131rmac\u0131lar\u0131, y\u00fcz \u00f6zelliklerine g\u00f6re g\u00fcvenilirlik konusunda 33 milisaniyede ani kararlar verdi\u011fimizi ortaya koydu. Ka\u015flar, elmac\u0131k kemikleri ve cilt kalitesi bu ilk izlenimlerde belirleyici oluyor. Ancak k\u00fclt\u00fcrel birikim ve ki\u015fisel deneyimler nedeniyle ani kararlar\u0131m\u0131zda bu etkiler de\u011fi\u015febiliyor&#8230;<\/p>\n<p>New York \u00dcniversitesi&#8217;nde (NYU) ara\u015ft\u0131rmac\u0131lar, \u00e7\u0131\u011f\u0131r a\u00e7an bir bulu\u015fa imza atarak beynimizin belirli y\u00fcz \u00f6zelliklerine dayanarak bir ki\u015finin g\u00fcvenilirli\u011fi hakk\u0131nda anl\u0131k kararlar verdi\u011fini ortaya \u00e7\u0131kard\u0131. Bu y\u0131ld\u0131r\u0131m h\u0131z\u0131ndaki de\u011ferlendirme, bilin\u00e7li alg\u0131lama ger\u00e7ekle\u015fmeden \u00f6nce yaln\u0131zca 33 milisaniye i\u00e7inde ger\u00e7ekle\u015fiyor. Sosyal ve duygusal davran\u0131\u015flardan sorumlu bir b\u00f6lge olan amigdala, g\u00fcvenilir veya g\u00fcvenilmez y\u00fczler sunuldu\u011funda bu zaman diliminde aktive oluyor.<\/p>\n<h3>G\u00dcVEN\u0130L\u0130RL\u0130R Y\u00dcZ \u00d6ZELL\u0130KLER\u0130<\/h3>\n<p>Ara\u015ft\u0131rmac\u0131lar y\u00fcksek ka\u015flara ve belirgin elmac\u0131k kemiklerine sahip ki\u015filerin daha g\u00fcvenilir olarak alg\u0131land\u0131\u011f\u0131n\u0131 ortaya \u00e7\u0131kard\u0131.<\/p>\n<p>Ka\u015flar\u0131 \u00e7at\u0131k ve yanaklar\u0131 \u00e7\u00f6k\u00fck olanlara g\u00fcvenilme olas\u0131l\u0131\u011f\u0131 daha d\u00fc\u015f\u00fck.<\/p>\n<p>Ara\u015ft\u0131rma ayn\u0131 zamanda s\u00fcrekli olarak \u2018arzu edilen\u2019 olarak de\u011ferlendirilen ve g\u00fcvenilirlik alg\u0131s\u0131na katk\u0131da bulunan temiz ve lekesiz cildin \u00f6nemini de vurguluyor.<\/p>\n<p><img decoding=\"async\" src=\"https:\/\/www.tgrthaber.com\/mavikadin\/wp-content\/images\/haberler\/24-02\/15\/yuz-kalin-kas.jpg\" data-mce-src=\"https:\/\/www.tgrthaber.com\/mavikadin\/wp-content\/images\/haberler\/24-02\/15\/yuz-kalin-kas.jpg\" data-mce- alt=\"\" title=\"\"><\/p>\n<h3>EMPAT\u0130 VE G\u00dcVEN: KA\u015eLARIN ROL\u00dc<\/h3>\n<p>York \u00dcniversitesi ve Glasgow \u00dcniversitesi taraf\u0131ndan y\u00fcr\u00fct\u00fclen ayr\u0131 bir \u00e7al\u0131\u015fmada da bu bulgular\u0131 destekleyici veriler elde etti. Buna g\u00f6re, ka\u015flar\u0131n kald\u0131r\u0131lmas\u0131n\u0131n daha zengin, daha g\u00fcvenilir, daha s\u0131cak ve yetkin olmakla ili\u015fkili oldu\u011fu belirlendi.<\/p>\n<p>B\u00fcy\u00fck ve etkileyici ka\u015flar ki\u015finin daha empatik ve g\u00fcvenilir g\u00f6r\u00fcnmesini sa\u011flayabilir. <strong>Ka\u015f hareketini s\u0131n\u0131rlayan botoksun ki\u015finin empati kurma ve duygular\u0131 tan\u0131mlama yetene\u011fini azaltabilece\u011fi g\u00f6z \u00f6n\u00fcne al\u0131nd\u0131\u011f\u0131nda, bu g\u00f6r\u00fc\u015f \u00f6zellikle ilgi \u00e7ekici.<\/strong><\/p>\n<h3>A\u015eA\u011eI D\u00d6NM\u00dc\u015e A\u011eIZ, G\u00dcVEN KONUSUNDA KIRMIZI BAYRAK<\/h3>\n<p>Ayn\u0131 \u00e7al\u0131\u015fma ba\u015fka ilgi \u00e7ekici korelasyonu da ortaya \u00e7\u0131kard\u0131. A\u011fz\u0131 a\u015fa\u011f\u0131 d\u00f6n\u00fck y\u00fczler daha fakir, daha az yetkin, daha so\u011fuk ve g\u00fcvenilmez olarak alg\u0131lan\u0131yor. Ara\u015ft\u0131rmac\u0131lar, bu alg\u0131lar\u0131n stereotiplerden ve sosyal a\u00e7\u0131dan yararl\u0131 g\u00f6zlemlerden elde edilen a\u015f\u0131r\u0131 genellemelerden kaynaklanabilece\u011fini belirtiyor.<\/p>\n<p><img decoding=\"async\" src=\"https:\/\/www.tgrthaber.com\/mavikadin\/wp-content\/images\/haberler\/24-02\/15\/catik-kas-yuz.jpg\" data-mce-src=\"https:\/\/www.tgrthaber.com\/mavikadin\/wp-content\/images\/haberler\/24-02\/15\/catik-kas-yuz.jpg\" data-mce- alt=\"\" title=\"\"><\/p>\n<h3>\u00d6N YARGIYA NEDEN OLAB\u0130L\u0130R<\/h3>\n<p>Bu bulgular insan davran\u0131\u015f\u0131na dair de\u011ferli bilgiler sunarken ayn\u0131 zamanda \u00f6nyarg\u0131 ve yanl\u0131\u015f yarg\u0131lama potansiyeline ili\u015fkin sorular\u0131 da g\u00fcndeme getiriyor. Ara\u015ft\u0131rmac\u0131lar, bu ilk izlenimlerin her zaman do\u011fru olmad\u0131\u011f\u0131n\u0131 ve k\u00fclt\u00fcrel ge\u00e7mi\u015f ve ki\u015fisel deneyimler gibi \u00e7e\u015fitli fakt\u00f6rlerden etkilenebilece\u011fini vurguluyor.<\/p>\n<h3>B\u0130R Y\u00dcZ \u0130LK YARGILAR \u0130\u00c7\u0130N TUVALDEN DAHA FAZLASIDIR<\/h3>\n<p>Karma\u015f\u0131k sosyal d\u00fcnyam\u0131zda gezinirken, bu i\u00e7g\u00fcd\u00fcsel tepkilerin fark\u0131nda olmak ve adalet ve anlay\u0131\u015f i\u00e7in \u00e7abalamak \u00e7ok \u00f6nemlidir. Sonu\u00e7ta bir y\u00fcz, ilk yarg\u0131lar\u0131m\u0131z i\u00e7in bir tuvalden daha fazlas\u0131d\u0131r; ki\u015finin benzersiz hikayesine ve kimli\u011fine a\u00e7\u0131lan bir penceredir.<\/p>\n<p>Sonu\u00e7ta NYU ara\u015ft\u0131rmas\u0131 insan alg\u0131s\u0131n\u0131n ola\u011fan\u00fcst\u00fc h\u0131z\u0131n\u0131n ve karma\u015f\u0131kl\u0131\u011f\u0131n\u0131n alt\u0131n\u0131 \u00e7iziyor. K\u0131sac\u0131k bir 33 milisaniye i\u00e7inde beynimiz, etkile\u015fimlerimizi ve ili\u015fkilerimizi \u015fekillendiren bir izlenim olu\u015fturabilir. Bu ke\u015fif sadece g\u00fcven ve empati anlay\u0131\u015f\u0131m\u0131z\u0131 derinle\u015ftirmekle kalm\u0131yor, ayn\u0131 zamanda g\u00f6r\u00fcn\u00fcm ve alg\u0131 aras\u0131ndaki derin etkile\u015fimi de ayd\u0131nlat\u0131yor.<\/p><\/p>\n","protected":false},"excerpt":{"rendered":"<p>New York \u00dcniversitesi ara\u015ft\u0131rmac\u0131lar\u0131, y\u00fcz \u00f6zelliklerine g\u00f6re g\u00fcvenilirlik konusunda 33 milisaniyede ani kararlar verdi\u011fimizi ortaya koydu. Ka\u015flar, elmac\u0131k kemikleri ve cilt kalitesi bu ilk izlenimlerde belirleyici oluyor. Ancak k\u00fclt\u00fcrel birikim ve ki\u015fisel deneyimler nedeniyle ani kararlar\u0131m\u0131zda bu etkiler de\u011fi\u015febiliyor&#8230; New York \u00dcniversitesi&#8217;nde (NYU) ara\u015ft\u0131rmac\u0131lar, \u00e7\u0131\u011f\u0131r a\u00e7an bir bulu\u015fa imza atarak beynimizin belirli y\u00fcz \u00f6zelliklerine dayanarak [&hellip;]<\/p>\n","protected":false},"author":11,"featured_media":68622,"comment_status":"closed","ping_status":"open","sticky":false,"template":"","format":"standard","meta":{"rank_math_lock_modified_date":false,"footnotes":""},"categories":[78],"tags":[48709,48707,43689,40570,48708],"class_list":["post-68623","post","type-post","status-publish","format-standard","has-post-thumbnail","hentry","category-yasam","tag-beyin-ve-guven","tag-guven-algisi","tag-ilk-izlenim","tag-kas-analizi","tag-yuz-okuma"],"_links":{"self":[{"href":"https:\/\/www.tgrthaber.com\/mavikadin\/wp-json\/wp\/v2\/posts\/68623"}],"collection":[{"href":"https:\/\/www.tgrthaber.com\/mavikadin\/wp-json\/wp\/v2\/posts"}],"about":[{"href":"https:\/\/www.tgrthaber.com\/mavikadin\/wp-json\/wp\/v2\/types\/post"}],"author":[{"embeddable":true,"href":"https:\/\/www.tgrthaber.com\/mavikadin\/wp-json\/wp\/v2\/users\/11"}],"replies":[{"embeddable":true,"href":"https:\/\/www.tgrthaber.com\/mavikadin\/wp-json\/wp\/v2\/comments?post=68623"}],"version-history":[{"count":1,"href":"https:\/\/www.tgrthaber.com\/mavikadin\/wp-json\/wp\/v2\/posts\/68623\/revisions"}],"predecessor-version":[{"id":68624,"href":"https:\/\/www.tgrthaber.com\/mavikadin\/wp-json\/wp\/v2\/posts\/68623\/revisions\/68624"}],"wp:featuredmedia":[{"embeddable":true,"href":"https:\/\/www.tgrthaber.com\/mavikadin\/wp-json\/wp\/v2\/media\/68622"}],"wp:attachment":[{"href":"https:\/\/www.tgrthaber.com\/mavikadin\/wp-json\/wp\/v2\/media?parent=68623"}],"wp:term":[{"taxonomy":"category","embeddable":true,"href":"https:\/\/www.tgrthaber.com\/mavikadin\/wp-json\/wp\/v2\/categories?post=68623"},{"taxonomy":"post_tag","embeddable":true,"href":"https:\/\/www.tgrthaber.com\/mavikadin\/wp-json\/wp\/v2\/tags?post=68623"}],"curies":[{"name":"wp","href":"https:\/\/api.w.org\/{rel}","templated":true}]}}