{"id":68842,"date":"2024-02-19T14:40:00","date_gmt":"2024-02-19T11:40:00","guid":{"rendered":"https:\/\/new.mavikadin.com\/?p=68842"},"modified":"2024-09-17T02:33:03","modified_gmt":"2024-09-16T23:33:03","slug":"dini-degerlere-hakaret-eden-feyza-altun-hakkinda-sorusturma-baslatildi","status":"publish","type":"post","link":"https:\/\/www.tgrthaber.com\/mavikadin\/dini-degerlere-hakaret-eden-feyza-altun-hakkinda-sorusturma-baslatildi\/","title":{"rendered":"Dini de\u011ferlere hakaret eden Feyza Altun hakk\u0131nda soru\u015fturma ba\u015flat\u0131ld\u0131"},"content":{"rendered":"<p>Avukat Feyza Altun hakk\u0131nda, sosyal medya hesab\u0131ndaki hakaret i\u00e7erikli payla\u015f\u0131mlar\u0131 nedeniyle soru\u015fturma ba\u015flat\u0131ld\u0131.<\/p>\n<p>Avukat Feyza Altun, d&uuml;n sosyal medya hesab\u0131ndan \u015feriat ile alakal\u0131 tweet payla\u015ft\u0131.&nbsp;<\/p>\n<p>Beykoz Cumhuriyet Ba\u015fsavc\u0131l\u0131\u011f\u0131&#8217;n\u0131n payla\u015f\u0131mla ilgili &#8220;Halk\u0131 kin ve d&uuml;\u015fmanl\u0131\u011fa tahrik etme&#8221; su&ccedil;undan re&#8217;sen soru\u015fturma ba\u015flatt\u0131\u011f\u0131 &ouml;\u011frenildi.<\/p>\n<p>Soru\u015fturma TCK&#8217;n\u0131n 216&#8217;ya 1&#8217;deki &#8220;Halk\u0131n sosyal s\u0131n\u0131f, \u0131rk, din, mezhep veya b&ouml;lge bak\u0131m\u0131ndan farkl\u0131 &ouml;zelliklere sahip bir kesimini, di\u011fer bir kesimi aleyhine kin ve d&uuml;\u015fmanl\u0131\u011fa alenen tahrik etme&#8221; maddesine muhalefet iddias\u0131yla ba\u015flat\u0131ld\u0131.<\/p>\n<p>Dini de\u011ferlere y&ouml;nelik &ccedil;irkin ifadeleriyle tan\u0131nan avukat Feyza Altun, daha &ouml;nce de yine benzer bir payla\u015f\u0131m yapm\u0131\u015ft\u0131.&nbsp;<\/p>\n<h3><strong>SERBEST BIRAKILDI<\/strong><\/h3>\n<p>Pazartesi g&uuml;n&uuml; g&ouml;zalt\u0131na al\u0131nan Feyza Altun, yurt d\u0131\u015f\u0131 &ccedil;\u0131k\u0131\u015f yasa\u011f\u0131 ve haftada iki g&uuml;n karakolda imza atma \u015fart\u0131yla serbest b\u0131rak\u0131ld\u0131.&nbsp;<\/p>\n<h3><strong>FEYZA ALTUN K\u0130MD\u0130R?<\/strong><\/h3>\n<p>Feyza Altun 1987 y\u0131l\u0131nda \u0130stanbul&#8217;da do\u011fdu. &Uuml;niversite hayat\u0131n\u0131 Marmara &Uuml;niversitesi Hukuk Fak&uuml;ltesinde tamamlayan Altun, y&uuml;ksek lisans e\u011fitimini \u0130stanbul Bilgi &Uuml;niversitesi &#8220;\u0130nsan Haklar\u0131 Hukuku&#8221; konusunda yapt\u0131.<\/p>\n<p>Altun kendisini avukat, feminist, aktivist, filantrop ve yazar olarak tan\u0131mlamaktad\u0131r. 2015 y\u0131l\u0131nda 7 ayl\u0131k bebe\u011fiyle duru\u015fmaya giren Feyza Altun uzun s&uuml;re ad\u0131ndan s&ouml;z ettirmi\u015fti.<\/p>\n","protected":false},"excerpt":{"rendered":"<p>Avukat Feyza Altun hakk\u0131nda, sosyal medya hesab\u0131ndaki hakaret i\u00e7erikli payla\u015f\u0131mlar\u0131 nedeniyle soru\u015fturma ba\u015flat\u0131ld\u0131. Avukat Feyza Altun, d&uuml;n sosyal medya hesab\u0131ndan \u015feriat ile alakal\u0131 tweet payla\u015ft\u0131.&nbsp; Beykoz Cumhuriyet Ba\u015fsavc\u0131l\u0131\u011f\u0131&#8217;n\u0131n payla\u015f\u0131mla ilgili &#8220;Halk\u0131 kin ve d&uuml;\u015fmanl\u0131\u011fa tahrik etme&#8221; su&ccedil;undan re&#8217;sen soru\u015fturma ba\u015flatt\u0131\u011f\u0131 &ouml;\u011frenildi. Soru\u015fturma TCK&#8217;n\u0131n 216&#8217;ya 1&#8217;deki &#8220;Halk\u0131n sosyal s\u0131n\u0131f, \u0131rk, din, mezhep veya b&ouml;lge bak\u0131m\u0131ndan farkl\u0131 [&hellip;]<\/p>\n","protected":false},"author":7,"featured_media":68841,"comment_status":"closed","ping_status":"open","sticky":false,"template":"","format":"standard","meta":{"rank_math_lock_modified_date":false,"footnotes":""},"categories":[78],"tags":[48809,747,23456,48808,48807,2402],"class_list":["post-68842","post","type-post","status-publish","format-standard","has-post-thumbnail","hentry","category-yasam","tag-dini-hakaret","tag-feyza","tag-feyza-altun","tag-halki-kin","tag-seriat","tag-sorusturma"],"_links":{"self":[{"href":"https:\/\/www.tgrthaber.com\/mavikadin\/wp-json\/wp\/v2\/posts\/68842"}],"collection":[{"href":"https:\/\/www.tgrthaber.com\/mavikadin\/wp-json\/wp\/v2\/posts"}],"about":[{"href":"https:\/\/www.tgrthaber.com\/mavikadin\/wp-json\/wp\/v2\/types\/post"}],"author":[{"embeddable":true,"href":"https:\/\/www.tgrthaber.com\/mavikadin\/wp-json\/wp\/v2\/users\/7"}],"replies":[{"embeddable":true,"href":"https:\/\/www.tgrthaber.com\/mavikadin\/wp-json\/wp\/v2\/comments?post=68842"}],"version-history":[{"count":1,"href":"https:\/\/www.tgrthaber.com\/mavikadin\/wp-json\/wp\/v2\/posts\/68842\/revisions"}],"predecessor-version":[{"id":68843,"href":"https:\/\/www.tgrthaber.com\/mavikadin\/wp-json\/wp\/v2\/posts\/68842\/revisions\/68843"}],"wp:featuredmedia":[{"embeddable":true,"href":"https:\/\/www.tgrthaber.com\/mavikadin\/wp-json\/wp\/v2\/media\/68841"}],"wp:attachment":[{"href":"https:\/\/www.tgrthaber.com\/mavikadin\/wp-json\/wp\/v2\/media?parent=68842"}],"wp:term":[{"taxonomy":"category","embeddable":true,"href":"https:\/\/www.tgrthaber.com\/mavikadin\/wp-json\/wp\/v2\/categories?post=68842"},{"taxonomy":"post_tag","embeddable":true,"href":"https:\/\/www.tgrthaber.com\/mavikadin\/wp-json\/wp\/v2\/tags?post=68842"}],"curies":[{"name":"wp","href":"https:\/\/api.w.org\/{rel}","templated":true}]}}