{"id":69601,"date":"2024-03-01T09:23:00","date_gmt":"2024-03-01T06:23:00","guid":{"rendered":"https:\/\/new.mavikadin.com\/?p=69601"},"modified":"2024-09-17T03:07:42","modified_gmt":"2024-09-17T00:07:42","slug":"belcim-bilginden-yilmaz-erdogan-itirafi","status":"publish","type":"post","link":"https:\/\/www.tgrthaber.com\/mavikadin\/belcim-bilginden-yilmaz-erdogan-itirafi\/","title":{"rendered":"Bel\u00e7im Bilgin&#8217;den Y\u0131lmaz Erdo\u011fan itiraf\u0131"},"content":{"rendered":"<p>\u00dcnl\u00fc oyuncu Bel\u00e7im Bilgin, son d\u00f6nemde ad\u0131n\u0131 &#8220;Be&#8221; olarak de\u011fi\u015ftirmek istedi\u011fi a\u00e7\u0131klamas\u0131yla magazin g\u00fcndeminde yerini al\u0131yordu. G\u00f6khan \u00c7\u0131nar&#8217;\u0131n sundu\u011fu &#8216;Katarsis&#8217; program\u0131na konuk olan Bilgin bu kez eski e\u015fi Y\u0131lmaz Erdo\u011fan hakk\u0131nda yapt\u0131\u011f\u0131 a\u00e7\u0131klamayla dikkat \u00e7ekti.<\/p>\n<p>\u0130smini &#8220;Be&#8221; olarak de\u011fi\u015ftirmeyi d&uuml;\u015f&uuml;nd&uuml;\u011f&uuml;n&uuml; s&ouml;yleyen ve bu a&ccedil;\u0131klamas\u0131yla magazin g&uuml;ndeminden d&uuml;\u015fmeyen &uuml;nl&uuml; oyuncu Bel&ccedil;im Bilgin, Uzman Psikolog G&ouml;khan &Ccedil;\u0131nar&#8217;\u0131n sundu\u011fu &#8216;Katarsis&#8217; program\u0131n\u0131n bu haftaki konu\u011fu oldu.<\/p>\n<p>Her a&ccedil;\u0131klamas\u0131 olay olan Bilgin, programda hayat\u0131na dair samimi itiraflarda bulunurken, kendisine gelen ele\u015ftirilere de cevap verdi.<\/p>\n<p>Bilgin, &#8216;Eski e\u015finin n&uuml;fus g&uuml;c&uuml;n&uuml; kulland\u0131\u011f\u0131n\u0131 herkes biliyor ama di\u011fer yandan &ouml;zg&uuml;r ve g&uuml;&ccedil;l&uuml; feminist olmas\u0131 &ccedil;ok ironik&#8217; diye kendisine gelen bir yoruma cevap verdi.<\/p>\n<h3><strong>&#8220;BEN\u0130M KAR\u0130YER\u0130M ZATEN BA\u015eLAMI\u015eTI&#8221;<\/strong><\/h3>\n<p>&Uuml;nl&uuml; oyuncu, &#8221;Y\u0131lmaz Erdo\u011fan&#8217;la evlenmeden &ouml;nce benim kariyerim zaten ba\u015flam\u0131\u015ft\u0131. Yine yapacakt\u0131m yapaca\u011f\u0131m\u0131. Benimle Y\u0131lmaz&#8217;\u0131n ili\u015fkisi &ccedil;o\u011fu zaman benim hayat\u0131mda kap\u0131lar\u0131n &uuml;zerime kapanmas\u0131n\u0131 da sa\u011flad\u0131. Bir s&uuml;r&uuml; yerde de a&ccedil;t\u0131. Dolay\u0131s\u0131yla iyisiyle k&ouml;t&uuml;s&uuml;yle hepsi i&ccedil;in &ccedil;ok \u015f&uuml;k&uuml;r.&#8221;<\/p>\n<h3><strong>&#8220;K\u0130ML\u0130K MESELES\u0130 &Ouml;NEML\u0130&#8221;<\/strong><\/h3>\n<p>&#8220;Bu alg\u0131y\u0131 anl\u0131yorum. Kimlik meselesi &ouml;nemli. Birinin k\u0131z\u0131 birinin kar\u0131s\u0131 birinin torunu&#8230; Bir durun ya hi&ccedil;birisi yok. Ben ger&ccedil;ekten buraya insan olma deneyimini ya\u015famaya gelmi\u015f sonsuz bir varl\u0131k oldu\u011fumu d&uuml;\u015f&uuml;n&uuml;yorum. &Ccedil;ok fazla s\u0131nav\u0131n\u0131 verdi\u011fim yerler buralar. &Ccedil;ok &ccedil;aba g&ouml;sterdi\u011fim yerler.&#8221;<\/p>\n<h3><strong>&#8220;&Ccedil;OK G&Uuml;ZEL OYNAMI\u015eIM&#8221;<\/strong><\/h3>\n<p>&#8220;Bir tek Kelebe\u011fin R&uuml;yas\u0131&#8217;nda birlikte &ccedil;al\u0131\u015ft\u0131k Y\u0131lmaz&#8217;la ben daha &ccedil;ekimlerde Y\u0131lmaz&#8217;a dedim ki &#8216;Kimse benim performans\u0131m\u0131 be\u011fenmeyecek&#8217; sonra her \u015fey ola\u011fan&uuml;st&uuml; yaz\u0131ld\u0131. Bir tek benimle ilgili &ccedil;ok k&ouml;t&uuml; \u015feyler yaz\u0131ld\u0131. \u015eimdi d&ouml;n&uuml;p izliyorum &ccedil;ok g&uuml;zel oynam\u0131\u015f\u0131m. Daha ka&ccedil; tane i\u015f yapmal\u0131y\u0131m?&#8221; diye konu\u015ftu.<\/p><\/p>\n","protected":false},"excerpt":{"rendered":"<p>\u00dcnl\u00fc oyuncu Bel\u00e7im Bilgin, son d\u00f6nemde ad\u0131n\u0131 &#8220;Be&#8221; olarak de\u011fi\u015ftirmek istedi\u011fi a\u00e7\u0131klamas\u0131yla magazin g\u00fcndeminde yerini al\u0131yordu. G\u00f6khan \u00c7\u0131nar&#8217;\u0131n sundu\u011fu &#8216;Katarsis&#8217; program\u0131na konuk olan Bilgin bu kez eski e\u015fi Y\u0131lmaz Erdo\u011fan hakk\u0131nda yapt\u0131\u011f\u0131 a\u00e7\u0131klamayla dikkat \u00e7ekti. \u0130smini &#8220;Be&#8221; olarak de\u011fi\u015ftirmeyi d&uuml;\u015f&uuml;nd&uuml;\u011f&uuml;n&uuml; s&ouml;yleyen ve bu a&ccedil;\u0131klamas\u0131yla magazin g&uuml;ndeminden d&uuml;\u015fmeyen &uuml;nl&uuml; oyuncu Bel&ccedil;im Bilgin, Uzman Psikolog G&ouml;khan &Ccedil;\u0131nar&#8217;\u0131n [&hellip;]<\/p>\n","protected":false},"author":7,"featured_media":69600,"comment_status":"closed","ping_status":"open","sticky":false,"template":"","format":"standard","meta":{"rank_math_lock_modified_date":false,"footnotes":""},"categories":[76],"tags":[3951,48774,46244,3035],"class_list":["post-69601","post","type-post","status-publish","format-standard","has-post-thumbnail","hentry","category-magazin","tag-belcim-bilgin","tag-katarsis","tag-unlu-itiraf","tag-yilmaz-erdogan"],"_links":{"self":[{"href":"https:\/\/www.tgrthaber.com\/mavikadin\/wp-json\/wp\/v2\/posts\/69601"}],"collection":[{"href":"https:\/\/www.tgrthaber.com\/mavikadin\/wp-json\/wp\/v2\/posts"}],"about":[{"href":"https:\/\/www.tgrthaber.com\/mavikadin\/wp-json\/wp\/v2\/types\/post"}],"author":[{"embeddable":true,"href":"https:\/\/www.tgrthaber.com\/mavikadin\/wp-json\/wp\/v2\/users\/7"}],"replies":[{"embeddable":true,"href":"https:\/\/www.tgrthaber.com\/mavikadin\/wp-json\/wp\/v2\/comments?post=69601"}],"version-history":[{"count":1,"href":"https:\/\/www.tgrthaber.com\/mavikadin\/wp-json\/wp\/v2\/posts\/69601\/revisions"}],"predecessor-version":[{"id":69602,"href":"https:\/\/www.tgrthaber.com\/mavikadin\/wp-json\/wp\/v2\/posts\/69601\/revisions\/69602"}],"wp:featuredmedia":[{"embeddable":true,"href":"https:\/\/www.tgrthaber.com\/mavikadin\/wp-json\/wp\/v2\/media\/69600"}],"wp:attachment":[{"href":"https:\/\/www.tgrthaber.com\/mavikadin\/wp-json\/wp\/v2\/media?parent=69601"}],"wp:term":[{"taxonomy":"category","embeddable":true,"href":"https:\/\/www.tgrthaber.com\/mavikadin\/wp-json\/wp\/v2\/categories?post=69601"},{"taxonomy":"post_tag","embeddable":true,"href":"https:\/\/www.tgrthaber.com\/mavikadin\/wp-json\/wp\/v2\/tags?post=69601"}],"curies":[{"name":"wp","href":"https:\/\/api.w.org\/{rel}","templated":true}]}}