{"id":69607,"date":"2024-03-01T09:29:00","date_gmt":"2024-03-01T06:29:00","guid":{"rendered":"https:\/\/new.mavikadin.com\/?p=69607"},"modified":"2024-09-17T03:07:57","modified_gmt":"2024-09-17T00:07:57","slug":"murat-dalkilici-bitik-goren-merve-bolugur-kendine-geldi-sosyal-medyada-yorum-yagdi","status":"publish","type":"post","link":"https:\/\/www.tgrthaber.com\/mavikadin\/murat-dalkilici-bitik-goren-merve-bolugur-kendine-geldi-sosyal-medyada-yorum-yagdi\/","title":{"rendered":"Murat Dalk\u0131l\u0131\u00e7&#8217;\u0131 bitik g\u00f6ren Merve Bolu\u011fur kendine geldi! Sosyal medyada yorum ya\u011fd\u0131"},"content":{"rendered":"<p>Sosyal medya hesab\u0131ndan payla\u015ft\u0131\u011f\u0131 foto\u011fraflar\u0131 genellikle ele\u015ftirilen Merve Bolu\u011fur bu kez \u015fa\u015f\u0131rtt\u0131. Siyah giyim tarz\u0131 be\u011fenilen \u00fcnl\u00fc oyuncuya yorum ya\u011fd\u0131.<\/p>\n<p>Merve Bolu\u011fur bu kez giyim tarz\u0131yla ve se&ccedil;ti\u011fi renklerle alk\u0131\u015f toplad\u0131. Sosyal medyas\u0131na &ccedil;eki d&uuml;zen veren &uuml;nl&uuml; oyuncu takip&ccedil;ilerinden g&uuml;zel yorumlar ald\u0131.&nbsp;<\/p>\n<p>&#8216;Acemi Cad\u0131&#8217; dizisindeki Ay\u015feg&uuml;l rol&uuml;yle hayat\u0131m\u0131za giren Merve Bolu\u011fur de\u011fi\u015fen ruh hali ve giyim tarz\u0131 y&uuml;z&uuml;nden zaman zaman sosyal medyan\u0131n dile d&uuml;\u015f&uuml;yor. Eski halini bilen takip&ccedil;ileri de bu durumu s\u0131k s\u0131k ele\u015ftiriyor.&nbsp;<\/p>\n<p><img decoding=\"async\" src=\"https:\/\/www.tgrthaber.com\/mavikadin\/wp-content\/images\/haberler\/24-03\/01\/haber-ici-acemi-cadi.jpg\" alt=\"\" title=\"\"><\/p>\n<p>Ge&ccedil;ti\u011fimiz haftalarda Eser Yenenler&#8217;in Lin&ccedil; program\u0131na kat\u0131lan Merve Bolu\u011fur &ouml;zel hayat\u0131 ve evlilikleriyle ilgili &ccedil;arp\u0131c\u0131 a&ccedil;\u0131klamalarda bulundu. Her a&ccedil;\u0131klamas\u0131 olay olan &uuml;nl&uuml; isme takip&ccedil;ilerinden &#8220;ne olur geri d&ouml;n&#8221; yorumlar\u0131 ya\u011fd\u0131.<\/p>\n<p>D\u0131\u015favurdu\u011fu deli dolu kad\u0131n\u0131n i&ccedil;inde asl\u0131nda bir&ccedil;ok \u015feye &ouml;zlem duydu\u011funu da g&ouml;steren Merve Bolu\u011fur gelen yorumlar\u0131 dikkate alm\u0131\u015f olacak ki art\u0131k kendisine &ccedil;eki d&uuml;zen vermeye ba\u015flad\u0131.<\/p>\n<p>Program sonras\u0131 tepki &ccedil;eken foto\u011fraflar payla\u015fmay\u0131 b\u0131rakan Bolu\u011fur, bak\u0131ml\u0131 ve eski halini aratmayan g&uuml;nlerine geri d&ouml;nd&uuml;&#8230; \u0130\u015fte Merve Bolu\u011fur&#8217;un be\u011feni toplayan yeni hali&#8230;<\/p>\n<p><img decoding=\"async\" src=\"https:\/\/www.tgrthaber.com\/mavikadin\/wp-content\/images\/haberler\/24-03\/01\/haber-ici-merve-1.jpg\" alt=\"\" title=\"\"><\/p>\n<p><strong>Merve Bolu\u011fur&#8217;a gelen sosyal medya yorumlar\u0131:<\/strong><\/p>\n<p><img decoding=\"async\" src=\"https:\/\/www.tgrthaber.com\/mavikadin\/wp-content\/images\/haberler\/24-03\/01\/haber-ici-merve.jpg\" alt=\"\" title=\"\"><\/p>\n<p><img decoding=\"async\" src=\"https:\/\/www.tgrthaber.com\/mavikadin\/wp-content\/images\/haberler\/24-03\/01\/haber-ici-merve-2.jpg\" alt=\"\" title=\"\"><\/p>\n<p>&nbsp;<\/p>\n<\/p>\n<p>&nbsp;<\/p>\n<p>&nbsp;<\/p>\n","protected":false},"excerpt":{"rendered":"<p>Sosyal medya hesab\u0131ndan payla\u015ft\u0131\u011f\u0131 foto\u011fraflar\u0131 genellikle ele\u015ftirilen Merve Bolu\u011fur bu kez \u015fa\u015f\u0131rtt\u0131. Siyah giyim tarz\u0131 be\u011fenilen \u00fcnl\u00fc oyuncuya yorum ya\u011fd\u0131. Merve Bolu\u011fur bu kez giyim tarz\u0131yla ve se&ccedil;ti\u011fi renklerle alk\u0131\u015f toplad\u0131. Sosyal medyas\u0131na &ccedil;eki d&uuml;zen veren &uuml;nl&uuml; oyuncu takip&ccedil;ilerinden g&uuml;zel yorumlar ald\u0131.&nbsp; &#8216;Acemi Cad\u0131&#8217; dizisindeki Ay\u015feg&uuml;l rol&uuml;yle hayat\u0131m\u0131za giren Merve Bolu\u011fur de\u011fi\u015fen ruh hali ve [&hellip;]<\/p>\n","protected":false},"author":5,"featured_media":69606,"comment_status":"closed","ping_status":"open","sticky":false,"template":"","format":"standard","meta":{"rank_math_lock_modified_date":false,"footnotes":""},"categories":[76],"tags":[2689,49191,49190,3169,41126],"class_list":["post-69607","post","type-post","status-publish","format-standard","has-post-thumbnail","hentry","category-magazin","tag-merve-bolugur","tag-merve-bolugur-son-hali","tag-merve-bolugur-tarzi","tag-sosyal-medya","tag-unlulerin-degisimi"],"_links":{"self":[{"href":"https:\/\/www.tgrthaber.com\/mavikadin\/wp-json\/wp\/v2\/posts\/69607"}],"collection":[{"href":"https:\/\/www.tgrthaber.com\/mavikadin\/wp-json\/wp\/v2\/posts"}],"about":[{"href":"https:\/\/www.tgrthaber.com\/mavikadin\/wp-json\/wp\/v2\/types\/post"}],"author":[{"embeddable":true,"href":"https:\/\/www.tgrthaber.com\/mavikadin\/wp-json\/wp\/v2\/users\/5"}],"replies":[{"embeddable":true,"href":"https:\/\/www.tgrthaber.com\/mavikadin\/wp-json\/wp\/v2\/comments?post=69607"}],"version-history":[{"count":1,"href":"https:\/\/www.tgrthaber.com\/mavikadin\/wp-json\/wp\/v2\/posts\/69607\/revisions"}],"predecessor-version":[{"id":69608,"href":"https:\/\/www.tgrthaber.com\/mavikadin\/wp-json\/wp\/v2\/posts\/69607\/revisions\/69608"}],"wp:featuredmedia":[{"embeddable":true,"href":"https:\/\/www.tgrthaber.com\/mavikadin\/wp-json\/wp\/v2\/media\/69606"}],"wp:attachment":[{"href":"https:\/\/www.tgrthaber.com\/mavikadin\/wp-json\/wp\/v2\/media?parent=69607"}],"wp:term":[{"taxonomy":"category","embeddable":true,"href":"https:\/\/www.tgrthaber.com\/mavikadin\/wp-json\/wp\/v2\/categories?post=69607"},{"taxonomy":"post_tag","embeddable":true,"href":"https:\/\/www.tgrthaber.com\/mavikadin\/wp-json\/wp\/v2\/tags?post=69607"}],"curies":[{"name":"wp","href":"https:\/\/api.w.org\/{rel}","templated":true}]}}