{"id":71296,"date":"2024-03-24T15:30:00","date_gmt":"2024-03-24T12:30:00","guid":{"rendered":"https:\/\/new.mavikadin.com\/?p=71296"},"modified":"2024-09-17T04:31:34","modified_gmt":"2024-09-17T01:31:34","slug":"yargi-dizisi-defne-kimdir-beren-nur-karadis-kac-yasinda-instagram-adresi-ne","status":"publish","type":"post","link":"https:\/\/www.tgrthaber.com\/mavikadin\/yargi-dizisi-defne-kimdir-beren-nur-karadis-kac-yasinda-instagram-adresi-ne\/","title":{"rendered":"Yarg\u0131 dizisi Defne kimdir? Beren Nur Karadi\u015f ka\u00e7 ya\u015f\u0131nda, instagram adresi ne?"},"content":{"rendered":"<p>Yarg\u0131 dizisinde Ilgaz\u2019\u0131n (Kaan Urganc\u0131o\u011flu) karde\u015fi rol\u00fc ile kar\u015f\u0131m\u0131za \u00e7\u0131kan Defne\u2019nin hayat\u0131 dizinin takip\u00e7ileri taraf\u0131ndan merak ediliyor. Peki Yarg\u0131 dizisi Defne kim? Defne karakteri \u201cBeren Nur Karadi\u015f\u201d ka\u00e7 ya\u015f\u0131nda? Detaylar haberimizde<\/p>\n<p>Pazar ak\u015famlar\u0131 Kanal D ekranlar\u0131nda yay\u0131nlanan Yarg\u0131 dizisi s&uuml;r&uuml;kleyici senaryosu, ba\u015far\u0131l\u0131 oyuncular\u0131 ile izleyiciyi ekrana ba\u011fl\u0131yor, reytinglerde zirveden inmiyor. Dizinin oyuncular\u0131n\u0131n ya\u015fam\u0131 da diziyi takip edenler taraf\u0131ndan ara\u015ft\u0131r\u0131l\u0131yor. Defne karakteri de dikkat &ccedil;eken isimlerden. Peki Defne (Beren Nur Karadi\u015f) kimdir? Instagram adresi ne?<\/p>\n<h3><strong>BEREN NUR KARAD\u0130\u015e K\u0130MD\u0130R?<\/strong><\/h3>\n<p>Beren Nur Karadi\u015f, T&uuml;rk dizi ve film oyuncusudur. K&uuml;&ccedil;&uuml;k ya\u015f\u0131na ra\u011fmen &ouml;nemli yap\u0131mlarda oynad\u0131. 2014 y\u0131l\u0131nda \u0130stanbul&#8217;da d&uuml;nyaya geldi. Oyunculuk kariyerine Fox TV&#8217;de yay\u0131nlanan Bir Aile Hikayesi dizisiyle ba\u015flad\u0131. TV 8&#8217;de 2019-2020&#8217;de ekrana gelen Do\u011fdu\u011fun Ev Kaderindir dizisinde Demet &Ouml;zdemir&rsquo;in &ccedil;ocuklu\u011fu olarak rol ald\u0131. 2021 y\u0131l\u0131ndan bu yana ise oyunculu\u011fa Yarg\u0131 dizisinde Defne karakteri olarak devam ediyor.<\/p>\n<h3><strong>YARGI D\u0130Z\u0130S\u0130 DEFNE K\u0130MD\u0130R, K\u0130M\u0130N KIZI?<\/strong><\/h3>\n<p>Yarg\u0131 dizisi Defne, 26 \u015eubat 2014 senesinde Kaya ailesinin k&uuml;&ccedil;&uuml;k k\u0131z\u0131 olarak d&uuml;nyaya geldi. 25 y\u0131ll\u0131k polis memuru Metin Kaya&rsquo;n\u0131n Ilgaz ve &Ccedil;\u0131nar ile beraber &uuml;&ccedil; &ccedil;ocu\u011fundan biridir.<\/p>\n<p>Defne 2 ya\u015f\u0131ndayken annesini kaybetti ve halas\u0131 Makbule taraf\u0131ndan b&uuml;y&uuml;t&uuml;lm&uuml;\u015ft&uuml;r. Balkan Mafyas\u0131 taraf\u0131ndan ka&ccedil;\u0131r\u0131lm\u0131\u015ft\u0131r. Sonras\u0131nda abisi Ilgaz taraf\u0131ndan kurtar\u0131lm\u0131\u015ft\u0131r. Halas\u0131 Makbule yurtd\u0131\u015f\u0131na gitti\u011fi i&ccedil;in, ona dedesi Merdan Kaya bak\u0131yordur. 5 sene sonra, (ge&ccedil;mi\u015fte ya\u015fad\u0131\u011f\u0131 travmalar\u0131n etkisiyle) bamba\u015fka birisi haline gelmi\u015f, \u015f\u0131mar\u0131k olmu\u015ftur.<\/p>\n<p>Abisi &Ccedil;\u0131nar&rsquo;\u0131n her \u015fartta su&ccedil;suz oldu\u011funu bilen Defne elinden geldi\u011fi zaman her zaman abilerine destek olmu\u015ftur.<\/p>\n<p>Zeki bir k\u0131z olan Defne &ouml;zellikle abisi &Ccedil;\u0131nar&rsquo;\u0131n arkada\u015f\u0131n\u0131n &ouml;lmesinden sonra i\u015flerin yolunda gitmedi\u011fini hissedecek ve durumdan huzursuz olacakt\u0131r; yine de mutsuzlu\u011funu kimseye belli etmemeye &ccedil;al\u0131\u015fan Defne asla abisinin bir k\u0131z\u0131 &ouml;ld&uuml;rm&uuml;\u015f olabilece\u011fine inanmaz.<\/p>\n<p><img decoding=\"async\" src=\"https:\/\/www.tgrthaber.com\/mavikadin\/wp-content\/images\/haberler\/24-03\/24\/yargi-dizisi-4.jpg\" alt=\"\" title=\"\"><\/p>\n<h3><strong>BEREN NUR KARAD\u0130\u015e&#8217;\u0130N INSTAGRAM ADRES\u0130 NE?<\/strong><\/h3>\n<p>Beren Nur Karadi\u015f&#8217;in instagram adresinin ne oldu\u011fu da Google arama motorunda ara\u015ft\u0131r\u0131lan \u015feylerden. Yetenekli oyuncu instagram\u0131 aktif bir \u015fekilde kullan\u0131yor. . Minik yetene\u011fin takip&ccedil;i say\u0131s\u0131 her ge&ccedil;en g&uuml;n artmaktad\u0131r. Yarg\u0131 dizisinin ekrana gelmeye devam etmesiyle Beren&#8217;in takip&ccedil;isinin artaca\u011f\u0131 d&uuml;\u015f&uuml;n&uuml;l&uuml;yor. Beren Nur Karadi\u015fi @berennurkaradis instagram adresini kullan\u0131yor.<\/p>\n<h3><strong>BEREN NUR KARAD\u0130\u015e D\u0130Z\u0130 VE F\u0130LMLER\u0130<\/strong><\/h3>\n<p>Doktor Sad\u0131k Ahmet (Sinema Filmi 2021)<\/p>\n<p>Yarg\u0131 (TV Dizisi 2021)<\/p>\n<p>Do\u011fdu\u011fun Ev Kaderindir (Gen&ccedil; Zeynep, TV Dizisi 2019-2020)<\/p>\n<p>Bir Aile Hikayesi (Mercan G&uuml;ne\u015f, TV Dizisi 2019)<\/p><\/p>\n","protected":false},"excerpt":{"rendered":"<p>Yarg\u0131 dizisinde Ilgaz\u2019\u0131n (Kaan Urganc\u0131o\u011flu) karde\u015fi rol\u00fc ile kar\u015f\u0131m\u0131za \u00e7\u0131kan Defne\u2019nin hayat\u0131 dizinin takip\u00e7ileri taraf\u0131ndan merak ediliyor. Peki Yarg\u0131 dizisi Defne kim? Defne karakteri \u201cBeren Nur Karadi\u015f\u201d ka\u00e7 ya\u015f\u0131nda? Detaylar haberimizde Pazar ak\u015famlar\u0131 Kanal D ekranlar\u0131nda yay\u0131nlanan Yarg\u0131 dizisi s&uuml;r&uuml;kleyici senaryosu, ba\u015far\u0131l\u0131 oyuncular\u0131 ile izleyiciyi ekrana ba\u011fl\u0131yor, reytinglerde zirveden inmiyor. Dizinin oyuncular\u0131n\u0131n ya\u015fam\u0131 da diziyi [&hellip;]<\/p>\n","protected":false},"author":30,"featured_media":71295,"comment_status":"closed","ping_status":"open","sticky":false,"template":"","format":"standard","meta":{"rank_math_lock_modified_date":false,"footnotes":""},"categories":[491],"tags":[50008,1796,41761,50007,18977],"class_list":["post-71296","post","type-post","status-publish","format-standard","has-post-thumbnail","hentry","category-biyografi","tag-beren-nur-karadis","tag-instagram-2","tag-kac-yasinda","tag-yargi-defne","tag-yargi-dizisi"],"_links":{"self":[{"href":"https:\/\/www.tgrthaber.com\/mavikadin\/wp-json\/wp\/v2\/posts\/71296"}],"collection":[{"href":"https:\/\/www.tgrthaber.com\/mavikadin\/wp-json\/wp\/v2\/posts"}],"about":[{"href":"https:\/\/www.tgrthaber.com\/mavikadin\/wp-json\/wp\/v2\/types\/post"}],"author":[{"embeddable":true,"href":"https:\/\/www.tgrthaber.com\/mavikadin\/wp-json\/wp\/v2\/users\/30"}],"replies":[{"embeddable":true,"href":"https:\/\/www.tgrthaber.com\/mavikadin\/wp-json\/wp\/v2\/comments?post=71296"}],"version-history":[{"count":1,"href":"https:\/\/www.tgrthaber.com\/mavikadin\/wp-json\/wp\/v2\/posts\/71296\/revisions"}],"predecessor-version":[{"id":71297,"href":"https:\/\/www.tgrthaber.com\/mavikadin\/wp-json\/wp\/v2\/posts\/71296\/revisions\/71297"}],"wp:featuredmedia":[{"embeddable":true,"href":"https:\/\/www.tgrthaber.com\/mavikadin\/wp-json\/wp\/v2\/media\/71295"}],"wp:attachment":[{"href":"https:\/\/www.tgrthaber.com\/mavikadin\/wp-json\/wp\/v2\/media?parent=71296"}],"wp:term":[{"taxonomy":"category","embeddable":true,"href":"https:\/\/www.tgrthaber.com\/mavikadin\/wp-json\/wp\/v2\/categories?post=71296"},{"taxonomy":"post_tag","embeddable":true,"href":"https:\/\/www.tgrthaber.com\/mavikadin\/wp-json\/wp\/v2\/tags?post=71296"}],"curies":[{"name":"wp","href":"https:\/\/api.w.org\/{rel}","templated":true}]}}