{"id":71305,"date":"2024-03-24T16:54:00","date_gmt":"2024-03-24T13:54:00","guid":{"rendered":"https:\/\/new.mavikadin.com\/?p=71305"},"modified":"2024-09-17T04:31:59","modified_gmt":"2024-09-17T01:31:59","slug":"sevval-sam-kimdir-kac-yasinda-nereli-yan-odanin-sevgisi-sevval-sam-dizi-ve-filmleri","status":"publish","type":"post","link":"https:\/\/www.tgrthaber.com\/mavikadin\/sevval-sam-kimdir-kac-yasinda-nereli-yan-odanin-sevgisi-sevval-sam-dizi-ve-filmleri\/","title":{"rendered":"\u015eevval Sam kimdir, ka\u00e7 ya\u015f\u0131nda nereli? Yan Oda&#8217;n\u0131n Sevgi\u2019si \u015eevval Sam dizi ve filmleri"},"content":{"rendered":"<p>Karadeniz \u015fark\u0131lar\u0131n\u0131 duru sesiyle yorumlayan \u015eevval Sam, gen\u00e7 ya\u015fta ba\u015flad\u0131\u011f\u0131 kariyeri boyunca bir \u00e7ok dizi ve filmde oynad\u0131. En son Yasak Elma dizisinde oynad\u0131\u011f\u0131 Ender karakteri ile g\u00fcndeme gelmi\u015fti. Yan Oda dizisinde Sevigi karakterini oynayan oyuncunun biyografisi de merak ediliyor. Peki \u015eevval Sam kimdir, ka\u00e7 ya\u015f\u0131nda nereli, boyu, boyu kilosu ne, oynad\u0131\u011f\u0131 dizi ve filmler hangileri? T\u00fcm detaylar\u0131yla \u00fcnl\u00fc oyuncunun hayat\u0131&#8230;<\/p>\n<p>G&uuml;lbeyaz dizisi ile oyunculuk kariyerine ba\u015flayan \u015eevval Sam, bug&uuml;ne kadar bir&ccedil;ok dizi ve filmde rol ald\u0131. Yasak Elma dizisinin Ender&rsquo;i olarak t&uuml;m T&uuml;rkiye&rsquo;de tan\u0131nd\u0131 ve hareketleri taklit edildi. \u015eevval Sam, oyunculuk kariyerinin yan\u0131 s\u0131ra m&uuml;zizsyen kimli\u011fi ile de biliniyor. Peki \u015eevval Sam kimdir, nerelidir, boyu, kilosu ka&ccedil;? \u015eevvala sam dizi ve filmleri ve di\u011fer deteylar\u0131 Mavi Kad\u0131n edit&ouml;r&uuml; yazd\u0131.&nbsp;<\/p>\n<ul>\n<li>Ad\u0131: T&uuml;rkdeniz \u015eevval Sam<\/li>\n<li>Do\u011fum tarihi: 11 Kas\u0131m 1973<\/li>\n<li>Do\u011fum yeri: \u0130stanbul<\/li>\n<li>Burcu: Akrep<\/li>\n<li>Mesle\u011fi: \u015eark\u0131c\u0131 \/ Oyuncu<\/li>\n<li>Boyu: 1.65 cm.<\/li>\n<li>Kilosu: 57 kg.&nbsp;<\/li>\n<li>Sa&ccedil; rengi: Koyu Kahverengi<\/li>\n<li>G&ouml;z rengi: Mavi<\/li>\n<li>Annesi: Leman Sam&nbsp;<\/li>\n<li>Babas\u0131: Selim San<\/li>\n<li>Karde\u015fi: \u015eehnaz Sam<\/li>\n<li>Eski E\u015fi: Metin Tekin (1993 &ndash; 1999)<\/li>\n<li>&Ccedil;ocu\u011fu: Tar\u0131k Emir Tekin<\/li>\n<li>Instagram adresi: @sevvalsam<\/li>\n<li>X adresi: @sevvalsam\n<\/li>\n<\/ul>\n<p><img decoding=\"async\" src=\"https:\/\/www.tgrthaber.com\/mavikadin\/wp-content\/images\/haberler\/24-03\/22\/dfhngdf-hl.jpg\" alt=\"\" title=\"\"><\/p>\n<h3><strong>\u015eEVVAL SAM K\u0130MD\u0130R, NEREL\u0130, KA&Ccedil; YA\u015eINDA?<\/strong><\/h3>\n<p>\u015eevval Sam, 11 Kas\u0131m 1973 tarihinde \u0130stanbul&rsquo;da d&uuml;nyaya geldi. Babas\u0131 m&uuml;zikle u\u011fra\u015fan Selim San ve annesi sanat&ccedil;\u0131 olan Leman Sam&rsquo;d\u0131r. Dolay\u0131s\u0131yla \u015eevval Sam sanatla dolu bir evde b&uuml;y&uuml;d&uuml;. \u0130lk ve orta &ouml;\u011frenimini Hasan Ali Y&uuml;cel \u0130lk&ouml;\u011fretim Okulu&rsquo;nda okudu ve daha sonra Zincirlikuyu \u0130n\u015faat Teknik ve Yap\u0131 Meslek Lisesi&rsquo;nde restarosyon b&ouml;l&uuml;m&uuml;nden mezun oldu.<\/p>\n<p>Marmara &Uuml;niversiesi G&uuml;zel Sanatlar Fak&uuml;ltesi Grafik b&ouml;l&uuml;m&uuml;n&uuml; okudu. 1993 ve 1999 y\u0131llar\u0131 aras\u0131nda Be\u015fikta\u015f&#8217;\u0131n F\u0131rt\u0131na lakapl\u0131 oyuncusu Metin Tekin ile evli kald\u0131. Ayn\u0131 y\u0131llar i&ccedil;erisinde de yava\u015f yava\u015f televizyon hayat\u0131na ad\u0131m att\u0131. \u0130lk olarak S&uuml;per Baba dizisinde oynayan \u015eevval Sam daha sonra A\u015fk\u0131n Da\u011flarda Gezer, Y\u0131ld\u0131zlar\u0131n Alt\u0131nda, G&uuml;lbeyaz gibi yap\u0131mlarda rol ald\u0131.<\/p>\n<p>Yak\u0131n zamanlarda Muhte\u015fem Y&uuml;zy\u0131l, Kara Kutu, Bodrum Masal\u0131 gibi dizilerle izleyici kar\u015f\u0131s\u0131na &ccedil;\u0131kan \u015eevval Sam&#8217;\u0131n oynad\u0131\u011f\u0131 bir&ccedil;ok film vard\u0131r. Oyunculuk yaparken &ccedil;\u0131kartt\u0131\u011f\u0131 bir &ccedil;ok alb&uuml;m ve single&rsquo;\u0131 bulunan \u015eevval Sam, ayn\u0131 zamanda &ccedil;ok ba\u015far\u0131l\u0131 bir ses sanat&ccedil;\u0131s\u0131d\u0131r. Fakat onu t&uuml;m T&uuml;rkiye&#8217;de tan\u0131nmas\u0131n\u0131 sa\u011flayan, Yasak Elma dizisinde canland\u0131rd\u0131\u011f\u0131 Ender &Ccedil;elebi karakteridir.&nbsp;<\/p>\n<p><img decoding=\"async\" src=\"https:\/\/www.tgrthaber.com\/mavikadin\/wp-content\/images\/haberler\/24-03\/22\/ghfjokhj.jpg\" alt=\"\" title=\"\"><\/p>\n<h3><strong>\u015eEVVAL SAM ALB&Uuml;MLER\u0130<\/strong><\/h3>\n<ul>\n<li>2016 &ndash; Sek<\/li>\n<li>2007 &ndash; Istanbul&rsquo;s Secrets<\/li>\n<li>2008 &ndash; Karadeniz<\/li>\n<li>2010 &ndash; Has Arabesk<\/li>\n<li>2012 &ndash; II Tek<\/li>\n<li>2012 &ndash; Tango<\/li>\n<li>2015 &ndash; Toprak Kokusu<\/li>\n<li>2016 &ndash; Nanninom<\/li>\n<li>2022 &ndash; Karadeniz II<\/li>\n<\/ul>\n<h3><strong>\u015eEVVAL SAM S\u0130NGLE&#8217;LARI<\/strong><\/h3>\n<ul>\n<li>2017 &ndash; A\u015fk Olsun<\/li>\n<li>2019 &ndash; Dinmiyor<\/li>\n<li>2021 &ndash; Sen Bu Yaylalar\u0131<\/li>\n<li>2021 &ndash; Kopsun Bir F\u0131rt\u0131na<\/li>\n<li>2021 &ndash; Kar\u015f\u0131ya Me\u015fe Yanar&nbsp;<\/li>\n<li>2021 &#8211; &nbsp;Hayat Devam Ediyi<\/li>\n<\/ul>\n<h3><strong>\u015eEVVAL SAM F\u0130LMLER\u0130<\/strong><\/h3>\n<ul>\n<li>2002 &ndash; Mart\u0131lar ve \u0130stanbul<\/li>\n<li>2004 &ndash; Ziyaret<\/li>\n<li>2007 &ndash; Ya\u015fam\u0131n K\u0131y\u0131s\u0131nda&nbsp;<\/li>\n<li>2007 &ndash; Sen Olmak&nbsp;<\/li>\n<li>2010 &ndash; Y&uuml;re\u011fine Sor<\/li>\n<li>2010 &ndash; Siyah Beyaz&nbsp;<\/li>\n<li>2010 &ndash; Kafe<\/li>\n<li>2015 &ndash; Black Horse Memories<\/li>\n<li>2018 &ndash; Paran\u0131n Kokusu&nbsp;<\/li>\n<\/ul>\n<p><img decoding=\"async\" src=\"https:\/\/www.tgrthaber.com\/mavikadin\/wp-content\/images\/haberler\/24-03\/22\/dfhgf.jpg\" alt=\"\" title=\"\"><\/p>\n<h3><strong>\u015eEVVAL SAM D\u0130Z\u0130LER\u0130<\/strong><\/h3>\n<ul>\n<li>1993 &ndash; 1997 &ndash; S&uuml;per Baba<\/li>\n<li>1996 &ndash; Feride<\/li>\n<li>1999 &ndash; 2000 &ndash; A\u015fk\u0131n Da\u011flarda Gezer&nbsp;<\/li>\n<li>2002 &ndash; Y\u0131ld\u0131zlar\u0131n Alt\u0131nda<\/li>\n<li>2002 &ndash; Karao\u011flan&nbsp;<\/li>\n<li>2002 -2003 &#8211; G&uuml;lbeyaz&nbsp;<\/li>\n<li>2004 &ndash; M&uuml;jgan Bey&nbsp;<\/li>\n<li>2004 &ndash; 2005 &ndash; &Ccedil;ocu\u011fun Var Derdin Var<\/li>\n<li>2005 &ndash; 2006 &ndash; Yine de A\u015f\u0131\u011f\u0131m<\/li>\n<li>2006 &ndash; Ya\u015fanm\u0131\u015f \u015eehir Hikayeleri<\/li>\n<li>2008 &ndash; Derman&nbsp;<\/li>\n<li>2012 &ndash; Acayip Hikayeler<\/li>\n<li>2013 &ndash; Muhte\u015fem Y&uuml;zy\u0131l<\/li>\n<li>2015 &ndash; Kara Kutu<\/li>\n<li>2016 &ndash; 2017 &ndash; Bodrum Masal\u0131<\/li>\n<li>2018 &ndash; 2023 &ndash; Yasak Elma<\/li>\n<li>2022 &#8211; G&ouml;n&uuml;l<\/li>\n<li>2024 &ndash; Yan Oda&nbsp;<\/li>\n<\/ul>\n<h3><strong>\u015eEVVAL SAM OYNADI\u011eI T\u0130YATRO OYUNLARI<\/strong><\/h3>\n<ul>\n<li>2018 &ndash; M&uuml;zeyyen<\/li>\n<\/ul>\n<h3><strong>\u015eEVVAL SAM$I&#8217;IN &Ouml;ZEL HAYATI<\/strong><\/h3>\n<p>\u015eevval \u015eam 1993 y\u0131l\u0131nda hen&uuml;z 19 ya\u015f\u0131ndayken Be\u015fikta\u015fl\u0131 futbolcu Metin Tekin ile evlendi. Bu evlili\u011fi 6 y\u0131l kadar s&uuml;rd&uuml; ve 1999 y\u0131l\u0131nda Metin Tekin&#8217;den bo\u015fand\u0131. \u015eevval Sam son zamanlarda reklamc\u0131 oldu\u011fu bilinen Cem Top&ccedil;uo\u011flu ile birlikte.<\/p>\n<h3><strong>\u015eEVVAL SAM B\u0130L\u0130NMEYENLER\u0130<\/strong><\/h3>\n<ul>\n<li>Gluten alerjisi var.<\/li>\n<li>S&uuml;t &uuml;r&uuml;nleri, k\u0131rm\u0131z\u0131 et ve beyaz et t&uuml;ketmeyen sanat&ccedil;\u0131, pesketeryan besleniyor.&nbsp;<\/li>\n<li>&Ccedil;al\u0131\u015fmay\u0131 i\u015f olarak g&ouml;rm&uuml;yor. S&uuml;rekli &ccedil;al\u0131\u015fabilir.<\/li>\n<li>Tabiat\u0131 &ccedil;ok seviyor. Tabiata yak\u0131n olmaya &ccedil;al\u0131\u015f\u0131yor.<\/li>\n<li>Y&uuml;z&uuml;nde hi&ccedil; esteti\u011fi bulunmayan \u015eevval Sam, estetik m&uuml;dahaleleri sevmiyor.<\/li>\n<li>\u0130nsan\u0131n kendini sevmeyecek kadar kendinde de\u011fi\u015fiklik yapmas\u0131n\u0131 do\u011fru bulmuyor.&nbsp;<\/li>\n<li>Kafas\u0131ndakileri hayata ge&ccedil;irmek i&ccedil;in &ouml;mr&uuml;n&uuml;n yetip yetmeyece\u011fini merak ediyor. &Ccedil;&uuml;n&uuml; kafas\u0131 hi&ccedil; durmuyor&hellip;<\/li>\n<li>Ucunda &ouml;l&uuml;m olmayan hi&ccedil;bir \u015feyi kafas\u0131na takm\u0131yor.&nbsp;<\/li>\n<li>En b&uuml;y&uuml;k fantazisi zaman makinesi. 1940- 1950 &lsquo;lere d&ouml;nmek istiyor.&nbsp;<\/li>\n<\/ul>\n<p><img decoding=\"async\" src=\"https:\/\/www.tgrthaber.com\/mavikadin\/wp-content\/images\/haberler\/24-03\/22\/dfghrth.jpg\" alt=\"\" title=\"\"><\/p>\n<h3><strong>\u015eEVVAL SAM R&Ouml;PORTAJINDAN KES\u0130TLER<\/strong><\/h3>\n<p>Habert&uuml;rk&#8217;e verdi\u011fi bir r&ouml;portaj\u0131nda \u015eevval Sam, hem &ccedil;al\u0131\u015fmalar\u0131 hem de ki\u015fisel hayat\u0131yla ilgili samimi a&ccedil;\u0131klamalar yapt\u0131.&nbsp;<\/p>\n<h3><strong>HAYATI VE OYUNCULU\u011eU 40&rsquo;LI YA\u015eLARDA DAHA \u0130Y\u0130 ANLADIM<\/strong><\/h3>\n<p>Hayat\u0131 boyunca kafa yoran ve kendine bir &ccedil;ok soru sordu\u011funu s&ouml;yleyen Sevval Sam, zaman ge&ccedil;tik&ccedil;e neyi nas\u0131l yapmas\u0131 gerekti\u011fini daha iyi &ouml;\u011frendi\u011fini vurguluyor. Zaman\u0131nda yapt\u0131\u011f\u0131 i\u015fin e\u011fitimini almad\u0131\u011f\u0131 i&ccedil;in&nbsp; bir&ccedil;ok zorluk &ccedil;ekti\u011fini s&ouml;yleyen oyuncu i&ccedil;in 40&#8217;l\u0131 ya\u015flar hayat\u0131 daha iyi anlad\u0131\u011f\u0131 bir d&ouml;nem olmu\u015f.&nbsp;<\/p>\n<h3><strong>ASIL MESLE\u011e\u0130M OYUNCULUK YA DA \u015eARKICILIK DE\u011e\u0130LD\u0130<\/strong><\/h3>\n<p>Marmara &Uuml;niversitesi G&uuml;zel Sanatlar Fak&uuml;ltesi Grafik Tasar\u0131m b&ouml;l&uuml;m&uuml;nden mezun olan \u015eevval Sam, hen&uuml;z 21 ya\u015f\u0131ndayken S&uuml;per Baba dizisine ba\u015flamas\u0131n\u0131n onun i&ccedil;in bir \u015fans oldu\u011funu s&ouml;yl&uuml;yor. Hi&ccedil;bir zaman oyuncu olay\u0131m, &ccedil;ok para kazanay\u0131m, &uuml;nl&uuml; olay\u0131m vb. gibi ama&ccedil;lar\u0131n\u0131 olmad\u0131\u011f\u0131n\u0131 belirten \u015eevval Sam, bunlar\u0131n onun i&ccedil;in bir sonu&ccedil; oldu\u011funu s&ouml;yl&uuml;yor.&nbsp;<\/p>\n<h3><strong>R\u0130SK YOKSA ANLATILACAK B\u0130R \u015eEY YOKTUR<\/strong><\/h3>\n<p>Hi&ccedil;bir zaman ucunda &ouml;l&uuml;m olmayan bir \u015feyi kafas\u0131na takmad\u0131\u011f\u0131n\u0131 s&ouml;yleyen \u015eevval Sam, riskin olmad\u0131\u011f\u0131 yerde anlat\u0131lacak bir hikaye de olmad\u0131\u011f\u0131n\u0131 belirtiyor. Bu y&uuml;zden kolayca risk alabilen bir yap\u0131ya sahip.&nbsp;<\/p>\n<h3><strong>50 YIL NED\u0130R <\/strong>K\u0130?<\/h3>\n<p>Ortalama bir insan &ouml;mr&uuml;nden ilk ve son 15 y\u0131l\u0131 &ccedil;\u0131kartt\u0131\u011f\u0131nda geriye sadece ya\u015fanabilecek olan 50 y\u0131l oldu\u011funu s&ouml;yleyen \u015eevval Sam, e\u011fer fark\u0131na var\u0131lmazsa o y\u0131llar\u0131n hop diye ge&ccedil;iverdi\u011fini belirtiyor .<\/p>\n<p><img decoding=\"async\" src=\"https:\/\/www.tgrthaber.com\/mavikadin\/wp-content\/images\/haberler\/24-03\/22\/sgdfdh.jpg\" alt=\"\" title=\"\"><\/p>\n<h3><strong>\u015eEVVAL SAM KAZANDI\u011eI &Ouml;D&Uuml;LLER<\/strong><\/h3>\n<ul>\n<li>2008 &ndash; En \u0130yi Kad\u0131n Yorumcu &ndash; YT&Uuml; Y\u0131l\u0131n Y\u0131ld\u0131zlar\u0131 &Ouml;d&uuml;lleri<\/li>\n<li>2009 &ndash; En iyi Kad\u0131n Halk M&uuml;zi\u011fi Sanat&ccedil;\u0131s\u0131 &ndash; Karadeniz Teknik &Uuml;niversitesi &ouml;d&uuml;lleri<\/li>\n<li>2009 &ndash; Y\u0131l\u0131n Halk M&uuml;zi\u011fi Sanat&ccedil;\u0131s\u0131 &ndash; 15. Kral TV Video M&uuml;zik &Ouml;d&uuml;lleri<\/li>\n<li>2009 &ndash; En \u0130yi Halk M&uuml;zi\u011fi Kad\u0131n Solist &nbsp;&#8211; 36. Alt\u0131n Kelebek &Ouml;d&uuml;lleri<\/li>\n<li>2009 &#8211; En \u0130yi Hafif M&uuml;zik Sanat&ccedil;\u0131s\u0131 &ndash; Pertevniyal Lisesi &Ouml;d&uuml;lleri<\/li>\n<li>2009 &ndash; E\u011fitime Katk\u0131 &Ouml;d&uuml;l&uuml; &ndash; YEK&Uuml;V &Ouml;d&uuml;lleri<\/li>\n<li>2009 &ndash; En \u0130yi Oyuncu &ndash; Ses Sanat&ccedil;\u0131s\u0131 &ndash; Toplumsal Etik Derne\u011fi &Ouml;d&uuml;lleri<\/li>\n<li>2010 &ndash; En \u0130yi Kad\u0131n \u015eark\u0131c\u0131 &ndash; &Ccedil;ukurova &Uuml;niversitesi &Ouml;d&uuml;lleri<\/li>\n<li>2010 &ndash; Y\u0131l\u0131n Yenilik&ccedil;i Sanat&ccedil;\u0131s\u0131 &ndash; Konya Sel&ccedil;uk &Uuml;niversitesi &lsquo;&rsquo;\u0130novasyon Zirvesi&rsquo;&rsquo; &Ouml;d&uuml;lleri<\/li>\n<li>2011 &ndash; Y\u0131l\u0131n En \u0130yi Sanat&ccedil;\u0131s\u0131 &ndash; Ondokuz May\u0131s &Uuml;niversitesi &Ouml;d&uuml;lleri<\/li>\n<li>2011 &ndash; En \u0130yi T&uuml;rk Halk M&uuml;zi\u011fi Kad\u0131n Sanat&ccedil;\u0131 &ndash; Avrupa Birli\u011fi Kalite &Ouml;d&uuml;lleri<\/li>\n<li>2015 &ndash; En \u0130yi Halk M&uuml;zi\u011fi Kad\u0131n Solist &ndash; 42. Pantene Alt\u0131n Kelebek &Ouml;d&uuml;lleri<\/li>\n<li>2019 &ndash; Kariyer Onur &Ouml;d&uuml;l&uuml; &ndash; \u0130K&Uuml; 3. Kariyer Onursal &Ouml;d&uuml;l&uuml;<\/li>\n<li>2022 &ndash; G&uuml;zellik &Ouml;d&uuml;l&uuml; &ndash; Elle Green &Ouml;d&uuml;lleri<\/li>\n<li>2022 &ndash; En \u0130yi Proje Alb&uuml;m&uuml; &ndash; MGD 26. Alt\u0131n Objektif &Ouml;d&uuml;lleri<\/li>\n<li>2022 &ndash; En \u0130yi Halk M&uuml;zi\u011fi Kad\u0131n \u015eark\u0131c\u0131 &ndash; 48. Pantene Alt\u0131n Kelebek &Ouml;d&uuml;lleri<\/li>\n<\/ul>\n","protected":false},"excerpt":{"rendered":"<p>Karadeniz \u015fark\u0131lar\u0131n\u0131 duru sesiyle yorumlayan \u015eevval Sam, gen\u00e7 ya\u015fta ba\u015flad\u0131\u011f\u0131 kariyeri boyunca bir \u00e7ok dizi ve filmde oynad\u0131. En son Yasak Elma dizisinde oynad\u0131\u011f\u0131 Ender karakteri ile g\u00fcndeme gelmi\u015fti. Yan Oda dizisinde Sevigi karakterini oynayan oyuncunun biyografisi de merak ediliyor. Peki \u015eevval Sam kimdir, ka\u00e7 ya\u015f\u0131nda nereli, boyu, boyu kilosu ne, oynad\u0131\u011f\u0131 dizi ve filmler [&hellip;]<\/p>\n","protected":false},"author":9,"featured_media":71304,"comment_status":"closed","ping_status":"open","sticky":false,"template":"","format":"standard","meta":{"rank_math_lock_modified_date":false,"footnotes":""},"categories":[491],"tags":[2343,38423,46896,2405],"class_list":["post-71305","post","type-post","status-publish","format-standard","has-post-thumbnail","hentry","category-biyografi","tag-sevval-sam","tag-turk-oyuncular","tag-yan-oda","tag-yasak-elma"],"_links":{"self":[{"href":"https:\/\/www.tgrthaber.com\/mavikadin\/wp-json\/wp\/v2\/posts\/71305"}],"collection":[{"href":"https:\/\/www.tgrthaber.com\/mavikadin\/wp-json\/wp\/v2\/posts"}],"about":[{"href":"https:\/\/www.tgrthaber.com\/mavikadin\/wp-json\/wp\/v2\/types\/post"}],"author":[{"embeddable":true,"href":"https:\/\/www.tgrthaber.com\/mavikadin\/wp-json\/wp\/v2\/users\/9"}],"replies":[{"embeddable":true,"href":"https:\/\/www.tgrthaber.com\/mavikadin\/wp-json\/wp\/v2\/comments?post=71305"}],"version-history":[{"count":1,"href":"https:\/\/www.tgrthaber.com\/mavikadin\/wp-json\/wp\/v2\/posts\/71305\/revisions"}],"predecessor-version":[{"id":71306,"href":"https:\/\/www.tgrthaber.com\/mavikadin\/wp-json\/wp\/v2\/posts\/71305\/revisions\/71306"}],"wp:featuredmedia":[{"embeddable":true,"href":"https:\/\/www.tgrthaber.com\/mavikadin\/wp-json\/wp\/v2\/media\/71304"}],"wp:attachment":[{"href":"https:\/\/www.tgrthaber.com\/mavikadin\/wp-json\/wp\/v2\/media?parent=71305"}],"wp:term":[{"taxonomy":"category","embeddable":true,"href":"https:\/\/www.tgrthaber.com\/mavikadin\/wp-json\/wp\/v2\/categories?post=71305"},{"taxonomy":"post_tag","embeddable":true,"href":"https:\/\/www.tgrthaber.com\/mavikadin\/wp-json\/wp\/v2\/tags?post=71305"}],"curies":[{"name":"wp","href":"https:\/\/api.w.org\/{rel}","templated":true}]}}