{"id":71551,"date":"2024-03-27T19:14:57","date_gmt":"2024-03-27T16:14:57","guid":{"rendered":"https:\/\/new.mavikadin.com\/?p=71551"},"modified":"2024-09-17T04:44:00","modified_gmt":"2024-09-17T01:44:00","slug":"yusra-geyikten-ozan-guveni-kizdiracak-aciklama-kendisi-ayakkabici-oldugu-icin","status":"publish","type":"post","link":"https:\/\/www.tgrthaber.com\/mavikadin\/yusra-geyikten-ozan-guveni-kizdiracak-aciklama-kendisi-ayakkabici-oldugu-icin\/","title":{"rendered":"Y\u00fcsra Geyik&#8217;ten Ozan G\u00fcven&#8217;i k\u0131zd\u0131racak a\u00e7\u0131klama: &#8220;Kendisi ayakkab\u0131c\u0131 oldu\u011fu i\u00e7in&#8230;&#8221;"},"content":{"rendered":"<p>Kanal D&#8217;nin \u00e7ar\u015famba ak\u015famlar\u0131 ekrana gelen dizisi &#8216;Ta\u015f K\u00e2\u011f\u0131t Makas: Hayat\u0131n Oyunu&#8217;nda &#8216;R\u00fcya&#8217; karakteriyle sahneye \u00e7\u0131kt\u0131. Geyik, rol arkada\u015f\u0131 Ozan G\u00fcven ile ilgili \u00e7\u0131kan arkada\u015fl\u0131k dedikodular\u0131na da a\u00e7\u0131kl\u0131k getirdi. \u0130\u015fte ayr\u0131nt\u0131lar&#8230;<\/p>\n<p>Y&uuml;sra Geyik, &ouml;nceki g&uuml;n Akmerkez&#8217;de kameralar\u0131n kar\u015f\u0131s\u0131na ge&ccedil;ti. Kanal D&#8217;nin sevilen dizisi Ta\u015f K&acirc;\u011f\u0131t Makas: Hayat\u0131n Oyunu&#8217;nun ba\u015far\u0131s\u0131n\u0131n rastlant\u0131sal olmad\u0131\u011f\u0131n\u0131 vurgulayan oyuncu, &#8220;Ekip harika. Ba\u015far\u0131n\u0131n ard\u0131nda tesad&uuml;f yok. \u0130&ccedil;eri girdi\u011finizde daha iyi anl\u0131yorsunuz. Hikaye de kusursuz. Bu \u015fekilde devam etmesinden &ccedil;ok memnunum&#8221; \u015feklinde konu\u015ftu.<\/p>\n<h3><strong>&#8220;\u0130LK SAHNELER\u0130M\u0130 OZAN&#8217;LA &Ccedil;EKT\u0130M&#8221;&nbsp;<\/strong><\/h3>\n<p>&Uuml;nl&uuml; isim, i\u015f arkada\u015f\u0131 Ozan G&uuml;ven ile &ccedil;al\u0131\u015fman\u0131n b&uuml;y&uuml;k bir rahatl\u0131k oldu\u011funu belirtti ve &#8220;Ozan ile y\u0131llard\u0131r birlikte sahnelerde yer ald\u0131k. \u015eimdi tekrar bir araya gelmek ger&ccedil;ekten b&uuml;y&uuml;k bir konfor. \u0130lk sahnelerimi zaten Ozan ile &ccedil;ektim. Onun oyunculu\u011funu &ccedil;ok iyi tan\u0131d\u0131\u011f\u0131m i&ccedil;in bu benim i&ccedil;in harika bir deneyim oldu&#8221; dedi.<\/p>\n<p>Ozan G&uuml;ven ile Y&uuml;sra Geyik, Eyl&uuml;l 2019&#8217;da Kad\u0131k&ouml;y&#8217;deki bir ayakkab\u0131 ma\u011fazas\u0131nda g&ouml;r&uuml;nt&uuml;lenmi\u015f ve ikili uzun bir s&uuml;re konu\u015fulmu\u015ftu. 33 ya\u015f\u0131ndaki oyuncu, o d&ouml;nemde meslekta\u015f\u0131yla arkada\u015fl\u0131k dedikodular\u0131yla ilgili net bir a&ccedil;\u0131klama yapt\u0131.<\/p>\n<h3><strong>&#8220;OZAN BEY&#8217;LE H\u0130&Ccedil;B\u0130R B\u0130RL\u0130KTEL\u0130\u011e\u0130M\u0130Z OLMADI&#8221;&nbsp;<\/strong><\/h3>\n<p>Y&uuml;sra Geyik, a\u015fk ya\u015famad\u0131klar\u0131n\u0131 vurgulayarak \u015funlar\u0131 s&ouml;yledi: &#8220;Bir haber &ccedil;\u0131km\u0131\u015ft\u0131 &ouml;yle. Ozan Bey&#8217;le hi&ccedil;bir ili\u015fkimiz olmad\u0131. Bu y&uuml;zden bu kadar rahat konu\u015fabiliyorum. &Ccedil;ok g&uuml;zel bir dostlu\u011fumuz olu\u015fmu\u015ftu.&#8221;<\/p>\n<p>G&uuml;zel oyuncu \u015funlar\u0131 belirtti: Kendisi ayakkab\u0131c\u0131 oldu\u011fu i&ccedil;in bana ortopedik sahne ayakkab\u0131s\u0131 yapt\u0131rmaya g&ouml;t&uuml;r&uuml;rken haberimiz &ccedil;\u0131km\u0131\u015ft\u0131. \u0130lk tan\u0131\u015ft\u0131\u011f\u0131m\u0131z g&uuml;nd&uuml; ve sonra da d&uuml;zelmedi o haberler. A\u015fk olmad\u0131\u011f\u0131n\u0131 da s&ouml;ylemi\u015ftik ama &ouml;yle kald\u0131.&#8221;<\/p>\n<p><img decoding=\"async\" src=\"https:\/\/www.tgrthaber.com\/mavikadin\/wp-content\/images\/haberler\/24-03\/27\/untitled-1.jpg\" alt=\"\" title=\"\"><\/p><\/p>\n","protected":false},"excerpt":{"rendered":"<p>Kanal D&#8217;nin \u00e7ar\u015famba ak\u015famlar\u0131 ekrana gelen dizisi &#8216;Ta\u015f K\u00e2\u011f\u0131t Makas: Hayat\u0131n Oyunu&#8217;nda &#8216;R\u00fcya&#8217; karakteriyle sahneye \u00e7\u0131kt\u0131. Geyik, rol arkada\u015f\u0131 Ozan G\u00fcven ile ilgili \u00e7\u0131kan arkada\u015fl\u0131k dedikodular\u0131na da a\u00e7\u0131kl\u0131k getirdi. \u0130\u015fte ayr\u0131nt\u0131lar&#8230; Y&uuml;sra Geyik, &ouml;nceki g&uuml;n Akmerkez&#8217;de kameralar\u0131n kar\u015f\u0131s\u0131na ge&ccedil;ti. Kanal D&#8217;nin sevilen dizisi Ta\u015f K&acirc;\u011f\u0131t Makas: Hayat\u0131n Oyunu&#8217;nun ba\u015far\u0131s\u0131n\u0131n rastlant\u0131sal olmad\u0131\u011f\u0131n\u0131 vurgulayan oyuncu, &#8220;Ekip harika. [&hellip;]<\/p>\n","protected":false},"author":2,"featured_media":71550,"comment_status":"closed","ping_status":"open","sticky":false,"template":"","format":"standard","meta":{"rank_math_lock_modified_date":false,"footnotes":""},"categories":[76],"tags":[32159,8883,38548,47677,1961],"class_list":["post-71551","post","type-post","status-publish","format-standard","has-post-thumbnail","hentry","category-magazin","tag-dizi","tag-ozan-guven","tag-roportaj","tag-tas-kagit-makas","tag-yusra-geyik"],"_links":{"self":[{"href":"https:\/\/www.tgrthaber.com\/mavikadin\/wp-json\/wp\/v2\/posts\/71551"}],"collection":[{"href":"https:\/\/www.tgrthaber.com\/mavikadin\/wp-json\/wp\/v2\/posts"}],"about":[{"href":"https:\/\/www.tgrthaber.com\/mavikadin\/wp-json\/wp\/v2\/types\/post"}],"author":[{"embeddable":true,"href":"https:\/\/www.tgrthaber.com\/mavikadin\/wp-json\/wp\/v2\/users\/2"}],"replies":[{"embeddable":true,"href":"https:\/\/www.tgrthaber.com\/mavikadin\/wp-json\/wp\/v2\/comments?post=71551"}],"version-history":[{"count":1,"href":"https:\/\/www.tgrthaber.com\/mavikadin\/wp-json\/wp\/v2\/posts\/71551\/revisions"}],"predecessor-version":[{"id":71552,"href":"https:\/\/www.tgrthaber.com\/mavikadin\/wp-json\/wp\/v2\/posts\/71551\/revisions\/71552"}],"wp:featuredmedia":[{"embeddable":true,"href":"https:\/\/www.tgrthaber.com\/mavikadin\/wp-json\/wp\/v2\/media\/71550"}],"wp:attachment":[{"href":"https:\/\/www.tgrthaber.com\/mavikadin\/wp-json\/wp\/v2\/media?parent=71551"}],"wp:term":[{"taxonomy":"category","embeddable":true,"href":"https:\/\/www.tgrthaber.com\/mavikadin\/wp-json\/wp\/v2\/categories?post=71551"},{"taxonomy":"post_tag","embeddable":true,"href":"https:\/\/www.tgrthaber.com\/mavikadin\/wp-json\/wp\/v2\/tags?post=71551"}],"curies":[{"name":"wp","href":"https:\/\/api.w.org\/{rel}","templated":true}]}}