{"id":72783,"date":"2024-04-18T19:24:00","date_gmt":"2024-04-18T16:24:00","guid":{"rendered":"https:\/\/new.mavikadin.com\/?p=72783"},"modified":"2024-09-17T05:42:45","modified_gmt":"2024-09-17T02:42:45","slug":"belcim-bilgin-kimdir-nerede-yasiyor-ne-is-yapiyor","status":"publish","type":"post","link":"https:\/\/www.tgrthaber.com\/mavikadin\/belcim-bilgin-kimdir-nerede-yasiyor-ne-is-yapiyor\/","title":{"rendered":"Bel\u00e7im Bilgin kimdir? Nerede ya\u015f\u0131yor, ne i\u015f yap\u0131yor?"},"content":{"rendered":"<p>Bel\u00e7im Bilgin, oynad\u0131\u011f\u0131 diziler ve sinema filmleri ile T\u00fcrkiye\u2019nin en merak edilen oyuncular\u0131ndan biri. Y\u0131lmaz Erdo\u011fan ile yapt\u0131\u011f\u0131 evlilik ve \u015fu aralar yurtd\u0131\u015f\u0131nda yer ald\u0131\u011f\u0131 projeler ile magazin g\u00fcndeminden d\u00fc\u015fmeyen Bel\u00e7im Bilgin, en son 2024 yap\u0131m\u0131 Hat\u0131ran Yeter adl\u0131 filmde oynad\u0131. Peki Bel\u00e7im Bilgin kimdir, ka\u00e7 ya\u015f\u0131nda, boyu, kilosu ne? T\u00fcm detaylar\u0131yla portresi&#8230;<\/p>\n<p>A\u015fk Tesad&uuml;fleri Sever ve Kelebe\u011fin R&uuml;yas\u0131 filmleriyle tan\u0131nan Bel&ccedil;im Bilgin son alarak \u015eubat ay\u0131nda yay\u0131mlanan Hat\u0131ran Yeter adl\u0131 filmde rol ald\u0131. Y\u0131lmaz Erdo\u011fan ile bo\u015fanmas\u0131ndan sonra kendisine yurtd\u0131\u015f\u0131nda yeni bir hayat kuran Bel&ccedil;im Bilgin s\u0131k s\u0131k magazin d&uuml;nyas\u0131n\u0131n g&uuml;ndemine geliyor.&nbsp;<\/p>\n<h3><strong>BEL&Ccedil;\u0130M B\u0130LG\u0130N KISA B\u0130YOGRAF\u0130S\u0130<\/strong><\/h3>\n<ul>\n<li><strong>Ad\u0131: <\/strong>Bel&ccedil;im Bilgin&nbsp;<\/li>\n<li><strong>Do\u011fum tarihi:<\/strong> 31 Ocak 1983<\/li>\n<li><strong>Do\u011fum yeri: <\/strong>Ankara&nbsp;<\/li>\n<li><strong>Mesle\u011fi:<\/strong> Oyuncu<\/li>\n<li><strong>Burcu: <\/strong>Kova&nbsp;<\/li>\n<li><strong>Boyu: <\/strong>1.69 cm.<\/li>\n<li><strong>Kilosu:<\/strong> 54 kg.<\/li>\n<li><strong>Sa&ccedil; rengi: <\/strong>Kahverengi<\/li>\n<li><strong>G&ouml;z rengi:<\/strong> Ela&nbsp;<\/li>\n<li><strong>&Ccedil;ocu\u011fu:<\/strong> Rodin Naz\u0131m<\/li>\n<li><strong>Eski e\u015fi:<\/strong> Y\u0131lmaz Erdo\u011fan&nbsp;<\/li>\n<li><strong>Karde\u015fi:<\/strong> Ferat Bilgin<\/li>\n<li><strong>Instagram adresi: <\/strong>@belcinbilgincom<\/li>\n<li><strong>X adresi:<\/strong> @Belcimb<\/li>\n<li><strong>Resmi sitesi: <\/strong>belcimbilgin.com<\/li>\n<\/ul>\n<p><img decoding=\"async\" src=\"https:\/\/www.tgrthaber.com\/mavikadin\/wp-content\/images\/haberler\/24-04\/15\/dsafgvt.jpg\" alt=\"\" title=\"\"><\/p>\n<h3><strong>BEL&Ccedil;\u0130M B\u0130LG\u0130N K\u0130MD\u0130R?<\/strong><\/h3>\n<p>Bel&ccedil;im Bilgin 31 Ocak 1983 tarihinde Ankara&#8217;da d&uuml;nyaya geldi. \u0130lkouklu Ankara&#8217;da Slih Alptekin \u0130lkokulu&#8217;nda okudu. \u0130lkokuldan sonra ailesinin \u0130skenderun&#8217;a ta\u015f\u0131nmas\u0131 nedeniyle lise e\u011fitimine \u0130skenderun&#8217;da devam etti. Lisede okudu\u011fu y\u0131larda amat&ouml;r olarak tiyatro ile ilgilendi. 2002 y\u0131l\u0131nda Hacettepe &Uuml;niversitesi Edebiyat Fak&uuml;ltesi Bilgi ve Belge Y&ouml;netimi Y&ouml;netimi B&ouml;l&uuml;m&uuml;&#8217;nde &uuml;niversite e\u011fitimine ba\u015flad\u0131.<\/p>\n<p><strong>YILMAZ ERDO\u011eAN \u0130LE TANI\u015eMA<\/strong><\/p>\n<p>&Uuml;niversitede farkl\u0131 bir b&ouml;l&uuml;m okumas\u0131na ra\u011fmen, Bel&ccedil;im Bilgin oyuncu olmak istedi. Bir arkada\u015f\u0131 vas\u0131tas\u0131 ile Y\u0131lmaz Erdo\u011fan ile tan\u0131\u015ft\u0131. \u0130lk filmi olan S\u0131f\u0131r Kilometre &#8216; de oynad\u0131 ve daha sonras\u0131nda okulunu dondurup oyunculuk e\u011fitimi almak i&ccedil;in Paris&#8217;e gitti. 2 y\u0131l boyunca Paris&#8217;te kald\u0131ktan sonra T&uuml;rkiye&#8217;ye d&ouml;nd&uuml; &nbsp;ve Y\u0131lmaz Erdo\u011fan ile evlendi.<\/p>\n<p><strong>HATIRLA SEV\u0130LG\u0130<\/strong><\/p>\n<p>2006 y\u0131l\u0131nda Hat\u0131rla Sevgili dizisinde Defne karakterini canland\u0131ran Bel&ccedil;im Bilgin, 2008 y\u0131l\u0131nda G&uuml;z Snc\u0131s\u0131 adl\u0131 filmde Nemika rol&uuml;nde oynad\u0131. Ayn\u0131 y\u0131l Yol Arkada\u015f\u0131m adl\u0131 dizide Figen rol&uuml;n&uuml; canland\u0131rd\u0131. A\u015fk Tesad&uuml;fleri Sever filminde canland\u0131rd\u0131\u011f\u0131 Deniz rol&uuml; Bel&ccedil;im Bilgin&#8217;in t&uuml;m T&uuml;rkiye&#8217;de ad\u0131n\u0131n duyulmas\u0131n\u0131 sa\u011flad\u0131.<\/p>\n<p><strong>YILMAZ ERDO\u011eAN&#8217;LA OYNADI<\/strong><\/p>\n<p>2012 y\u0131l\u0131nda Y\u0131lmaz Erdo\u011fan ile birlikte Gergedan mevsimi adl\u0131 filmde oynad\u0131. 2013 y\u0131l\u0131nda Kelebein R&uuml;yas\u0131 adl\u0131 filmde oynad\u0131\u011f\u0131 Suzan rol&uuml;, onun tan\u0131nmas\u0131n\u0131 sa\u011flad\u0131. Sadece Sen, &Ccedil;als\u0131n Sazlar, Annemin Yaras\u0131 filmlerinde oynad\u0131. 2016 y\u0131l\u0131nda yay\u0131mlanan K&ouml;rd&uuml;\u011f&uuml;m dizisinde Naz karaktterini oynad\u0131.<\/p>\n<p>2017 y\u0131l\u0131nda &Ccedil;ember adl\u0131 filmde oynad\u0131. 2018 y\u0131l\u0131nda Backstabbing for Beginners ve Cebimdeki yabanc\u0131 adl\u0131 filmlerde rol ald\u0131. 2020 y\u0131l\u0131nda Hekimo\u011flu dizisinde Selin Kurt karakterini oynad\u0131. Ayn\u0131 y\u0131l Uzak Ara E\u011flence program\u0131nda j&uuml;ri &uuml;yeli\u011fi yapt\u0131. 2021 y\u0131l\u0131nda Bulu\u015fma Noktas\u0131 ve Kimya filmlerinde rol alan Bel&ccedil;im Bilgin 2022 y\u0131l\u0131nda Babam\u0131n Keman\u0131 ve Alaboraa\u015fk filmlerinde oynad\u0131.<\/p>\n<p>2023 y\u0131l\u0131nda Roza adl\u0131 filmde Fate karakterini canland\u0131ran oyuncu 2024 y\u0131l\u0131nda Hat\u0131ran Yeter adl\u0131 filmde Zehra karakterini oynad\u0131.&nbsp;<\/p>\n<p><img decoding=\"async\" src=\"https:\/\/www.tgrthaber.com\/mavikadin\/wp-content\/images\/haberler\/24-04\/15\/dfgdfn.jpg\" alt=\"\" title=\"\"><\/p>\n<h3><strong>BEL&Ccedil;\u0130M B\u0130LG\u0130N D\u0130Z\u0130LER\u0130<\/strong><\/h3>\n<ul>\n<li>2020 &#8211; Hekimo\u011flu &#8211; Selin Kurt&nbsp;<\/li>\n<li>2017 &#8211; 7 Y&uuml;z<\/li>\n<li>2016 &#8211; K&ouml;rd&uuml;\u011f&uuml;m &#8211; Naz&nbsp;<\/li>\n<li>2011 &#8211; Ke\u015fanl\u0131 Ali Destan\u0131 &#8211; Zilha&nbsp;<\/li>\n<li>2009 &#8211; G&uuml;ld&uuml;n &nbsp;Ya&nbsp;<\/li>\n<li>2008 &#8211; Yol Arkada\u015f\u0131m &#8211; Figen&nbsp;<\/li>\n<li>2006 &#8211; Hat\u0131rla Segili &#8211; Defne G&uuml;rsoy Karayel<\/li>\n<\/ul>\n<h3><strong>BEL&Ccedil;\u0130M B\u0130LG\u0130N F\u0130LMLER\u0130<\/strong><\/h3>\n<ul>\n<li>2005 &#8211; S\u0131f\u0131r Kilometre &#8211; &nbsp;Selma<\/li>\n<li>2007 &#8211; Dol &#8211; Taman<\/li>\n<li>2008 &#8211; G&uuml;z Sanc\u0131s\u0131 &#8211; Nemika<\/li>\n<li>2010 &#8211; Unutma Beni \u0130stanbul<\/li>\n<li>2011 &#8211; A\u015fk Tesad&uuml;fleri Sever &nbsp;&#8211; Deniz Usman&nbsp;<\/li>\n<li>2011 &#8211; Kurtulu\u015f Son Durak &#8211; Eylem&nbsp;<\/li>\n<li>2012 &#8211; Gergedan Mevsimi<\/li>\n<li>2012 &#8211; Sessiz &#8211; Zeynep<\/li>\n<li>2013 &#8211; Kelebe\u011fin R&uuml;yas\u0131 &#8211; Suzan &Ouml;zsoy&nbsp;<\/li>\n<li>2014 &#8211; Sadece Sen &nbsp;&#8211; Hazal<\/li>\n<li>2015 &#8211; &Ccedil;als\u0131n Sazlar &#8211; Yasemin<\/li>\n<li>2016 &#8211; Annemin Yaras\u0131 &#8211; Nerma<\/li>\n<li>2017 &#8211; &Ccedil;ember &nbsp;<\/li>\n<li>2018 &#8211; Backstabbing for Beginners &#8211; Na\u015fim&nbsp;<\/li>\n<li>2018 &#8211; Cebimdeki Yabanc\u0131 &#8211; Banu<\/li>\n<li>2018 &#8211; Komplo&nbsp;<\/li>\n<li>2019 &#8211; R&uuml;zgar &#8211; Ece&nbsp;<\/li>\n<li>2020 &#8211; Ac\u0131 Kiraz &#8211; Dr. Panova&nbsp;<\/li>\n<li>2020 &#8211; Room 5 &#8211; Filiz<\/li>\n<li>2020 &#8211; Uzak Ara E\u011flence &#8211; J&uuml;ri &uuml;yesi<\/li>\n<li>2021 &#8211; Bulu\u015fma Noktas\u0131<\/li>\n<li>2021 &#8211; Kimya&nbsp;<\/li>\n<li>2022- Babam\u0131n Keman\u0131&nbsp;<\/li>\n<li>2022 &#8211; Alabora A\u015fk&nbsp;<\/li>\n<li>2023 &#8211; Roza &#8211; Fate&nbsp;<\/li>\n<li>2024 &#8211; Hat\u0131ran Yeter &#8211; Zehra<\/li>\n<\/ul>\n<p><img decoding=\"async\" src=\"https:\/\/www.tgrthaber.com\/mavikadin\/wp-content\/images\/haberler\/24-04\/15\/dsfsg.jpg\" alt=\"\" title=\"\"><\/p>\n<h3><strong>BEL&Ccedil;\u0130M B\u0130LG\u0130N &Ouml;ZEL HAYATI<\/strong><\/h3>\n<p>Bel&ccedil;im Bilgin 10 A\u011fustos 2006 tarihinde Y\u0131lmaz Erdo\u011fan ile evlendi. 24 Aral\u0131k 2009 y\u0131l\u0131nda bu evlili\u011finde Rodin Naz\u0131m ad\u0131n\u0131 verdikleri bir o\u011fullar\u0131 d&uuml;nyaya geldi. Bel&ccedil;im Bilgin ve Y\u0131lmaz Erdo\u011fan 2014 y\u0131l\u0131n\u0131n \u015eubat y\u0131nda beraber Amerika&#8217;ya ta\u015f\u0131nd\u0131. 2016 y\u0131l\u0131nda ise Y\u0131lmaz Erdo\u011fan ile anla\u015fmal\u0131 olarak bo\u015fand\u0131. Bel&ccedil;im Bilgin bo\u015fand\u0131ktan sonra o\u011flu Rodin Naz\u0131m ile Londra&#8217;da kendilerine yeni bir hayat kurdu. \u015eu anda Alfredo Di Blasio ile yakla\u015f\u0131k 4 y\u0131ll\u0131k bir ili\u015fkisi var.&nbsp;<\/p>\n<h3><strong>BEL&Ccedil;\u0130M B\u0130LG\u0130N R&Ouml;PORTAJI<\/strong><\/h3>\n<p>Bel&ccedil;im Bilgin, Alem dergisine verdi\u011fi bir r&ouml;portajda kendisi ve oyunculu\u011fu ile ilgili a&ccedil;\u0131klamalarda bulundu.&nbsp;<\/p>\n<p><strong>SEVG\u0130N\u0130N HER\u015eEY\u0130N &Uuml;STES\u0130NDEN GELD\u0130\u011e\u0130NE \u0130NANIYOR<\/strong><\/p>\n<p>Bel&ccedil;im Bilgin ne zaman sevgi d&uuml;zleminde ili\u015fkiler kursa, kar\u015f\u0131l\u0131\u011f\u0131nda &ccedil;ok g&uuml;zel meyveler verdi\u011fini s&ouml;yl&uuml;yor. Sevginin her \u015feyi uzla\u015ft\u0131rd\u0131\u011f\u0131n\u0131 vurgulayan oyuncu, k&uuml;&ccedil;&uuml;k ya\u015flarda da sevginin de\u011ferini bilerek yeti\u015fti\u011fini anlat\u0131yor. Kalabal\u0131k bir ailede b&uuml;y&uuml;d&uuml;\u011f&uuml;n&uuml; s&ouml;yleyen Bel&ccedil;im Bilgin, ailesinden g&ouml;rd&uuml;\u011f&uuml; sevginin hep bir avantaj oldu\u011funu d&uuml;\u015f&uuml;nd&uuml;\u011f&uuml;n&uuml; belirtiyor.&nbsp;<\/p>\n<p><strong>40 &#8216;LI YA\u015eLARINDAN GER\u0130YE D&Ouml;NMEK \u0130STEM\u0130YOR<\/strong><\/p>\n<p>40 ya\u015f\u0131ndan sonra kendisine fark\u0131ndal\u0131k geldi\u011fini, &ouml;zg&uuml;r ve kendi gibi hissetti\u011fini anlatan Bel&ccedil;im Bilgin, bu nedenle bu ya\u015flardan geriye hi&ccedil; d&ouml;nmek istemedi\u011fini anlat\u0131yor.&nbsp;<\/p>\n<p><strong>KAYGIYLA BA\u015e EDEM\u0130YOR<\/strong><\/p>\n<p>Olduk&ccedil;a kayg\u0131l\u0131 biri oldu\u011funu s&ouml;yleyen g&uuml;zel oyuncu, &#8220;Kayg\u0131yla ba\u015f edemiyorum&#8221; diyor. Anne olmas\u0131 da bu kayg\u0131lar\u0131 tetiklemi\u015f. &Ccedil;&ouml;z&uuml;m&uuml; ise meditasyon ve nefes tekniklerinde aram\u0131\u015f.&nbsp;&nbsp;<\/p>\n<p><strong>MODU D&Uuml;\u015e&Uuml;KKEN SAKLANMAYI TERC\u0130H ED\u0130YOR<\/strong><\/p>\n<p>Enerjisi d&uuml;\u015f&uuml;kken kendi i&ccedil;ine sakland\u0131\u011f\u0131n\u0131 anlatan Bilgin, d\u0131\u015far\u0131dayken modunun hep y&uuml;ksek oldu\u011funa dikkat &ccedil;ekiyor. &#8220;Modum d&uuml;\u015f&uuml;kken telefonu kapat\u0131p t&uuml;m g&uuml;n yataktan &ccedil;\u0131kmad\u0131\u011f\u0131m zamanlar bile oldu&#8221; s&ouml;zleriyle kaplumba\u011fa gibi kendi kabu\u011funa &ccedil;ekildi\u011fini s&ouml;yleyen Bel&ccedil;im Bilgin, kendini tamir ettikten sonra yeniden kafas\u0131n\u0131 kabu\u011fundan &ccedil;\u0131kard\u0131\u011f\u0131n\u0131 s&ouml;yl&uuml;yor.&nbsp;<\/p><\/p>\n","protected":false},"excerpt":{"rendered":"<p>Bel\u00e7im Bilgin, oynad\u0131\u011f\u0131 diziler ve sinema filmleri ile T\u00fcrkiye\u2019nin en merak edilen oyuncular\u0131ndan biri. Y\u0131lmaz Erdo\u011fan ile yapt\u0131\u011f\u0131 evlilik ve \u015fu aralar yurtd\u0131\u015f\u0131nda yer ald\u0131\u011f\u0131 projeler ile magazin g\u00fcndeminden d\u00fc\u015fmeyen Bel\u00e7im Bilgin, en son 2024 yap\u0131m\u0131 Hat\u0131ran Yeter adl\u0131 filmde oynad\u0131. Peki Bel\u00e7im Bilgin kimdir, ka\u00e7 ya\u015f\u0131nda, boyu, kilosu ne? T\u00fcm detaylar\u0131yla portresi&#8230; A\u015fk Tesad&uuml;fleri [&hellip;]<\/p>\n","protected":false},"author":9,"featured_media":72782,"comment_status":"closed","ping_status":"open","sticky":false,"template":"","format":"standard","meta":{"rank_math_lock_modified_date":false,"footnotes":""},"categories":[491],"tags":[3951,50764,7370,3035],"class_list":["post-72783","post","type-post","status-publish","format-standard","has-post-thumbnail","hentry","category-biyografi","tag-belcim-bilgin","tag-filmleri","tag-oyuncu","tag-yilmaz-erdogan"],"_links":{"self":[{"href":"https:\/\/www.tgrthaber.com\/mavikadin\/wp-json\/wp\/v2\/posts\/72783"}],"collection":[{"href":"https:\/\/www.tgrthaber.com\/mavikadin\/wp-json\/wp\/v2\/posts"}],"about":[{"href":"https:\/\/www.tgrthaber.com\/mavikadin\/wp-json\/wp\/v2\/types\/post"}],"author":[{"embeddable":true,"href":"https:\/\/www.tgrthaber.com\/mavikadin\/wp-json\/wp\/v2\/users\/9"}],"replies":[{"embeddable":true,"href":"https:\/\/www.tgrthaber.com\/mavikadin\/wp-json\/wp\/v2\/comments?post=72783"}],"version-history":[{"count":1,"href":"https:\/\/www.tgrthaber.com\/mavikadin\/wp-json\/wp\/v2\/posts\/72783\/revisions"}],"predecessor-version":[{"id":72784,"href":"https:\/\/www.tgrthaber.com\/mavikadin\/wp-json\/wp\/v2\/posts\/72783\/revisions\/72784"}],"wp:featuredmedia":[{"embeddable":true,"href":"https:\/\/www.tgrthaber.com\/mavikadin\/wp-json\/wp\/v2\/media\/72782"}],"wp:attachment":[{"href":"https:\/\/www.tgrthaber.com\/mavikadin\/wp-json\/wp\/v2\/media?parent=72783"}],"wp:term":[{"taxonomy":"category","embeddable":true,"href":"https:\/\/www.tgrthaber.com\/mavikadin\/wp-json\/wp\/v2\/categories?post=72783"},{"taxonomy":"post_tag","embeddable":true,"href":"https:\/\/www.tgrthaber.com\/mavikadin\/wp-json\/wp\/v2\/tags?post=72783"}],"curies":[{"name":"wp","href":"https:\/\/api.w.org\/{rel}","templated":true}]}}