{"id":75585,"date":"2024-05-30T19:57:18","date_gmt":"2024-05-30T16:57:18","guid":{"rendered":"https:\/\/new.mavikadin.com\/?p=75585"},"modified":"2024-09-17T07:47:37","modified_gmt":"2024-09-17T04:47:37","slug":"sener-sene-evet-dedirten-reklam-filminde-ibrahim-buyukak-unlu-isme-eslik-etti","status":"publish","type":"post","link":"https:\/\/www.tgrthaber.com\/mavikadin\/sener-sene-evet-dedirten-reklam-filminde-ibrahim-buyukak-unlu-isme-eslik-etti\/","title":{"rendered":"\u015eener \u015een&#8217;e &#8216;evet&#8217; dedirten reklam filminde \u0130brahim B\u00fcy\u00fckak \u00fcnl\u00fc isme e\u015flik etti"},"content":{"rendered":"<p>Tecr\u00fcbeli akt\u00f6r \u015eener \u015een ile \u0130brahim B\u00fcy\u00fckak&#8217;\u0131n ba\u015frollerini \u00fcstlendi\u011fi akaryak\u0131t markas\u0131n\u0131n reklam filminin \u00f6n g\u00f6sterimi ger\u00e7ekle\u015ftirildi. Esma Sultan Yal\u0131s\u0131&#8217;ndaki \u00f6n g\u00f6sterime, i\u015f ve sanat d\u00fcnyas\u0131ndan pek \u00e7ok \u00fcnl\u00fc isim kat\u0131ld\u0131.<\/p>\n<p>Bir akaryatk\u0131t markas\u0131n\u0131n reklam filmi, usta oyuncu \u015eener \u015een ve gen&ccedil; neslin ba\u015far\u0131l\u0131 oyuncular\u0131ndan \u0130brahim B&uuml;y&uuml;kak bir araya getirdi. Ba\u015frollerinde olduklar\u0131 reklam filmi i&ccedil;in Antalya, Fethiye ve \u0130stanbul&#8217;da giderek &ccedil;ekimlere kat\u0131lan iki &uuml;nl&uuml; isim tan\u0131t\u0131m i&ccedil;in bas\u0131n mensuplar\u0131n\u0131n kar\u015f\u0131s\u0131na &ccedil;\u0131kt\u0131.<\/p>\n<h3><strong>\u015eENER \u015eEN \u0130LK KEZ B\u0130R REKLAM F\u0130LM\u0130NDE<\/strong><\/h3>\n<p>Reklam filmi g&ouml;steriminin ard\u0131ndan konu\u015fan akt&ouml;r \u015eener \u015een, kariyeri boyunca bir&ccedil;ok reklam filminde yer ald\u0131\u011f\u0131n\u0131 ifade ederek; &#8220;Uzun s&uuml;redir bir reklam projesinde yer alm\u0131yordum. Zeren Holding&#8217;in teklifini de\u011ferlendirmek istedim&#8221; dedi.<\/p>\n<p><img decoding=\"async\" src=\"https:\/\/www.tgrthaber.com\/mavikadin\/wp-content\/images\/haberler\/24-05\/30\/untitled-2.jpg\" alt=\"\" title=\"\"><\/p>\n<h3><strong>\u0130BRAH\u0130M B&Uuml;Y&Uuml;KA&#8217;I HEYECANLANDIRAN PROJE<\/strong><\/h3>\n<p>Kendisini yak\u0131ndan ilgilendiren bir sekt&ouml;rdeki markan\u0131n reklam y&uuml;z&uuml; oldu\u011funu belirten \u015een, \u015funlar\u0131 s&ouml;yledi: &#8220;Yollar, arabalar ve akaryak\u0131t istasyonlar\u0131 hayat\u0131m\u0131n bir par&ccedil;as\u0131. \u0130yi bir i\u015f yapman\u0131n heyecan\u0131yla teklifi kabul ettim. Reklam &ccedil;ekimleri s\u0131ras\u0131nda da t&uuml;m ekibin ba\u015far\u0131l\u0131 bir i\u015f ortaya koyma heyecan\u0131n\u0131 hissettim. Arabaya binmek, uzun yola &ccedil;\u0131kmak hepimizi ilgilendiren konular. B&ouml;yle bir ekiple &ccedil;al\u0131\u015fmaktan dolay\u0131 mutluyum. Herkese &ccedil;ok te\u015fekk&uuml;r ederim.&#8221;<\/p>\n<p>Akt&ouml;r \u0130brahim B&uuml;y&uuml;kak ise \u015eener \u015een ile &ccedil;al\u0131\u015fman\u0131n kendisine ya\u015fatt\u0131\u011f\u0131 heyecana vurgu yaparak; &#8220;Pek &ccedil;ok sete &ccedil;\u0131kt\u0131m, film &ccedil;ektim ama ilk kez bu kadar heyecanland\u0131m. \u015eener A\u011fabey, sa\u011f olsun, ilk andan itibaren durumu kontrol alt\u0131na ald\u0131. Kendisine &ccedil;ok te\u015fekk&uuml;r ediyorum&#8221; dedi.<\/p>\n<\/p>\n<p>&nbsp;<\/p>\n","protected":false},"excerpt":{"rendered":"<p>Tecr\u00fcbeli akt\u00f6r \u015eener \u015een ile \u0130brahim B\u00fcy\u00fckak&#8217;\u0131n ba\u015frollerini \u00fcstlendi\u011fi akaryak\u0131t markas\u0131n\u0131n reklam filminin \u00f6n g\u00f6sterimi ger\u00e7ekle\u015ftirildi. Esma Sultan Yal\u0131s\u0131&#8217;ndaki \u00f6n g\u00f6sterime, i\u015f ve sanat d\u00fcnyas\u0131ndan pek \u00e7ok \u00fcnl\u00fc isim kat\u0131ld\u0131. Bir akaryatk\u0131t markas\u0131n\u0131n reklam filmi, usta oyuncu \u015eener \u015een ve gen&ccedil; neslin ba\u015far\u0131l\u0131 oyuncular\u0131ndan \u0130brahim B&uuml;y&uuml;kak bir araya getirdi. Ba\u015frollerinde olduklar\u0131 reklam filmi i&ccedil;in Antalya, [&hellip;]<\/p>\n","protected":false},"author":2,"featured_media":75584,"comment_status":"closed","ping_status":"open","sticky":false,"template":"","format":"standard","meta":{"rank_math_lock_modified_date":false,"footnotes":""},"categories":[76],"tags":[52146,3619,23323,52145,44394],"class_list":["post-75585","post","type-post","status-publish","format-standard","has-post-thumbnail","hentry","category-magazin","tag-akaryakit-reklami","tag-ibrahim-buyukak","tag-reklam-filmi","tag-sener-sen-reklami","tag-yeni-reklam"],"_links":{"self":[{"href":"https:\/\/www.tgrthaber.com\/mavikadin\/wp-json\/wp\/v2\/posts\/75585"}],"collection":[{"href":"https:\/\/www.tgrthaber.com\/mavikadin\/wp-json\/wp\/v2\/posts"}],"about":[{"href":"https:\/\/www.tgrthaber.com\/mavikadin\/wp-json\/wp\/v2\/types\/post"}],"author":[{"embeddable":true,"href":"https:\/\/www.tgrthaber.com\/mavikadin\/wp-json\/wp\/v2\/users\/2"}],"replies":[{"embeddable":true,"href":"https:\/\/www.tgrthaber.com\/mavikadin\/wp-json\/wp\/v2\/comments?post=75585"}],"version-history":[{"count":1,"href":"https:\/\/www.tgrthaber.com\/mavikadin\/wp-json\/wp\/v2\/posts\/75585\/revisions"}],"predecessor-version":[{"id":75586,"href":"https:\/\/www.tgrthaber.com\/mavikadin\/wp-json\/wp\/v2\/posts\/75585\/revisions\/75586"}],"wp:featuredmedia":[{"embeddable":true,"href":"https:\/\/www.tgrthaber.com\/mavikadin\/wp-json\/wp\/v2\/media\/75584"}],"wp:attachment":[{"href":"https:\/\/www.tgrthaber.com\/mavikadin\/wp-json\/wp\/v2\/media?parent=75585"}],"wp:term":[{"taxonomy":"category","embeddable":true,"href":"https:\/\/www.tgrthaber.com\/mavikadin\/wp-json\/wp\/v2\/categories?post=75585"},{"taxonomy":"post_tag","embeddable":true,"href":"https:\/\/www.tgrthaber.com\/mavikadin\/wp-json\/wp\/v2\/tags?post=75585"}],"curies":[{"name":"wp","href":"https:\/\/api.w.org\/{rel}","templated":true}]}}