{"id":75588,"date":"2024-05-30T20:16:48","date_gmt":"2024-05-30T17:16:48","guid":{"rendered":"https:\/\/new.mavikadin.com\/?p=75588"},"modified":"2024-09-17T07:47:43","modified_gmt":"2024-09-17T04:47:43","slug":"gulsenden-demet-ozdemir-paylasimi-unlu-ikili-sosyal-medyayi-salladi","status":"publish","type":"post","link":"https:\/\/www.tgrthaber.com\/mavikadin\/gulsenden-demet-ozdemir-paylasimi-unlu-ikili-sosyal-medyayi-salladi\/","title":{"rendered":"G\u00fcl\u015fen&#8217;den Demet \u00d6zdemir payla\u015f\u0131m\u0131! \u00dcnl\u00fc ikili sosyal medyay\u0131 sallad\u0131"},"content":{"rendered":"<p>Pop m\u00fczi\u011finin en \u00e7ok konu\u015fulan isimlerinden biri olarak tan\u0131nan \u00fcnl\u00fc sanat\u00e7\u0131 G\u00fcl\u015fen, 48. do\u011fum g\u00fcn\u00fcn\u00fc kutlad\u0131. Yak\u0131n dostu Demet \u00d6zdemir&#8217;in de kat\u0131ld\u0131\u011f\u0131 kutlamada e\u011flenceli anlar ya\u015fand\u0131.<\/p>\n<p>Pop m&uuml;zi\u011fin krali&ccedil;esi G&uuml;l\u015fen, 30 May\u0131s&#8217;ta 48. do\u011fum g&uuml;n&uuml;n&uuml; kutlad\u0131. Kutlamaya yak\u0131n dostu Demet &Ouml;zdemir&#8217;in de kat\u0131lmas\u0131yla keyifli anlar ya\u015fand\u0131. G&uuml;l\u015fen, bu &ouml;zel g&uuml;n&uuml;n&uuml; Instagram hesab\u0131nda payla\u015ft\u0131\u011f\u0131 foto\u011fraflarla takip&ccedil;ilerine duyurdu. Payla\u015f\u0131mlar\u0131nda Demet &Ouml;zdemir ile birlikte &ccedil;ekilen kareler dikkat &ccedil;ekti. \u0130kili, samimi pozlar\u0131 ve g&uuml;l&uuml;msemeleriyle b&uuml;y&uuml;k be\u011feni toplad\u0131.<\/p>\n<h3><strong>G&Uuml;L\u015eEN VE DEMET &Ouml;ZDEM\u0130R B\u0130R ARADA<\/strong><\/h3>\n<p>G&uuml;l\u015fen&#8217;in do\u011fum g&uuml;n&uuml; foto\u011fraflar\u0131na binlerce yorum geldi. Pek &ccedil;ok &uuml;nl&uuml; isim ve hayran\u0131 G&uuml;l\u015fen&#8217;e do\u011fum g&uuml;n&uuml; mesajlar\u0131 iletirken, Demet &Ouml;zdemir ile olan samimi pozlar\u0131na da &ouml;vg&uuml; dolu yorumlar yap\u0131ld\u0131.<\/p>\n<p>G&uuml;l\u015fen ve Demet &Ouml;zdemir&#8217;in arkada\u015fl\u0131\u011f\u0131n\u0131n uzun y\u0131llard\u0131r s&uuml;rd&uuml;\u011f&uuml; biliniyor. \u0130ki ba\u015far\u0131l\u0131 sanat&ccedil;\u0131, d&uuml;zenli olarak bir araya gelip keyifli zamanlar ge&ccedil;iriyor. G&uuml;l\u015fen&#8217;in bu y\u0131l yapt\u0131\u011f\u0131 do\u011fum g&uuml;n&uuml; kutlamas\u0131, sosyal medyada b&uuml;y&uuml;k yank\u0131 uyand\u0131rd\u0131. Twitter&#8217;da trend oldu ve bir&ccedil;ok kullan\u0131c\u0131 G&uuml;l\u015fen&#8217;e do\u011fum g&uuml;n&uuml; mesajlar\u0131 yay\u0131nlad\u0131.<\/p>\n<p><img decoding=\"async\" src=\"https:\/\/www.tgrthaber.com\/mavikadin\/wp-content\/images\/haberler\/24-05\/30\/untitled-1axs.jpg\" alt=\"\" title=\"\"><\/p><\/p>\n","protected":false},"excerpt":{"rendered":"<p>Pop m\u00fczi\u011finin en \u00e7ok konu\u015fulan isimlerinden biri olarak tan\u0131nan \u00fcnl\u00fc sanat\u00e7\u0131 G\u00fcl\u015fen, 48. do\u011fum g\u00fcn\u00fcn\u00fc kutlad\u0131. Yak\u0131n dostu Demet \u00d6zdemir&#8217;in de kat\u0131ld\u0131\u011f\u0131 kutlamada e\u011flenceli anlar ya\u015fand\u0131. Pop m&uuml;zi\u011fin krali&ccedil;esi G&uuml;l\u015fen, 30 May\u0131s&#8217;ta 48. do\u011fum g&uuml;n&uuml;n&uuml; kutlad\u0131. Kutlamaya yak\u0131n dostu Demet &Ouml;zdemir&#8217;in de kat\u0131lmas\u0131yla keyifli anlar ya\u015fand\u0131. G&uuml;l\u015fen, bu &ouml;zel g&uuml;n&uuml;n&uuml; Instagram hesab\u0131nda payla\u015ft\u0131\u011f\u0131 foto\u011fraflarla takip&ccedil;ilerine [&hellip;]<\/p>\n","protected":false},"author":2,"featured_media":75587,"comment_status":"closed","ping_status":"open","sticky":false,"template":"","format":"standard","meta":{"rank_math_lock_modified_date":false,"footnotes":""},"categories":[76],"tags":[2570,653,2837,6252,38564],"class_list":["post-75588","post","type-post","status-publish","format-standard","has-post-thumbnail","hentry","category-magazin","tag-demet-ozdemir","tag-demir","tag-dogum-gunu","tag-gulsen","tag-unlu"],"_links":{"self":[{"href":"https:\/\/www.tgrthaber.com\/mavikadin\/wp-json\/wp\/v2\/posts\/75588"}],"collection":[{"href":"https:\/\/www.tgrthaber.com\/mavikadin\/wp-json\/wp\/v2\/posts"}],"about":[{"href":"https:\/\/www.tgrthaber.com\/mavikadin\/wp-json\/wp\/v2\/types\/post"}],"author":[{"embeddable":true,"href":"https:\/\/www.tgrthaber.com\/mavikadin\/wp-json\/wp\/v2\/users\/2"}],"replies":[{"embeddable":true,"href":"https:\/\/www.tgrthaber.com\/mavikadin\/wp-json\/wp\/v2\/comments?post=75588"}],"version-history":[{"count":1,"href":"https:\/\/www.tgrthaber.com\/mavikadin\/wp-json\/wp\/v2\/posts\/75588\/revisions"}],"predecessor-version":[{"id":75589,"href":"https:\/\/www.tgrthaber.com\/mavikadin\/wp-json\/wp\/v2\/posts\/75588\/revisions\/75589"}],"wp:featuredmedia":[{"embeddable":true,"href":"https:\/\/www.tgrthaber.com\/mavikadin\/wp-json\/wp\/v2\/media\/75587"}],"wp:attachment":[{"href":"https:\/\/www.tgrthaber.com\/mavikadin\/wp-json\/wp\/v2\/media?parent=75588"}],"wp:term":[{"taxonomy":"category","embeddable":true,"href":"https:\/\/www.tgrthaber.com\/mavikadin\/wp-json\/wp\/v2\/categories?post=75588"},{"taxonomy":"post_tag","embeddable":true,"href":"https:\/\/www.tgrthaber.com\/mavikadin\/wp-json\/wp\/v2\/tags?post=75588"}],"curies":[{"name":"wp","href":"https:\/\/api.w.org\/{rel}","templated":true}]}}