{"id":76092,"date":"2024-06-07T17:12:50","date_gmt":"2024-06-07T14:12:50","guid":{"rendered":"https:\/\/new.mavikadin.com\/?p=76092"},"modified":"2024-09-17T08:10:02","modified_gmt":"2024-09-17T05:10:02","slug":"kizilcik-serbetinin-cimeni-selin-turkmenden-duygulandiran-veda","status":"publish","type":"post","link":"https:\/\/www.tgrthaber.com\/mavikadin\/kizilcik-serbetinin-cimeni-selin-turkmenden-duygulandiran-veda\/","title":{"rendered":"K\u0131z\u0131lc\u0131k \u015eerbeti&#8217;nin \u00c7imen&#8217;i Selin T\u00fcrkmen&#8217;den duyguland\u0131ran veda"},"content":{"rendered":"<p>Reyting rekortmeni dizi K\u0131z\u0131lc\u0131k \u015eerbeti&#8217;nde yaprak d\u00f6k\u00fcm\u00fc devam ediyor. Ayr\u0131l\u0131k haberlerinin pe\u015f pe\u015fe geldi\u011fi dizide \u015fimdi de \u00c7imen karakterini oynayan Selin T\u00fcrkmen&#8217;den veda payla\u015f\u0131m\u0131 geldi.<\/p>\n<p>Show TV&#8217;nin sevilen dizisi K\u0131z\u0131lc\u0131k \u015eerbeti&#8217;nde oyuncular\u0131 ayr\u0131l\u0131k haberleri gelmeye devam ediyor. \u0130lgiyle izlenen dizide, Umut ve R&uuml;zgar karakterlerini oynayan Serkan T\u0131nmaz ve Yi\u011fit Kirazc\u0131&#8217;n\u0131n ard\u0131ndan veda eden isimlere yenileri eklendi.<\/p>\n<h3><strong>AYRILIK HABERLER\u0130 PE\u015e PE\u015eE GELD\u0130<\/strong><\/h3>\n<p>Melis Civelek ve Zeynep G&uuml;r&#8217;&uuml;n kaleme ald\u0131\u011f\u0131 dizi, t\u0131pk\u0131 A\u015fk-\u0131 Memnu&#8217;nun finali gibi \u015foke eden bir b&ouml;l&uuml;mle sezonu kapatacak. Ketche&#8217;nin y&ouml;netmenli\u011fini &uuml;stlendi\u011fi dizide, Umut karakterine hayat veren Serkan T\u0131nmaz ile R&uuml;zg&acirc;r&#8217;\u0131 canland\u0131ran Yi\u011fit Kirazc\u0131&#8217;n\u0131n vedas\u0131n\u0131n ard\u0131ndan iki ayr\u0131l\u0131k haberi daha geldi.<\/p>\n<p>Ge&ccedil;ti\u011fimiz g&uuml;nlerde sette ast\u0131m krizi ge&ccedil;iren ve &ccedil;ekti\u011fi videolarla g&uuml;ndeme gelen dizinin Alev&#8217;i M&uuml;jde Uzman, ekibe veda edecek.&nbsp;<\/p>\n<p><img decoding=\"async\" src=\"https:\/\/www.tgrthaber.com\/mavikadin\/wp-content\/images\/haberler\/24-06\/07\/kizilcik.jpg\" alt=\"\" title=\"\"><\/p>\n<h3><strong>SEL\u0130N T&Uuml;RKMEN&#8217;\u0130N VEDASI DUYGULANDIRDI<\/strong><\/h3>\n<p>Di\u011fer ayr\u0131lan isim ise &Ccedil;imen karakterini oynayan Selin T&uuml;rkmen oldu. T&uuml;rkmen&#8217;in de diziye veda edece\u011fi kesinle\u015fti.<\/p>\n<p>Ba\u015far\u0131l\u0131 oyuncu ayr\u0131l\u0131k haberlerinin ard\u0131ndan sosyal medya hesab\u0131ndan duygusal bir veda payla\u015f\u0131m\u0131 yapt\u0131.&nbsp;<\/p>\n<p><img decoding=\"async\" src=\"https:\/\/www.tgrthaber.com\/mavikadin\/wp-content\/images\/haberler\/24-06\/07\/gpdiwn-aeaesc0t.jpg\" alt=\"\" title=\"\"><\/p>\n<h3><strong>SIRLAR ORTAYA &Ccedil;IKIYOR<\/strong><\/h3>\n<p>&#8220;K\u0131z\u0131lc\u0131k \u015eerbeti&#8221;nin sezon finali &ouml;ncesi b&uuml;y&uuml;k bir gerilim ve heyecan ya\u015fanacak. &Uuml;nal kona\u011f\u0131nda patlayan bomba, dizinin izleyicilerini ekran ba\u015f\u0131na kilitleyecek.<\/p>\n<p>Evin yeni gelini G&ouml;rkem&rsquo;in ge&ccedil;mi\u015fte ya\u015fad\u0131\u011f\u0131 ili\u015fki ile ortaya &ccedil;\u0131kacak s\u0131rlar, &Uuml;nal ailesinde b&uuml;y&uuml;k de\u011fi\u015fimlere yol a&ccedil;acak.<\/p>\n<p>#vd-1537#<\/p><\/p>\n","protected":false},"excerpt":{"rendered":"<p>Reyting rekortmeni dizi K\u0131z\u0131lc\u0131k \u015eerbeti&#8217;nde yaprak d\u00f6k\u00fcm\u00fc devam ediyor. Ayr\u0131l\u0131k haberlerinin pe\u015f pe\u015fe geldi\u011fi dizide \u015fimdi de \u00c7imen karakterini oynayan Selin T\u00fcrkmen&#8217;den veda payla\u015f\u0131m\u0131 geldi. Show TV&#8217;nin sevilen dizisi K\u0131z\u0131lc\u0131k \u015eerbeti&#8217;nde oyuncular\u0131 ayr\u0131l\u0131k haberleri gelmeye devam ediyor. \u0130lgiyle izlenen dizide, Umut ve R&uuml;zgar karakterlerini oynayan Serkan T\u0131nmaz ve Yi\u011fit Kirazc\u0131&#8217;n\u0131n ard\u0131ndan veda eden isimlere yenileri [&hellip;]<\/p>\n","protected":false},"author":12,"featured_media":76091,"comment_status":"closed","ping_status":"open","sticky":false,"template":"","format":"standard","meta":{"rank_math_lock_modified_date":false,"footnotes":""},"categories":[602],"tags":[49052,32159,157,2240,40177],"class_list":["post-76092","post","type-post","status-publish","format-standard","has-post-thumbnail","hentry","category-diziler","tag-cimen","tag-dizi","tag-kizilcik-serbeti","tag-selin-turkmen","tag-veda"],"_links":{"self":[{"href":"https:\/\/www.tgrthaber.com\/mavikadin\/wp-json\/wp\/v2\/posts\/76092"}],"collection":[{"href":"https:\/\/www.tgrthaber.com\/mavikadin\/wp-json\/wp\/v2\/posts"}],"about":[{"href":"https:\/\/www.tgrthaber.com\/mavikadin\/wp-json\/wp\/v2\/types\/post"}],"author":[{"embeddable":true,"href":"https:\/\/www.tgrthaber.com\/mavikadin\/wp-json\/wp\/v2\/users\/12"}],"replies":[{"embeddable":true,"href":"https:\/\/www.tgrthaber.com\/mavikadin\/wp-json\/wp\/v2\/comments?post=76092"}],"version-history":[{"count":1,"href":"https:\/\/www.tgrthaber.com\/mavikadin\/wp-json\/wp\/v2\/posts\/76092\/revisions"}],"predecessor-version":[{"id":76093,"href":"https:\/\/www.tgrthaber.com\/mavikadin\/wp-json\/wp\/v2\/posts\/76092\/revisions\/76093"}],"wp:featuredmedia":[{"embeddable":true,"href":"https:\/\/www.tgrthaber.com\/mavikadin\/wp-json\/wp\/v2\/media\/76091"}],"wp:attachment":[{"href":"https:\/\/www.tgrthaber.com\/mavikadin\/wp-json\/wp\/v2\/media?parent=76092"}],"wp:term":[{"taxonomy":"category","embeddable":true,"href":"https:\/\/www.tgrthaber.com\/mavikadin\/wp-json\/wp\/v2\/categories?post=76092"},{"taxonomy":"post_tag","embeddable":true,"href":"https:\/\/www.tgrthaber.com\/mavikadin\/wp-json\/wp\/v2\/tags?post=76092"}],"curies":[{"name":"wp","href":"https:\/\/api.w.org\/{rel}","templated":true}]}}