{"id":76443,"date":"2024-06-13T16:03:49","date_gmt":"2024-06-13T13:03:49","guid":{"rendered":"https:\/\/new.mavikadin.com\/?p=76443"},"modified":"2024-09-17T08:26:10","modified_gmt":"2024-09-17T05:26:10","slug":"bertug-ozgur-yildirim-ile-ala-tokel-nisanlandi-mi-paylasimlari-ele-verdi","status":"publish","type":"post","link":"https:\/\/www.tgrthaber.com\/mavikadin\/bertug-ozgur-yildirim-ile-ala-tokel-nisanlandi-mi-paylasimlari-ele-verdi\/","title":{"rendered":"Bertu\u011f \u00d6zg\u00fcr Y\u0131ld\u0131r\u0131m ile Ala Tokel ni\u015fanland\u0131 m\u0131? Payla\u015f\u0131mlar\u0131 ele verdi"},"content":{"rendered":"<p>Sosyal medya fenomeni ve Ala MakeUp Studio&#8217;nun sahibi  Ala Tokel ile sevgilisi Bertu\u011f \u00d6zg\u00fcr Y\u0131ld\u0131r\u0131m&#8217;\u0131n ni\u015fanland\u0131klar\u0131 iddia edildi.\u00a0\u00c7iftin sosyal medya payla\u015f\u0131mlar\u0131 kafalar\u0131 kar\u0131\u015ft\u0131rd\u0131.<\/p>\n<p>Ge&ccedil;en ay \u0130stinye&#8217;de beraber g&ouml;r&uuml;nt&uuml;lenen fenomen ve giri\u015fimci Ala Tokel ile milli tak\u0131m oyuncusu Bertu\u011f &Ouml;zg&uuml;r Y\u0131ld\u0131r\u0131m&#8217;\u0131n ni\u015fanland\u0131\u011f\u0131 iddia edildi. \u0130kilinin yapt\u0131\u011f\u0131 payla\u015f\u0131mlardaki y&uuml;z&uuml;k detay\u0131 g&ouml;zlerden ka&ccedil;mad\u0131.&nbsp;<\/p>\n<p>&Ccedil;iftin sevenleri Bertu\u011f &Ouml;zg&uuml;r Y\u0131ld\u0131r\u0131m&#8217;\u0131n hangi tak\u0131mda oynad\u0131\u011f\u0131n\u0131 ve ya\u015f\u0131n\u0131 ara\u015ft\u0131rmaya ba\u015flad\u0131.&nbsp;<\/p>\n<h3><strong>BERTU\u011e YILDIRIM K\u0130MD\u0130R?<\/strong><\/h3>\n<p>Bertu\u011f &Ouml;zg&uuml;r Y\u0131ld\u0131r\u0131m Fransa&#8217;n\u0131n Rennes tak\u0131m\u0131nda oynamaktad\u0131r.&nbsp;<\/p>\n<p>12 Temmuz 2002 y\u0131l\u0131nda \u0130stanbul&#8217;da do\u011fan T&uuml;rk milli futbolcu 10 Haziran 2022 y\u0131l\u0131nda ilk defa T&uuml;rkiye U-21 tak\u0131m\u0131 ile forma giydi.<\/p>\n<p>6 kez ma&ccedil;a &ccedil;\u0131karak 3 gol kaydeden futbolcu 2 kere T&uuml;rkiye U-23 formas\u0131 giydi.&nbsp;<\/p>\n<p>Y\u0131ld\u0131r\u0131m alt ya\u015f kategorilerinde 8 defa forma giyme \u015fans\u0131 elde etti.&nbsp;<\/p>\n<h3><strong>ALA TOKEL K\u0130MD\u0130R ?<\/strong><\/h3>\n<p>Ala Tokel&#8217;in annesi \u0130ranl\u0131, babas\u0131 ise \u0130stanbul do\u011fumludur. 3 Aral\u0131k 1994&#8217;te d&uuml;nyaya gelen Tokel&#8217;in ismi Fars&ccedil;a k&ouml;kenlidir.&nbsp;<\/p>\n<p>Ala MakeUp Studio&#8217;nun sahibi olan Ala Tokel Kadir Has &Uuml;niversitesi Yeni Medya lisans b&ouml;l&uuml;m&uuml;nden mezun olmu\u015ftur.<\/p>\n<p>H&uuml;rriyet&#8217;e verdi\u011fi r&ouml;portajda sona eren evlili\u011fi hakk\u0131nda konu\u015fan Ala Tokel \u015fu ifadeleri kullanm\u0131\u015ft\u0131;&nbsp;<\/p>\n<p>&#8220;Ben biraz tabular\u0131 y\u0131k\u0131p &ccedil;ok farkl\u0131 bir evlilik yapt\u0131m galiba kendi a&ccedil;\u0131mdan. Benim i&ccedil;in her \u015fey evliyken ola\u011fan&uuml;st&uuml;yd&uuml;. Genel olarak her \u015fey m&uuml;kemmeldi. Kendisi, ailesi, o zaman ya\u015fad\u0131\u011f\u0131m hayat&hellip; Ama biraz erkendi bizim i&ccedil;in bence. Ben 21-22 ya\u015f\u0131ndayd\u0131m zaten. O zaman gece d\u0131\u015far\u0131 &ccedil;\u0131kmaya yeni ba\u015flam\u0131\u015f\u0131m. Ne evlili\u011fimden ne bo\u015fanmamdan pi\u015fman olmad\u0131m. Evlenirken de &ccedil;ok nettim, bo\u015fan\u0131rken de &ccedil;ok nettim. \u0130yi ki b&ouml;yle bir \u015fey ya\u015fam\u0131\u015f\u0131m.&#8221;<\/p>\n<p><img decoding=\"async\" src=\"https:\/\/www.tgrthaber.com\/mavikadin\/wp-content\/images\/haberler\/24-06\/13\/haber-iciii-ala.jpg\" alt=\"\" title=\"\"><\/p>\n<h3><strong>ALA TOKEL \u0130LE BERTU\u011e YILDIRIM N\u0130\u015eANLANDI MI?<\/strong><\/h3>\n<p>Sosyal medya payla\u015f\u0131mlar\u0131yla ad\u0131ndan s&ouml;z ettiren Ala Tokel ile futbolcu Bertu\u011f Y\u0131ld\u0131r\u0131m ge&ccedil;ti\u011fimiz g&uuml;nlerde \u0130stinye&#8217;de bir arada g&ouml;r&uuml;nt&uuml;lendi.&nbsp;<\/p>\n<p>Bas\u0131n mensuplar\u0131n\u0131 kar\u015f\u0131s\u0131nda g&ouml;ren ikili \u015fa\u015fk\u0131nl\u0131\u011f\u0131n\u0131 gizleyememi\u015fti. &Ccedil;iftin parmaklar\u0131ndaki y&uuml;z&uuml;kler ise ni\u015fanland\u0131klar\u0131n\u0131 ak\u0131llara getirdi.&nbsp;<\/p>\n<p><strong>\u0130\u015fte o payla\u015f\u0131mlar:<\/strong><\/p>\n<p><img decoding=\"async\" src=\"https:\/\/www.tgrthaber.com\/mavikadin\/wp-content\/images\/haberler\/24-06\/13\/haber-iciii-ala-1.jpg\" alt=\"\" title=\"\"><\/p>\n<p><img decoding=\"async\" src=\"https:\/\/www.tgrthaber.com\/mavikadin\/wp-content\/images\/haberler\/24-06\/13\/haber-iciii-tokel-nisanlisi.jpg\" alt=\"\" title=\"\"><\/p><\/p>\n","protected":false},"excerpt":{"rendered":"<p>Sosyal medya fenomeni ve Ala MakeUp Studio&#8217;nun sahibi Ala Tokel ile sevgilisi Bertu\u011f \u00d6zg\u00fcr Y\u0131ld\u0131r\u0131m&#8217;\u0131n ni\u015fanland\u0131klar\u0131 iddia edildi.\u00a0\u00c7iftin sosyal medya payla\u015f\u0131mlar\u0131 kafalar\u0131 kar\u0131\u015ft\u0131rd\u0131. Ge&ccedil;en ay \u0130stinye&#8217;de beraber g&ouml;r&uuml;nt&uuml;lenen fenomen ve giri\u015fimci Ala Tokel ile milli tak\u0131m oyuncusu Bertu\u011f &Ouml;zg&uuml;r Y\u0131ld\u0131r\u0131m&#8217;\u0131n ni\u015fanland\u0131\u011f\u0131 iddia edildi. \u0130kilinin yapt\u0131\u011f\u0131 payla\u015f\u0131mlardaki y&uuml;z&uuml;k detay\u0131 g&ouml;zlerden ka&ccedil;mad\u0131.&nbsp; &Ccedil;iftin sevenleri Bertu\u011f &Ouml;zg&uuml;r Y\u0131ld\u0131r\u0131m&#8217;\u0131n [&hellip;]<\/p>\n","protected":false},"author":5,"featured_media":76442,"comment_status":"closed","ping_status":"open","sticky":false,"template":"","format":"standard","meta":{"rank_math_lock_modified_date":false,"footnotes":""},"categories":[76],"tags":[9616,52538,2719,3169],"class_list":["post-76443","post","type-post","status-publish","format-standard","has-post-thumbnail","hentry","category-magazin","tag-ala-tokel","tag-bertug-yildirim","tag-nisan","tag-sosyal-medya"],"_links":{"self":[{"href":"https:\/\/www.tgrthaber.com\/mavikadin\/wp-json\/wp\/v2\/posts\/76443"}],"collection":[{"href":"https:\/\/www.tgrthaber.com\/mavikadin\/wp-json\/wp\/v2\/posts"}],"about":[{"href":"https:\/\/www.tgrthaber.com\/mavikadin\/wp-json\/wp\/v2\/types\/post"}],"author":[{"embeddable":true,"href":"https:\/\/www.tgrthaber.com\/mavikadin\/wp-json\/wp\/v2\/users\/5"}],"replies":[{"embeddable":true,"href":"https:\/\/www.tgrthaber.com\/mavikadin\/wp-json\/wp\/v2\/comments?post=76443"}],"version-history":[{"count":1,"href":"https:\/\/www.tgrthaber.com\/mavikadin\/wp-json\/wp\/v2\/posts\/76443\/revisions"}],"predecessor-version":[{"id":76444,"href":"https:\/\/www.tgrthaber.com\/mavikadin\/wp-json\/wp\/v2\/posts\/76443\/revisions\/76444"}],"wp:featuredmedia":[{"embeddable":true,"href":"https:\/\/www.tgrthaber.com\/mavikadin\/wp-json\/wp\/v2\/media\/76442"}],"wp:attachment":[{"href":"https:\/\/www.tgrthaber.com\/mavikadin\/wp-json\/wp\/v2\/media?parent=76443"}],"wp:term":[{"taxonomy":"category","embeddable":true,"href":"https:\/\/www.tgrthaber.com\/mavikadin\/wp-json\/wp\/v2\/categories?post=76443"},{"taxonomy":"post_tag","embeddable":true,"href":"https:\/\/www.tgrthaber.com\/mavikadin\/wp-json\/wp\/v2\/tags?post=76443"}],"curies":[{"name":"wp","href":"https:\/\/api.w.org\/{rel}","templated":true}]}}