{"id":76458,"date":"2024-06-14T09:33:45","date_gmt":"2024-06-14T06:33:45","guid":{"rendered":"https:\/\/new.mavikadin.com\/?p=76458"},"modified":"2024-09-17T08:26:51","modified_gmt":"2024-09-17T05:26:51","slug":"tahliye-olan-sila-dogu-sinir-krizi-gecirdi-dilan-diye-agladi","status":"publish","type":"post","link":"https:\/\/www.tgrthaber.com\/mavikadin\/tahliye-olan-sila-dogu-sinir-krizi-gecirdi-dilan-diye-agladi\/","title":{"rendered":"Tahliye olan S\u0131la Do\u011fu sinir krizi ge\u00e7irdi! &#8216;Dilan&#8217; diye a\u011flad\u0131"},"content":{"rendered":"<p>Vergi ka\u00e7\u0131rma ve kara para aklama gibi su\u00e7lardan tutuklu bulunan fenomen Dilan Polat ve e\u015fi Engin Polat\u2019\u0131n yarg\u0131land\u0131\u011f\u0131 davada geli\u015fme ya\u015fand\u0131. Dilan Polat\u2019\u0131n karde\u015fleri S\u0131la Do\u011fu ve Can Do\u011fu tahliye edildi. Cezaevinden \u00e7\u0131kan S\u0131la Do\u011fu karde\u015fi Dilan Polat&#8217;\u0131n serbest b\u0131rak\u0131lmad\u0131\u011f\u0131n\u0131 \u00f6\u011frenince sinir krizi ge\u00e7irerek defalarca &#8216;Dilan&#8217; diye hayk\u0131rd\u0131.<\/p>\n<p>5 Kas\u0131m 2023 tarihinden bu yana tutuklu bulunan sosyal medya fenomeni Dilan Polat ve e\u015fi Engin Polat&rsquo;\u0131n davas\u0131nda yeni geli\u015fme ya\u015fand\u0131.&nbsp;<\/p>\n<p>Dilan Polat&#8217;\u0131n karde\u015fleri S\u0131la Do\u011fu ve Can Do\u011fu tahliye edilirken Dilan Polat&#8217;\u0131n tutukluluk haline devam karar\u0131 &ccedil;\u0131kt\u0131.&nbsp;S\u0131la Do\u011fu karde\u015fi Dilan Polat&#8217;\u0131n serbest b\u0131rak\u0131lmad\u0131\u011f\u0131n\u0131 &ouml;\u011frenince de sinir krizi ge&ccedil;irdi.&nbsp;<\/p>\n<h3><strong>POLAT &Ccedil;\u0130FT\u0130N\u0130N TUTUKLULU\u011eU DEVAM ED\u0130YOR<\/strong><\/h3>\n<p>Ayl\u0131k tutukluluk de\u011ferlendirmesinde Polat &ccedil;iftinin cezaevinde kalmalar\u0131na karar verildi. Di\u011fer yandan 4. Sulh Ceza Hakimli\u011fi Sezgin Polat, Ahmet G&uuml;n ve Alper K&uuml;r\u015fat Polat&rsquo;\u0131n tutuklulu\u011funa devam karar\u0131 verdi.<\/p>\n<h3><strong>SILA VE CAN DO\u011eU TAHL\u0130YE OLDU<\/strong><\/h3>\n<p>Mahkemede Dilan Polat&#8217;\u0131n karde\u015fi S\u0131la Do\u011fu ve Can Do\u011fu&rsquo;nun tutuksuz yarg\u0131lanmas\u0131 karar\u0131 &ccedil;\u0131kt\u0131.Bu geli\u015fme sonras\u0131nda S\u0131la Do\u011fu&rsquo;nun avukat\u0131 sosyal medyadan &nbsp;\u015fu payla\u015f\u0131m\u0131 yapt\u0131:<\/p>\n<p>&#8220;M&uuml;vekkilim Sinem S\u0131la Do\u011fu hakk\u0131nda tahliye karar\u0131 verilmi\u015ftir&#8221;<\/p>\n<p><img decoding=\"async\" src=\"https:\/\/www.tgrthaber.com\/mavikadin\/wp-content\/images\/haberler\/24-06\/14\/haber-iciii-sila.jpg\" alt=\"\" title=\"\"><\/p>\n<h3><strong>&#8216;D\u0130LAN&#8217; D\u0130YE HAYKIRDI<\/strong><\/h3>\n<p>7 ay sonra cezaevinden &ccedil;\u0131kan S\u0131la Do\u011fu karde\u015fi Dilan Polat&#8217;\u0131n serbest kalmad\u0131\u011f\u0131n\u0131 &ouml;\u011frenince sinir krizi ge&ccedil;irdi. Gazete Magazin&rsquo;de yer alan habere g&ouml;re; S\u0131la Do\u011fu &#8216;Dilan&#8217; diye hayk\u0131rd\u0131. Do\u011fu&#8217;yu &ccedil;evresindekiler sakinle\u015ftirmeye &ccedil;al\u0131\u015ft\u0131.&nbsp;<\/p>\n<h3><strong>NELER YA\u015eANMI\u015eTI?<\/strong><\/h3>\n<p>1 Kas\u0131m 2023 tarihinde 6 ilde \u0130stanbul merkezli ve devam\u0131nda yap\u0131lan operasyonlarda Dilan Polat ve e\u015fi Engin Polat&#8217;\u0131n da aralar\u0131nda yer ald\u0131\u011f\u0131 24 \u015f&uuml;pheli g&ouml;zalt\u0131na al\u0131nm\u0131\u015ft\u0131.<\/p>\n<p>Engin Polat, Dilan Polat, S\u0131la Do\u011fu&#8217;nun da aralar\u0131nda bulundu\u011fu \u015f&uuml;phelilerden 16&#8217;s\u0131 5 Kas\u0131m 2023&#8217;te tutuklan\u0131rken, hakimlik 27 \u015firkete kayyum atanmas\u0131na karar vermi\u015fti.<br \/>&nbsp;<\/p><\/p>\n","protected":false},"excerpt":{"rendered":"<p>Vergi ka\u00e7\u0131rma ve kara para aklama gibi su\u00e7lardan tutuklu bulunan fenomen Dilan Polat ve e\u015fi Engin Polat\u2019\u0131n yarg\u0131land\u0131\u011f\u0131 davada geli\u015fme ya\u015fand\u0131. Dilan Polat\u2019\u0131n karde\u015fleri S\u0131la Do\u011fu ve Can Do\u011fu tahliye edildi. Cezaevinden \u00e7\u0131kan S\u0131la Do\u011fu karde\u015fi Dilan Polat&#8217;\u0131n serbest b\u0131rak\u0131lmad\u0131\u011f\u0131n\u0131 \u00f6\u011frenince sinir krizi ge\u00e7irerek defalarca &#8216;Dilan&#8217; diye hayk\u0131rd\u0131. 5 Kas\u0131m 2023 tarihinden bu yana tutuklu [&hellip;]<\/p>\n","protected":false},"author":5,"featured_media":76457,"comment_status":"closed","ping_status":"open","sticky":false,"template":"","format":"standard","meta":{"rank_math_lock_modified_date":false,"footnotes":""},"categories":[76],"tags":[2715,45030,20660,47891],"class_list":["post-76458","post","type-post","status-publish","format-standard","has-post-thumbnail","hentry","category-magazin","tag-dilan-polat","tag-sinir-krizi","tag-sila-dogu","tag-tahliye"],"_links":{"self":[{"href":"https:\/\/www.tgrthaber.com\/mavikadin\/wp-json\/wp\/v2\/posts\/76458"}],"collection":[{"href":"https:\/\/www.tgrthaber.com\/mavikadin\/wp-json\/wp\/v2\/posts"}],"about":[{"href":"https:\/\/www.tgrthaber.com\/mavikadin\/wp-json\/wp\/v2\/types\/post"}],"author":[{"embeddable":true,"href":"https:\/\/www.tgrthaber.com\/mavikadin\/wp-json\/wp\/v2\/users\/5"}],"replies":[{"embeddable":true,"href":"https:\/\/www.tgrthaber.com\/mavikadin\/wp-json\/wp\/v2\/comments?post=76458"}],"version-history":[{"count":1,"href":"https:\/\/www.tgrthaber.com\/mavikadin\/wp-json\/wp\/v2\/posts\/76458\/revisions"}],"predecessor-version":[{"id":76459,"href":"https:\/\/www.tgrthaber.com\/mavikadin\/wp-json\/wp\/v2\/posts\/76458\/revisions\/76459"}],"wp:featuredmedia":[{"embeddable":true,"href":"https:\/\/www.tgrthaber.com\/mavikadin\/wp-json\/wp\/v2\/media\/76457"}],"wp:attachment":[{"href":"https:\/\/www.tgrthaber.com\/mavikadin\/wp-json\/wp\/v2\/media?parent=76458"}],"wp:term":[{"taxonomy":"category","embeddable":true,"href":"https:\/\/www.tgrthaber.com\/mavikadin\/wp-json\/wp\/v2\/categories?post=76458"},{"taxonomy":"post_tag","embeddable":true,"href":"https:\/\/www.tgrthaber.com\/mavikadin\/wp-json\/wp\/v2\/tags?post=76458"}],"curies":[{"name":"wp","href":"https:\/\/api.w.org\/{rel}","templated":true}]}}