{"id":76461,"date":"2024-06-14T10:35:14","date_gmt":"2024-06-14T07:35:14","guid":{"rendered":"https:\/\/new.mavikadin.com\/?p=76461"},"modified":"2024-09-17T08:27:00","modified_gmt":"2024-09-17T05:27:00","slug":"komedyen-hasan-can-kaya-hakkinda-soke-eden-iddia-beni-alikoydu-yardim-edin","status":"publish","type":"post","link":"https:\/\/www.tgrthaber.com\/mavikadin\/komedyen-hasan-can-kaya-hakkinda-soke-eden-iddia-beni-alikoydu-yardim-edin\/","title":{"rendered":"Komedyen Hasan Can Kaya hakk\u0131nda \u015foke eden iddia! &#8220;Beni al\u0131koydu, yard\u0131m edin&#8221;"},"content":{"rendered":"<p>\u00dcnl\u00fc komedyen Hasan Can Kaya hakk\u0131nda \u015foke eden bir iddia ortaya at\u0131ld\u0131. \u0130ddiaya g\u00f6re Kaya partide tan\u0131\u015ft\u0131\u011f\u0131 gen\u00e7 k\u0131z\u0131 evinde al\u0131koydu. Gen\u00e7 k\u0131z\u0131n \u015fikayet\u00e7i olmas\u0131 \u00fczerine olay emniyete ta\u015f\u0131nd\u0131.<\/p>\n<p>\u0130stanbul&#8217;da &ouml;zel bir &uuml;niversitenin mezuniyet partisine kat\u0131lan 23 ya\u015f\u0131ndaki gen&ccedil; k\u0131z burada tan\u0131\u015ft\u0131\u011f\u0131 komedyen Hasan Can Kaya&#8217;n\u0131n Levent&#8217;teki evine gitti.<\/p>\n<p>\u0130lerleyen saatlerde gen&ccedil; k\u0131z evden &ccedil;\u0131kmak istedi ancak iddiaya g&ouml;re Kaya taraf\u0131ndan al\u0131konuldu. Gen&ccedil; k\u0131z arkada\u015f\u0131ndan yard\u0131m isteyerek &#8220;Evden &ccedil;\u0131kmama izin vermiyor. Beni kurtar\u0131n&#8221; dedi.&nbsp;<\/p>\n<p>Gelen ihbar &uuml;zerine Be\u015fikta\u015f polisi gen&ccedil; k\u0131z\u0131 kurtard\u0131. Emniyette gen&ccedil; k\u0131z\u0131n \u015fikayet&ccedil;i olmamas\u0131 &uuml;zerine Hasan Can Kaya savc\u0131l\u0131k talimat\u0131yla serbest b\u0131rak\u0131ld\u0131.&nbsp; Olay ge&ccedil;ti\u011fimiz hafta sal\u0131 g&uuml;n&uuml; Be\u015fikta\u015f Levent&#8217;te saat 04.00 s\u0131ralar\u0131nda ger&ccedil;ekle\u015fti.&nbsp;<\/p>\n<h3><strong>OLAY NASIL YA\u015eANDI?&nbsp;<\/strong><\/h3>\n<p>Al\u0131nan bilgiye g&ouml;re; \u0130stanbul&#8217;daki &ouml;zel bir &uuml;niversitenin mezuniyet partisine Hasan Can Kaya da kat\u0131ld\u0131. Kaya burada 23 ya\u015f\u0131ndaki Nazl\u0131can A. ile tan\u0131\u015ft\u0131. Sohbet eden ikili partinin bitiminde Kaya&#8217;n\u0131n Levent&#8217;teki evine gitti.&nbsp;<\/p>\n<h3><strong>EVDEN &Ccedil;IKMASINA \u0130Z\u0130N VERMED\u0130 \u0130DD\u0130ASI<\/strong><\/h3>\n<p>Gecenin ilerleyen saatlerinde Nazl\u0131can A. iddiaya g&ouml;re &uuml;nl&uuml; komedyenin kendisiyle yak\u0131nla\u015fmas\u0131ndan rahats\u0131zl\u0131k duydu.&nbsp; \u0130ddiaya g&ouml;re gen&ccedil; k\u0131z evden &ccedil;\u0131kmak istese de Hasan Can Kaya &ccedil;\u0131kmas\u0131na izin vermedi.<br \/>&nbsp;<br \/>Kaya&#8217;ya tepki g&ouml;steren Nazl\u0131can A. cep telefonundaki mesajla\u015fma uygulamas\u0131 ile arkada\u015f\u0131na canl\u0131 konum yollad\u0131. Gen&ccedil; k\u0131z, &#8220;bana madde verdiler, nerede oldu\u011fumu bilmiyorum. Evden &ccedil;\u0131kmama izin vermiyor&#8221; dedi.<\/p>\n<\/p>\n<p><img decoding=\"async\" src=\"https:\/\/www.tgrthaber.com\/mavikadin\/wp-content\/images\/haberler\/24-06\/14\/haber-iciii-hasan.jpg\" alt=\"\" title=\"\"><\/p>\n<h3><strong>POL\u0130S GEN&Ccedil; KIZI KURTARDI<\/strong><\/h3>\n<p>Gen&ccedil; k\u0131z\u0131n arkada\u015f\u0131 Polis ekibine ihbarda bulununca Be\u015fikta\u015f polisi, gece saatlerinde adrese geldi. \u0130&ccedil;eride gen&ccedil; k\u0131z\u0131n oldu\u011fu belirlenince polis ekipleri Nazl\u0131can A.&#8217;y\u0131 i&ccedil;eriden &ccedil;\u0131kartt\u0131. Nazl\u0131can A. \u015fikayet&ccedil;i olunca Hasan Can Kaya da emniyete g&ouml;t&uuml;r&uuml;ld&uuml;.<\/p>\n<h3><strong>&#8220;YAKINLA\u015eMAK \u0130STED\u0130&#8221;<\/strong><\/h3>\n<p>\u0130fade veren gen&ccedil; k\u0131z emniyette olay\u0131 anlatt\u0131. Kaya&#8217;n\u0131n evinden &ccedil;\u0131kmas\u0131na izin vermedi\u011fini ifade eden gen&ccedil; k\u0131z arkada\u015f\u0131na canl\u0131 konum yollad\u0131\u011f\u0131n\u0131 ve ihbarda bulunmas\u0131n\u0131 istedi\u011fini s&ouml;yledi. Nazl\u0131can A. emniyette, Kaya&#8217;dan \u015fikayet&ccedil;i olmad\u0131\u011f\u0131n\u0131 belirtti.<\/p>\n<h3><strong>KAYA SERBEST KALDI<\/strong><\/h3>\n<p>Gen&ccedil; k\u0131z \u015fikayet&ccedil;i olmay\u0131nca Hasan Can Kaya serbest kald\u0131. Polis ekipleri gen&ccedil; k\u0131za, olay yasal haklar\u0131 hakk\u0131nda bilgi verdi. &nbsp;<\/p>\n<p>Gen&ccedil; k\u0131z\u0131n ifadesi ve ya\u015fanan olay savc\u0131l\u0131\u011fa aktar\u0131ld\u0131. Savc\u0131l\u0131k tutanak tuttuktan sonra emniyette bulunan Hasan Can Kaya&#8217;n\u0131n serbest b\u0131rak\u0131lmas\u0131 talimat\u0131n\u0131 verdi.&nbsp;<\/p>\n<h3><strong>&#8220;BA\u015eKA KADINLARDA VARDI&#8221;<\/strong><\/h3>\n<p>Emniyette ifade veren Kaya su&ccedil;lamalar\u0131 reddetti. Nazl\u0131can A. evde bulundu\u011fu esnada evde ba\u015fka kad\u0131nlar\u0131n da oldu\u011funu iddia etti.&nbsp;<\/p>\n<p>Hasan Can Kaya tutanak tutulmas\u0131 sonras\u0131nda serbest b\u0131rak\u0131l\u0131rken sosyal medya hesab\u0131ndan a&ccedil;\u0131klama yapt\u0131. Kaya iftiraya u\u011frad\u0131\u011f\u0131n\u0131 ve itibar suikast\u0131 yap\u0131ld\u0131\u011f\u0131n\u0131 ileri s&uuml;rd&uuml;. Kaya&#8217;n\u0131n a&ccedil;\u0131klamas\u0131 \u015f&ouml;yle:&nbsp;<\/p>\n<p>&#8220;Arkada\u015flar itibar suikasti var. Her yere ayn\u0131 anda ayn\u0131 yalanlar servis edilmi\u015f. Sabahtan beri okudu\u011fum mide buland\u0131r\u0131c\u0131 Emniyet, savc\u0131l\u0131k, g&ouml;zalt\u0131, madde verme, al\u0131koyma vb iftiralar\u0131 atanlardan hukuk &ouml;n&uuml;nde hesap soraca\u011f\u0131m&#8230;.&#8221;<\/p>\n<p>#vd-1271#<\/p>\n<\/p>\n<p>&nbsp;<\/p>\n","protected":false},"excerpt":{"rendered":"<p>\u00dcnl\u00fc komedyen Hasan Can Kaya hakk\u0131nda \u015foke eden bir iddia ortaya at\u0131ld\u0131. \u0130ddiaya g\u00f6re Kaya partide tan\u0131\u015ft\u0131\u011f\u0131 gen\u00e7 k\u0131z\u0131 evinde al\u0131koydu. Gen\u00e7 k\u0131z\u0131n \u015fikayet\u00e7i olmas\u0131 \u00fczerine olay emniyete ta\u015f\u0131nd\u0131. \u0130stanbul&#8217;da &ouml;zel bir &uuml;niversitenin mezuniyet partisine kat\u0131lan 23 ya\u015f\u0131ndaki gen&ccedil; k\u0131z burada tan\u0131\u015ft\u0131\u011f\u0131 komedyen Hasan Can Kaya&#8217;n\u0131n Levent&#8217;teki evine gitti. \u0130lerleyen saatlerde gen&ccedil; k\u0131z evden &ccedil;\u0131kmak [&hellip;]<\/p>\n","protected":false},"author":5,"featured_media":76460,"comment_status":"closed","ping_status":"open","sticky":false,"template":"","format":"standard","meta":{"rank_math_lock_modified_date":false,"footnotes":""},"categories":[76],"tags":[52550,38746,926,7716,5323],"class_list":["post-76461","post","type-post","status-publish","format-standard","has-post-thumbnail","hentry","category-magazin","tag-alikoyma-iddiasi","tag-dava","tag-hasan","tag-hasan-can-kaya","tag-komedyen"],"_links":{"self":[{"href":"https:\/\/www.tgrthaber.com\/mavikadin\/wp-json\/wp\/v2\/posts\/76461"}],"collection":[{"href":"https:\/\/www.tgrthaber.com\/mavikadin\/wp-json\/wp\/v2\/posts"}],"about":[{"href":"https:\/\/www.tgrthaber.com\/mavikadin\/wp-json\/wp\/v2\/types\/post"}],"author":[{"embeddable":true,"href":"https:\/\/www.tgrthaber.com\/mavikadin\/wp-json\/wp\/v2\/users\/5"}],"replies":[{"embeddable":true,"href":"https:\/\/www.tgrthaber.com\/mavikadin\/wp-json\/wp\/v2\/comments?post=76461"}],"version-history":[{"count":1,"href":"https:\/\/www.tgrthaber.com\/mavikadin\/wp-json\/wp\/v2\/posts\/76461\/revisions"}],"predecessor-version":[{"id":76462,"href":"https:\/\/www.tgrthaber.com\/mavikadin\/wp-json\/wp\/v2\/posts\/76461\/revisions\/76462"}],"wp:featuredmedia":[{"embeddable":true,"href":"https:\/\/www.tgrthaber.com\/mavikadin\/wp-json\/wp\/v2\/media\/76460"}],"wp:attachment":[{"href":"https:\/\/www.tgrthaber.com\/mavikadin\/wp-json\/wp\/v2\/media?parent=76461"}],"wp:term":[{"taxonomy":"category","embeddable":true,"href":"https:\/\/www.tgrthaber.com\/mavikadin\/wp-json\/wp\/v2\/categories?post=76461"},{"taxonomy":"post_tag","embeddable":true,"href":"https:\/\/www.tgrthaber.com\/mavikadin\/wp-json\/wp\/v2\/tags?post=76461"}],"curies":[{"name":"wp","href":"https:\/\/api.w.org\/{rel}","templated":true}]}}