{"id":76464,"date":"2024-06-14T11:23:57","date_gmt":"2024-06-14T08:23:57","guid":{"rendered":"https:\/\/new.mavikadin.com\/?p=76464"},"modified":"2024-09-17T08:27:08","modified_gmt":"2024-09-17T05:27:08","slug":"nagehan-alcidan-ozan-kutahyaliya-soke-eden-sozler-evliligim-boyunca-siddet-gordum-bosanmakla-da-kurtulamadim","status":"publish","type":"post","link":"https:\/\/www.tgrthaber.com\/mavikadin\/nagehan-alcidan-ozan-kutahyaliya-soke-eden-sozler-evliligim-boyunca-siddet-gordum-bosanmakla-da-kurtulamadim\/","title":{"rendered":"Nagehan Al\u00e7\u0131\u2019dan Ozan K\u00fctahyal\u0131\u2019ya \u015foke eden s\u00f6zler: Evlili\u011fim boyunca \u015fiddet g\u00f6rd\u00fcm, bo\u015fanmakla da kurtulamad\u0131m!"},"content":{"rendered":"<p>Yorumcu ve yazar Rasim Ozan K\u00fctahyal\u0131 ile anla\u015fmal\u0131 olarak tek celsede bo\u015fanan Nagehan Al\u00e7\u0131 uzun zamand\u0131r psikolojik, fiziksel ve ekonomik \u015fiddet g\u00f6rd\u00fc\u011f\u00fcn\u00fc ifade etti. Bo\u015fand\u0131ktan sonra da bu \u015fiddetin devam etti\u011fini a\u00e7\u0131klayan Al\u00e7\u0131 hukuki s\u00fcre\u00e7leri ba\u015flat\u0131yorum \u015feklinde konu\u015ftu.\u00a0<\/p>\n<p>Habert&uuml;rk yazar\u0131 Nagehan Al&ccedil;\u0131 tek celsede bo\u015fand\u0131\u011f\u0131 yorumcu ve yazar Rasim Ozan K&uuml;tahyal\u0131&#8217;dan uzun zamand\u0131r psikolojik, fiziksel ve ekonomik \u015fiddet g&ouml;rd&uuml;\u011f&uuml;n&uuml; anlatt\u0131. Ayr\u0131ld\u0131ktan sonra da bu \u015fiddetin devam etti\u011fini ifade eden Al&ccedil;\u0131 &#8220;En b&uuml;y&uuml;k pi\u015fmanl\u0131\u011f\u0131m onca zaman ya\u015fad\u0131klar\u0131m sanki kendi kusurummu\u015f gibi susmu\u015f olmamd\u0131r&#8221; dedi.<\/p>\n<p>Evlili\u011fi s&uuml;rerken \u015fiddet dolay\u0131s\u0131yla kap\u0131ya polis &ccedil;a\u011f\u0131rd\u0131\u011f\u0131n\u0131 a&ccedil;\u0131klayan Nagehan Al&ccedil;\u0131, bo\u015fand\u0131ktan sonra da \u015fiddet g&ouml;rmeye devam etti\u011fini s&ouml;yledi. Al&ccedil;\u0131 &#8220;Her g&uuml;n hakarete ve iftiraya u\u011framaktan, tehdit edilmekten kurtulamad\u0131m. Ama art\u0131k susmayaca\u011f\u0131m. Gerekli hukuki s&uuml;re&ccedil;leri ba\u015flat\u0131yorum&#8221; ifadelerini kulland\u0131.<\/p>\n<p>Nagehan Al&ccedil;\u0131 ve yorumcu yazar Rasim Ozan K&uuml;tahyal\u0131 2010 y\u0131l\u0131nda evlendi. \u0130kiz &ccedil;ocuklar\u0131 bulunan &ccedil;ift bo\u015fanmak i&ccedil;in aile mahkemesine ba\u015fvurmu\u015ftu.<\/p>\n<h3><strong>40 M\u0130LYON L\u0130RA TAZM\u0130NAT \u0130STEM\u0130\u015eT\u0130<\/strong><\/h3>\n<p>Nagehan Al&ccedil;\u0131 mahkemeden gizlilik ve yay\u0131n yasa\u011f\u0131 talep etmi\u015fti. Dilek&ccedil;ede, &#8220;D&ouml;rt y\u0131ld\u0131r ayr\u0131 evlerde ya\u015fayan taraflar\u0131n evlilikleri fiilen bitmi\u015ftir. M&uuml;vekkilin bir &ouml;m&uuml;r s&uuml;rece\u011fini d&uuml;\u015f&uuml;nerek yapt\u0131\u011f\u0131 evlilik birli\u011fi, Rasim Ozan K&uuml;tahyal\u0131&rsquo;n\u0131n kusurlu davran\u0131\u015flar\u0131 nedeniyle bitmi\u015ftir. Bu nedenle 40 milyon lira tazminat ile ikiz &ccedil;ocuklar\u0131n velayetinin m&uuml;vekkile verilmesini talep ediyoruz. Ayr\u0131ca ikiz &ccedil;ocuklar i&ccedil;in ayl\u0131k 60 bin lira nafakan\u0131n Rasim Ozan K&uuml;tahyal\u0131&rsquo;dan tahsilini talep ediyoruz&#8221; ifadeleri yer ald\u0131.&nbsp;<\/p>\n<p><img decoding=\"async\" src=\"https:\/\/www.tgrthaber.com\/mavikadin\/wp-content\/images\/haberler\/24-06\/14\/haber-iciii-nagihan.jpg\" alt=\"\" title=\"\"><\/p>\n<p><strong>Sosyal medya hesab\u0131ndan \u015fiddetin devam etti\u011fini anlatan Al&ccedil;\u0131 \u015funlar\u0131 s&ouml;yledi:<\/strong><\/p>\n<p>&#8220;Hayat\u0131m\u0131n en b&uuml;y&uuml;k pi\u015fmanl\u0131\u011f\u0131 klavyenin ba\u015f\u0131ndaki en zor dakikalar\u0131m bunlar. Y\u0131llard\u0131r kendime itiraf edemedi\u011fim, i&ccedil;imde biriktirdi\u011fim baz\u0131 ger&ccedil;eklerden bahsetme vakti geldi&hellip; \u0130nsan bazen hayatla tuhaf m&uuml;cadele y&ouml;ntemleri buluyor. &Ccedil;e\u015fit &ccedil;e\u015fit savunma mekanizmalar\u0131 icat ediyor. Ba\u015fkalar\u0131 i&ccedil;in avaz avaz ba\u011f\u0131r\u0131rken kendi i&ccedil;in hep susuyor, i&ccedil;ine at\u0131yor. Ben uzun, &ccedil;ok uzun y\u0131llard\u0131r tahayy&uuml;l edemeyece\u011finiz boyutlarda psikolojik, fiziksel ve ekonomik bir \u015fiddet sarmal\u0131n\u0131n i&ccedil;inde ya\u015fad\u0131m.&#8221;<br \/>Nagehan Al&ccedil;\u0131, evlili\u011fi s&uuml;resince maruz kald\u0131\u011f\u0131 \u015fiddet ve manip&uuml;lasyonu &ccedil;ocuklar\u0131na miras b\u0131rakmamak ve b&ouml;yle bir \u015feyle an\u0131lmas\u0131nlar diyerek &uuml;zerini &ouml;rtt&uuml;\u011f&uuml;n&uuml; anlatt\u0131.&nbsp;<\/p>\n<p>En b&uuml;y&uuml;k pi\u015fmanl\u0131\u011f\u0131n\u0131n ya\u015fad\u0131klar\u0131n\u0131n sanki kendi kusuruymu\u015f gibi susmu\u015f olmak oldu\u011funu s&ouml;yleyen Al&ccedil;\u0131, u\u011frad\u0131\u011f\u0131 \u015fiddetle kendi kendine ba\u015f etmeye &ccedil;al\u0131\u015ft\u0131\u011f\u0131n\u0131 ifade etti.&nbsp;<\/p>\n<p><strong>Nagehan Al&ccedil;\u0131 a&ccedil;\u0131klamas\u0131na \u015fu \u015fekilde devam etti:<\/strong><\/p>\n<p>&#8220;Y\u0131llarca bunlar\u0131-kendi \u015fahit olduklar\u0131 hari&ccedil;- ailemle dahi payla\u015fmad\u0131m.<br \/>Bunun yaln\u0131zca iki istisnas\u0131 var&hellip; Karde\u015fim Lalehan G&uuml;lle ve avukat\u0131m G&ouml;zde Egemen \u0130kisi de her \u015feye \u015fahit&hellip; Y\u0131llarca korkudan bo\u015fanmaya cesaret edemedim. Korunmak i&ccedil;in kap\u0131ya polis &ccedil;a\u011f\u0131rd\u0131\u011f\u0131m\u0131, geldiklerinde haberlere konu oluruz &ccedil;ocuklar k&ouml;t&uuml; etkilenir diye vazge&ccedil;ip geri g&ouml;nderdi\u011fimi bilirim.&#8221;<\/p>\n<h3><strong>&#8220;BO\u015eANMAKLA KURTULAMADIM&#8221;<\/strong><\/h3>\n<p>Haz\u0131rlad\u0131\u011f\u0131 bo\u015fanma dilek&ccedil;elerini i\u015fleme koymad\u0131\u011f\u0131n\u0131 anlatan Al&ccedil;\u0131, &#8220;Nihayet ge&ccedil;en y\u0131l cesaretimi toplay\u0131p s\u0131rf bu \u015fiddet ve i\u015fkenceden kurtulmak i&ccedil;in dava a&ccedil;t\u0131m fakat yine tehdit edilerek bana dayat\u0131lan bo\u015fanma \u015fartlar\u0131n\u0131 kabul ettim. Ancak bo\u015fanmakla da \u015fiddetten kurtulamad\u0131m sevgili hemcinslerim&hellip; Her g&uuml;n hakarete ve iftiraya u\u011framaktan, tehdit edilmekten kurtulamad\u0131m.&#8221; dedi.&nbsp;<\/p>\n<h3><strong>&#8220;HUKUK\u0130 S&Uuml;RE&Ccedil;LER\u0130 BA\u015eLATIYORUM&#8221;<\/strong><\/h3>\n<p>Art\u0131k susmayaca\u011f\u0131n\u0131 ifade eden Al&ccedil;\u0131 gerekli hukuki s&uuml;re&ccedil;leri ba\u015flatt\u0131\u011f\u0131n\u0131 anlatt\u0131.&nbsp;<br \/>Al&ccedil;\u0131, &#8220;Hukuka ve adalete g&uuml;venim tam. \u015eayet benimle empati kuran kad\u0131nlar varsa, onlara diyorum ki sizi &ccedil;ok iyi anl\u0131yorum ama l&uuml;tfen susmay\u0131n!&#8221; \u015feklinde konu\u015ftu.&nbsp;<\/p>\n<h3><strong>\u015e\u0130DDET DEVAM ED\u0130YOR<\/strong><\/h3>\n<p>Sustuk&ccedil;a \u015fiddetin devam etti\u011fini bo\u015fansan\u0131z da devam etti\u011fini s&ouml;yleyen Al&ccedil;\u0131, sizi kendi mal\u0131 gibi g&ouml;ren, a\u015fa\u011f\u0131layarak &ouml;zg&uuml;veninizi ayaklar alt\u0131na alan erkeklere kar\u015f\u0131 sesinizi y&uuml;kseltin dedi.&nbsp;<\/p>\n<p>#vd-1573#<\/p><\/p>\n","protected":false},"excerpt":{"rendered":"<p>Yorumcu ve yazar Rasim Ozan K\u00fctahyal\u0131 ile anla\u015fmal\u0131 olarak tek celsede bo\u015fanan Nagehan Al\u00e7\u0131 uzun zamand\u0131r psikolojik, fiziksel ve ekonomik \u015fiddet g\u00f6rd\u00fc\u011f\u00fcn\u00fc ifade etti. Bo\u015fand\u0131ktan sonra da bu \u015fiddetin devam etti\u011fini a\u00e7\u0131klayan Al\u00e7\u0131 hukuki s\u00fcre\u00e7leri ba\u015flat\u0131yorum \u015feklinde konu\u015ftu.\u00a0 Habert&uuml;rk yazar\u0131 Nagehan Al&ccedil;\u0131 tek celsede bo\u015fand\u0131\u011f\u0131 yorumcu ve yazar Rasim Ozan K&uuml;tahyal\u0131&#8217;dan uzun zamand\u0131r psikolojik, fiziksel [&hellip;]<\/p>\n","protected":false},"author":5,"featured_media":76463,"comment_status":"closed","ping_status":"open","sticky":false,"template":"","format":"standard","meta":{"rank_math_lock_modified_date":false,"footnotes":""},"categories":[76],"tags":[154,52551,13877,7903,4366],"class_list":["post-76464","post","type-post","status-publish","format-standard","has-post-thumbnail","hentry","category-magazin","tag-bosanma","tag-hukuki-surec","tag-nagehan-alci","tag-rasim-ozan-kutahyali","tag-siddet"],"_links":{"self":[{"href":"https:\/\/www.tgrthaber.com\/mavikadin\/wp-json\/wp\/v2\/posts\/76464"}],"collection":[{"href":"https:\/\/www.tgrthaber.com\/mavikadin\/wp-json\/wp\/v2\/posts"}],"about":[{"href":"https:\/\/www.tgrthaber.com\/mavikadin\/wp-json\/wp\/v2\/types\/post"}],"author":[{"embeddable":true,"href":"https:\/\/www.tgrthaber.com\/mavikadin\/wp-json\/wp\/v2\/users\/5"}],"replies":[{"embeddable":true,"href":"https:\/\/www.tgrthaber.com\/mavikadin\/wp-json\/wp\/v2\/comments?post=76464"}],"version-history":[{"count":1,"href":"https:\/\/www.tgrthaber.com\/mavikadin\/wp-json\/wp\/v2\/posts\/76464\/revisions"}],"predecessor-version":[{"id":76465,"href":"https:\/\/www.tgrthaber.com\/mavikadin\/wp-json\/wp\/v2\/posts\/76464\/revisions\/76465"}],"wp:featuredmedia":[{"embeddable":true,"href":"https:\/\/www.tgrthaber.com\/mavikadin\/wp-json\/wp\/v2\/media\/76463"}],"wp:attachment":[{"href":"https:\/\/www.tgrthaber.com\/mavikadin\/wp-json\/wp\/v2\/media?parent=76464"}],"wp:term":[{"taxonomy":"category","embeddable":true,"href":"https:\/\/www.tgrthaber.com\/mavikadin\/wp-json\/wp\/v2\/categories?post=76464"},{"taxonomy":"post_tag","embeddable":true,"href":"https:\/\/www.tgrthaber.com\/mavikadin\/wp-json\/wp\/v2\/tags?post=76464"}],"curies":[{"name":"wp","href":"https:\/\/api.w.org\/{rel}","templated":true}]}}