{"id":76467,"date":"2024-06-14T11:32:00","date_gmt":"2024-06-14T08:32:00","guid":{"rendered":"https:\/\/new.mavikadin.com\/?p=76467"},"modified":"2024-09-17T08:27:17","modified_gmt":"2024-09-17T05:27:17","slug":"genc-kizi-alikoydugu-ileri-surulen-hasan-can-kayadan-ilk-aciklama-itibar-suikasti","status":"publish","type":"post","link":"https:\/\/www.tgrthaber.com\/mavikadin\/genc-kizi-alikoydugu-ileri-surulen-hasan-can-kayadan-ilk-aciklama-itibar-suikasti\/","title":{"rendered":"Gen\u00e7 k\u0131z\u0131 al\u0131koydu\u011fu ileri s\u00fcr\u00fclen Hasan Can Kaya&#8217;dan ilk a\u00e7\u0131klama: \u0130tibar suikast\u0131"},"content":{"rendered":"<p>\u00dcnl\u00fc Komedyan Hasan Can Kaya, 23 ya\u015f\u0131ndaki Nazl\u0131can A&#8217;y\u0131 evinde al\u0131koydu\u011fu iddias\u0131yla ilgili sosyal medya hesab\u0131ndan a\u00e7\u0131klama yapt\u0131. &#8220;Her yere ayn\u0131 anda ayn\u0131 yalanlar servis edilmi\u015f&#8221; iddias\u0131nda bulunan Kaya, itibar suikast\u0131 yap\u0131ld\u0131\u011f\u0131n\u0131 ileri s\u00fcrd\u00fc.<\/p>\n<p>\u0130stanbul&#8217;da bir &uuml;niversitenin mezuniyet partisinde tan\u0131\u015ft\u0131\u011f\u0131 23 ya\u015f\u0131ndaki gen&ccedil; k\u0131z\u0131 evinde al\u0131koydu\u011fu gere&ccedil;kesiyle polise ifade verdi\u011fi ortaya &ccedil;\u0131kan &uuml;nl&uuml; komedyen Hasan Can Kaya, sosyal medya hesab\u0131ndan a&ccedil;\u0131klama yapt\u0131.<\/p>\n<h3><strong>ARKADA\u015eLARINDAN YARDIM \u0130STED\u0130<\/strong><\/h3>\n<p>\u0130ddiaya g&ouml;re Nazl\u0131can A. ad\u0131ndaki gen&ccedil; k\u0131z, mezuniyet partisinden Hasan Can Kaya ile birlikte ayr\u0131ld\u0131. Ge&ccedil;ti\u011fimiz hafata sal\u0131 g&uuml;n&uuml; Kaya&#8217;n\u0131n Be\u015fikta\u015f Levent&#8217;teki evinden arkada\u015flar\u0131na mesaj atan Nazl\u0131can A. &#8220;Evden &ccedil;\u0131kmama izin vermiyor. Beni kurtar\u0131n. Polise ihbar edin&#8221; dedi. Arkada\u015flar\u0131na konum da atan gen&ccedil; k\u0131z, &#8220;Bana madde verdiler, nerede oldu\u011fumu bilmiyorum. Evden &ccedil;\u0131kmama izin vermiyor&#8221; ifadelerini kulland\u0131.&nbsp;<\/p>\n<h3><strong>GEN&Ccedil; KIZI POL\u0130S KURTARDI<\/strong><\/h3>\n<p>Gen&ccedil; k\u0131z\u0131n arkada\u015f\u0131 polise ihbarda bulundu ve gece saatlerinde adrese giden ekipler Nazl\u0131can A&#8217;y\u0131 kurtard\u0131. Nazl\u0131can A. \u015fikayet&ccedil;i olunca Hasan Can Kaya da emniyete g&ouml;t&uuml;r&uuml;lerek ifadesi al\u0131nd\u0131. Ancak Nazl\u0131can A. \u015fikayetinden vazge&ccedil;ti.&nbsp;<\/p>\n<p>Serbest b\u0131rak\u0131lan Hasan Can Kaya, X hesab\u0131ndan payla\u015f\u0131m yaparak kendini savundu. Kaya, itibar suikast\u0131 yap\u0131ld\u0131\u011f\u0131n\u0131 ileri s&uuml;rd&uuml;,&nbsp;<\/p>\n<p>Hasan Can Kaya tutanak tutulmas\u0131 sonras\u0131nda serbest b\u0131rak\u0131l\u0131rken sosyal medya hesab\u0131ndan a&ccedil;\u0131klama yapt\u0131. Kaya iftiraya u\u011frad\u0131\u011f\u0131n\u0131 ve itibar suikast\u0131 yap\u0131ld\u0131\u011f\u0131n\u0131 ileri s&uuml;rd&uuml;. Nazl\u0131can A&#8217;n\u0131n iddialar\u0131na do\u011frudan cevap vermeyen Kaya&#8217;n\u0131n iftira atanlardan hesap soraca\u011f\u0131n\u0131 dile getirmesi ise dikkat &ccedil;ekti. A&ccedil;\u0131klama \u015f&ouml;yle:&nbsp;<\/p>\n<p><img decoding=\"async\" src=\"https:\/\/www.tgrthaber.com\/mavikadin\/wp-content\/images\/haberler\/24-06\/14\/hasannn.jpg\" alt=\"\" title=\"\">&nbsp;<\/p>\n<p>&#8220;Arkada\u015flar itibar suikasti var. Her yere ayn\u0131 anda ayn\u0131 yalanlar servis edilmi\u015f. Sabahtan beri okudu\u011fum mide buland\u0131r\u0131c\u0131 Emniyet, savc\u0131l\u0131k, g&ouml;zalt\u0131, madde verme, al\u0131koyma vb iftiralar\u0131 atanlardan hukuk &ouml;n&uuml;nde hesap soraca\u011f\u0131m&#8230;.&#8221;<\/p>\n<p>#vd-1271#<\/p>\n<\/p>\n<p>&nbsp;<\/p>\n","protected":false},"excerpt":{"rendered":"<p>\u00dcnl\u00fc Komedyan Hasan Can Kaya, 23 ya\u015f\u0131ndaki Nazl\u0131can A&#8217;y\u0131 evinde al\u0131koydu\u011fu iddias\u0131yla ilgili sosyal medya hesab\u0131ndan a\u00e7\u0131klama yapt\u0131. &#8220;Her yere ayn\u0131 anda ayn\u0131 yalanlar servis edilmi\u015f&#8221; iddias\u0131nda bulunan Kaya, itibar suikast\u0131 yap\u0131ld\u0131\u011f\u0131n\u0131 ileri s\u00fcrd\u00fc. \u0130stanbul&#8217;da bir &uuml;niversitenin mezuniyet partisinde tan\u0131\u015ft\u0131\u011f\u0131 23 ya\u015f\u0131ndaki gen&ccedil; k\u0131z\u0131 evinde al\u0131koydu\u011fu gere&ccedil;kesiyle polise ifade verdi\u011fi ortaya &ccedil;\u0131kan &uuml;nl&uuml; komedyen Hasan [&hellip;]<\/p>\n","protected":false},"author":5,"featured_media":76466,"comment_status":"closed","ping_status":"open","sticky":false,"template":"","format":"standard","meta":{"rank_math_lock_modified_date":false,"footnotes":""},"categories":[76],"tags":[52550,926,7716,52080,5323,52552],"class_list":["post-76467","post","type-post","status-publish","format-standard","has-post-thumbnail","hentry","category-magazin","tag-alikoyma-iddiasi","tag-hasan","tag-hasan-can-kaya","tag-itibar-suikasti","tag-komedyen","tag-nazlican-a"],"_links":{"self":[{"href":"https:\/\/www.tgrthaber.com\/mavikadin\/wp-json\/wp\/v2\/posts\/76467"}],"collection":[{"href":"https:\/\/www.tgrthaber.com\/mavikadin\/wp-json\/wp\/v2\/posts"}],"about":[{"href":"https:\/\/www.tgrthaber.com\/mavikadin\/wp-json\/wp\/v2\/types\/post"}],"author":[{"embeddable":true,"href":"https:\/\/www.tgrthaber.com\/mavikadin\/wp-json\/wp\/v2\/users\/5"}],"replies":[{"embeddable":true,"href":"https:\/\/www.tgrthaber.com\/mavikadin\/wp-json\/wp\/v2\/comments?post=76467"}],"version-history":[{"count":1,"href":"https:\/\/www.tgrthaber.com\/mavikadin\/wp-json\/wp\/v2\/posts\/76467\/revisions"}],"predecessor-version":[{"id":76468,"href":"https:\/\/www.tgrthaber.com\/mavikadin\/wp-json\/wp\/v2\/posts\/76467\/revisions\/76468"}],"wp:featuredmedia":[{"embeddable":true,"href":"https:\/\/www.tgrthaber.com\/mavikadin\/wp-json\/wp\/v2\/media\/76466"}],"wp:attachment":[{"href":"https:\/\/www.tgrthaber.com\/mavikadin\/wp-json\/wp\/v2\/media?parent=76467"}],"wp:term":[{"taxonomy":"category","embeddable":true,"href":"https:\/\/www.tgrthaber.com\/mavikadin\/wp-json\/wp\/v2\/categories?post=76467"},{"taxonomy":"post_tag","embeddable":true,"href":"https:\/\/www.tgrthaber.com\/mavikadin\/wp-json\/wp\/v2\/tags?post=76467"}],"curies":[{"name":"wp","href":"https:\/\/api.w.org\/{rel}","templated":true}]}}