{"id":76476,"date":"2024-06-14T14:22:06","date_gmt":"2024-06-14T11:22:06","guid":{"rendered":"https:\/\/new.mavikadin.com\/?p=76476"},"modified":"2024-09-17T08:27:44","modified_gmt":"2024-09-17T05:27:44","slug":"oguzhan-ugurun-barajlar-catladi-paylasimi-icin-istenen-ceza-belli-oldu","status":"publish","type":"post","link":"https:\/\/www.tgrthaber.com\/mavikadin\/oguzhan-ugurun-barajlar-catladi-paylasimi-icin-istenen-ceza-belli-oldu\/","title":{"rendered":"O\u011fuzhan U\u011fur&#8217;un &#8220;Barajlar \u00e7atlad\u0131&#8221; payla\u015f\u0131m\u0131 i\u00e7in istenen ceza belli oldu!"},"content":{"rendered":"<p>O\u011fuzhan U\u011fur 6 \u015eubat depremlerinden sonra barajlar\u0131n \u00e7atlad\u0131\u011f\u0131na y\u00f6nelik payla\u015f\u0131m yapm\u0131\u015ft\u0131. \u0130stanbul Cumhuriyet Ba\u015fsavc\u0131l\u0131\u011f\u0131&#8217;n\u0131n y\u00fcr\u00fctt\u00fc\u011f\u00fc soru\u015fturma tamamlan\u0131rken, U\u011fur&#8217;un 4 y\u0131l 6 aya kadar hapsi istendi.<\/p>\n<p>6 \u015eubat depremlerinden sonra O\u011fuzhan U\u011fur&#8217;un &#8220;Barajlar &ccedil;atlad\u0131&#8221; payla\u015f\u0131m\u0131 g&uuml;nlerce konu\u015fuldu. \u0130stanbul Cumhuriyet Ba\u015fsavc\u0131l\u0131\u011f\u0131 y&uuml;r&uuml;tt&uuml;\u011f&uuml; soru\u015fturmay\u0131 tamamlad\u0131. Buna g&ouml;re U\u011fur&#8217;un 4 y\u0131l 6 aya kadar hapsi istendi.<\/p>\n<p>Haz\u0131rlanan iddianamede, U\u011fur&#8217;un &#8216;bas\u0131n ve yay\u0131n yoluyla halk\u0131 yan\u0131lt\u0131c\u0131 bilgiyi alenen yayma&#8217; su&ccedil;undan 4 y\u0131l 6 aya kadar hapis cezas\u0131na &ccedil;arpt\u0131r\u0131lmas\u0131 talep edildi.<\/p>\n<p>Depremin ertesi g&uuml;n&uuml; O\u011fuzhan U\u011fur&#8217;un sahibi oldu\u011fu sosyal medya hesab\u0131ndan &nbsp;Kahramanmara\u015f ve Antakya&#8217;da barajlar\u0131n &ccedil;atlad\u0131\u011f\u0131 y&ouml;n&uuml;nde payla\u015f\u0131m yap\u0131lm\u0131\u015ft\u0131.&nbsp;<\/p>\n<p>Yap\u0131lan payla\u015f\u0131m sonras\u0131nda Cumhuriyet Ba\u015fsavc\u0131l\u0131\u011f\u0131 konuyla ilgili y&uuml;r&uuml;tt&uuml;\u011f&uuml; soru\u015fturmay\u0131 tamamland\u0131.<\/p>\n<p><img decoding=\"async\" src=\"https:\/\/www.tgrthaber.com\/mavikadin\/wp-content\/images\/haberler\/24-06\/14\/haber-iciii-oguz-2.jpg\" alt=\"\" title=\"\"><\/p>\n<h3><strong>U\u011eUR&#8217;UN \u0130FADES\u0130<\/strong><\/h3>\n<p>\u0130ddianamede; O\u011fuzhan U\u011fur&#8217;un, &#8216;bas\u0131n ve yay\u0131n yoluyla halk\u0131 yan\u0131lt\u0131c\u0131 bilgiyi alenen yayma&rsquo; su&ccedil;undan 4 bu&ccedil;uk y\u0131la kadar hapsi istendi.<br \/>U\u011fur verdi\u011fi ifadede infial yaratma amac\u0131nda olmad\u0131klar\u0131n\u0131 belirterek, &#8220;B&ouml;lge i&ccedil;in milyonlarca lira para toplanmas\u0131na destek olduk. Tek amac\u0131m\u0131z depremzedelere yard\u0131m etmekti&#8221; dedi.<\/p>\n<p>O\u011fuzhan U\u011fur i&ccedil;in yarg\u0131lama &ouml;n&uuml;m&uuml;zdeki g&uuml;nlerde \u0130stanbul Asliye Ceza Mahkemesi&rsquo;nde ba\u015flayacak.&nbsp;<\/p>\n<p><img decoding=\"async\" src=\"https:\/\/www.tgrthaber.com\/mavikadin\/wp-content\/images\/haberler\/24-06\/14\/haber-iciii-oguz.jpg\" alt=\"\" title=\"\"><\/p>\n<p>#vd-1593#<\/p><\/p>\n","protected":false},"excerpt":{"rendered":"<p>O\u011fuzhan U\u011fur 6 \u015eubat depremlerinden sonra barajlar\u0131n \u00e7atlad\u0131\u011f\u0131na y\u00f6nelik payla\u015f\u0131m yapm\u0131\u015ft\u0131. \u0130stanbul Cumhuriyet Ba\u015fsavc\u0131l\u0131\u011f\u0131&#8217;n\u0131n y\u00fcr\u00fctt\u00fc\u011f\u00fc soru\u015fturma tamamlan\u0131rken, U\u011fur&#8217;un 4 y\u0131l 6 aya kadar hapsi istendi. 6 \u015eubat depremlerinden sonra O\u011fuzhan U\u011fur&#8217;un &#8220;Barajlar &ccedil;atlad\u0131&#8221; payla\u015f\u0131m\u0131 g&uuml;nlerce konu\u015fuldu. \u0130stanbul Cumhuriyet Ba\u015fsavc\u0131l\u0131\u011f\u0131 y&uuml;r&uuml;tt&uuml;\u011f&uuml; soru\u015fturmay\u0131 tamamlad\u0131. Buna g&ouml;re U\u011fur&#8217;un 4 y\u0131l 6 aya kadar hapsi istendi. Haz\u0131rlanan iddianamede, U\u011fur&#8217;un [&hellip;]<\/p>\n","protected":false},"author":5,"featured_media":76475,"comment_status":"closed","ping_status":"open","sticky":false,"template":"","format":"standard","meta":{"rank_math_lock_modified_date":false,"footnotes":""},"categories":[76],"tags":[52555,927,38552,7186,52556],"class_list":["post-76476","post","type-post","status-publish","format-standard","has-post-thumbnail","hentry","category-magazin","tag-barajlar-catladi","tag-deprem","tag-hapis-cezasi","tag-oguzhan-ugur","tag-yaniltici-bilgi"],"_links":{"self":[{"href":"https:\/\/www.tgrthaber.com\/mavikadin\/wp-json\/wp\/v2\/posts\/76476"}],"collection":[{"href":"https:\/\/www.tgrthaber.com\/mavikadin\/wp-json\/wp\/v2\/posts"}],"about":[{"href":"https:\/\/www.tgrthaber.com\/mavikadin\/wp-json\/wp\/v2\/types\/post"}],"author":[{"embeddable":true,"href":"https:\/\/www.tgrthaber.com\/mavikadin\/wp-json\/wp\/v2\/users\/5"}],"replies":[{"embeddable":true,"href":"https:\/\/www.tgrthaber.com\/mavikadin\/wp-json\/wp\/v2\/comments?post=76476"}],"version-history":[{"count":1,"href":"https:\/\/www.tgrthaber.com\/mavikadin\/wp-json\/wp\/v2\/posts\/76476\/revisions"}],"predecessor-version":[{"id":76477,"href":"https:\/\/www.tgrthaber.com\/mavikadin\/wp-json\/wp\/v2\/posts\/76476\/revisions\/76477"}],"wp:featuredmedia":[{"embeddable":true,"href":"https:\/\/www.tgrthaber.com\/mavikadin\/wp-json\/wp\/v2\/media\/76475"}],"wp:attachment":[{"href":"https:\/\/www.tgrthaber.com\/mavikadin\/wp-json\/wp\/v2\/media?parent=76476"}],"wp:term":[{"taxonomy":"category","embeddable":true,"href":"https:\/\/www.tgrthaber.com\/mavikadin\/wp-json\/wp\/v2\/categories?post=76476"},{"taxonomy":"post_tag","embeddable":true,"href":"https:\/\/www.tgrthaber.com\/mavikadin\/wp-json\/wp\/v2\/tags?post=76476"}],"curies":[{"name":"wp","href":"https:\/\/api.w.org\/{rel}","templated":true}]}}