{"id":76479,"date":"2024-06-14T15:02:10","date_gmt":"2024-06-14T12:02:10","guid":{"rendered":"https:\/\/new.mavikadin.com\/?p=76479"},"modified":"2024-09-17T08:27:53","modified_gmt":"2024-09-17T05:27:53","slug":"deniz-akkayayi-soke-eden-karar-kizinin-velayeti-babaya-verildi","status":"publish","type":"post","link":"https:\/\/www.tgrthaber.com\/mavikadin\/deniz-akkayayi-soke-eden-karar-kizinin-velayeti-babaya-verildi\/","title":{"rendered":"Deniz Akkaya&#8217;y\u0131 \u015foke eden karar! K\u0131z\u0131n\u0131n velayeti babaya verildi"},"content":{"rendered":"<p>Deniz Akkaya&#8217;n\u0131n k\u0131z\u0131 Ay\u015fe&#8217;nin velayeti babas\u0131 Cengiz Efe \u00d6nbilgin&#8217;e verildi. Mahkeme karar\u0131nda Ay\u015fe&#8217;nin \u00c7ocuk Esirgeme Kurumu&#8217;nda kalmas\u0131n\u0131n ma\u011fduriyet olu\u015fturaca\u011f\u0131n\u0131 kaydetti.\u00a0<\/p>\n<p>Mahkeme Deniz Akkaya&#8217;n\u0131n k\u0131z\u0131n\u0131n velayetini babas\u0131na verdi. Akkaya ve &Ouml;zbilgin aras\u0131ndaki davada g&ouml;r&uuml;len duru\u015fman\u0131n ara karar\u0131nda mahkeme Ay\u015fe&#8217;nin Sosyal Hizmetler Kurumu&#8217;nda kalmas\u0131n\u0131 sak\u0131ncal\u0131 g&ouml;rd&uuml;.&nbsp;<\/p>\n<p>Odatv internet sitesinin haberine g&ouml;re, Baba &Ouml;nbilgin&#8217;in dilek&ccedil;esindeki talebi do\u011frultusunda &Ccedil;ocuk Esirgeme Kurumu&#8217;nda kalan k&uuml;&ccedil;&uuml;k k\u0131z\u0131n babas\u0131nda kalmas\u0131na karar verildi.&nbsp;<\/p>\n<p>Mahkeme taraf\u0131ndan &ccedil;\u0131kan kararda Ay\u015fe&#8217;nin &Ccedil;ocuk Esirgeme Kurumu&#8217;nda kalmas\u0131n\u0131n kendisi i&ccedil;in ma\u011fduriyet olu\u015fturaca\u011f\u0131n\u0131 kaydetti. Buna g&ouml;re Ay\u015fe&#8217;nin velayetini babas\u0131na ge&ccedil;ti.<\/p>\n<h3><strong>TWITTER&#8217;DAN PAYLA\u015eTI<\/strong><\/h3>\n<p>Deniz Akkaya daha &ouml;nce Twitter hesab\u0131ndan yapt\u0131\u011f\u0131 payla\u015f\u0131mda &#8220;16 senedir tek ba\u015f\u0131ma bakt\u0131\u011f\u0131m k\u0131z\u0131m\u0131n \u0131srarla saklad\u0131\u011f\u0131 telefonunu ele ge&ccedil;irdim. Benden habersiz yurt d\u0131\u015f\u0131 planlar\u0131 ve fazlas\u0131n\u0131 bulunca telefonuna el koydum. Fiziken sald\u0131rmas\u0131 yetmedi\u011fi gibi beni 1.5 saat balkona kilitledi. &Uuml;&ccedil; kez 112&#8217;yi aramam neticesinde kurtar\u0131ld\u0131m. Polislere de kar\u015f\u0131 &ccedil;\u0131k\u0131p &#8216;Beni d&ouml;vd&uuml;&#8217; diye itibar suikasti yapan bu ruh halinin, ergenli\u011fin arkas\u0131na saklanmas\u0131na izin vermeyece\u011fim&#8221; \u015feklinde a&ccedil;\u0131klama yapm\u0131\u015ft\u0131.<\/p>\n<p><img decoding=\"async\" src=\"https:\/\/www.tgrthaber.com\/mavikadin\/wp-content\/images\/haberler\/24-06\/14\/haber-iciii-deniz-kizi.jpg\" alt=\"\" title=\"\"><\/p>\n<h3><strong>&#8220;&Ccedil;OCUK ES\u0130RGEME&#8217;YE G&Ouml;NDERD\u0130M&#8221;<\/strong><\/h3>\n<p>Akkaya, sosyal medya hesab\u0131ndan pe\u015f pe\u015fe videolar yay\u0131nlayarak k\u0131z\u0131yla ilgili \u015fikayetlerini s&uuml;rd&uuml;rm&uuml;\u015ft&uuml;. Akkaya, &#8220;Burnu s&uuml;rts&uuml;n diye kendi r\u0131zamla &Ccedil;ocuk Esirgeme&#8217;ye g&ouml;nderdim&#8221; dedi ve k\u0131z\u0131 Ay\u015fe&#8217;nin devlet yurduna g&ouml;nderildi\u011fini s&ouml;ylemi\u015fti.<\/p>\n<p style=\"text-align: center;\"><img decoding=\"async\" src=\"https:\/\/www.tgrthaber.com\/mavikadin\/wp-content\/images\/haberler\/24-06\/14\/dava.jpg\" alt=\"\" title=\"\"><\/p>\n<h3><strong>BAKANLIK \u0130\u015eLEM YAPTI<\/strong><\/h3>\n<p>Aile ve Sosyal Hizmetler Bakanl\u0131\u011f\u0131 Akkaya&#8217;n\u0131n evine giderek Ay\u015fe&#8217;yle ilgili i\u015flem yapt\u0131. 16 ya\u015f\u0131ndaki Ay\u015fe buna g&ouml;re devlet yurduna yerle\u015ftirilmi\u015fti. Akkaya, &#8220;Gecenin 1 saat 45 dakika sava\u015f verdim. Salak salak yorumlar yazmay\u0131n. Devlet el koymad\u0131. Dedesine de verilebilirdi ama ben k\u0131z\u0131m\u0131 burnu s&uuml;rts&uuml;n diye kendi r\u0131zamla &Ccedil;ocuk Esirgeme&#8217;ye g&ouml;nderdim&#8221; a&ccedil;\u0131klamas\u0131nda bulunmu\u015ftu.<\/p>\n<p>#vd-1467#<\/p><\/p>\n","protected":false},"excerpt":{"rendered":"<p>Deniz Akkaya&#8217;n\u0131n k\u0131z\u0131 Ay\u015fe&#8217;nin velayeti babas\u0131 Cengiz Efe \u00d6nbilgin&#8217;e verildi. Mahkeme karar\u0131nda Ay\u015fe&#8217;nin \u00c7ocuk Esirgeme Kurumu&#8217;nda kalmas\u0131n\u0131n ma\u011fduriyet olu\u015fturaca\u011f\u0131n\u0131 kaydetti.\u00a0 Mahkeme Deniz Akkaya&#8217;n\u0131n k\u0131z\u0131n\u0131n velayetini babas\u0131na verdi. Akkaya ve &Ouml;zbilgin aras\u0131ndaki davada g&ouml;r&uuml;len duru\u015fman\u0131n ara karar\u0131nda mahkeme Ay\u015fe&#8217;nin Sosyal Hizmetler Kurumu&#8217;nda kalmas\u0131n\u0131 sak\u0131ncal\u0131 g&ouml;rd&uuml;.&nbsp; Odatv internet sitesinin haberine g&ouml;re, Baba &Ouml;nbilgin&#8217;in dilek&ccedil;esindeki talebi do\u011frultusunda &Ccedil;ocuk [&hellip;]<\/p>\n","protected":false},"author":5,"featured_media":76478,"comment_status":"closed","ping_status":"open","sticky":false,"template":"","format":"standard","meta":{"rank_math_lock_modified_date":false,"footnotes":""},"categories":[76],"tags":[52558,52557,52219,2197,4456],"class_list":["post-76479","post","type-post","status-publish","format-standard","has-post-thumbnail","hentry","category-magazin","tag-ayse","tag-cengiz-onbilgin","tag-cocuk-esirgeme","tag-deniz-akkaya","tag-velayet-davasi"],"_links":{"self":[{"href":"https:\/\/www.tgrthaber.com\/mavikadin\/wp-json\/wp\/v2\/posts\/76479"}],"collection":[{"href":"https:\/\/www.tgrthaber.com\/mavikadin\/wp-json\/wp\/v2\/posts"}],"about":[{"href":"https:\/\/www.tgrthaber.com\/mavikadin\/wp-json\/wp\/v2\/types\/post"}],"author":[{"embeddable":true,"href":"https:\/\/www.tgrthaber.com\/mavikadin\/wp-json\/wp\/v2\/users\/5"}],"replies":[{"embeddable":true,"href":"https:\/\/www.tgrthaber.com\/mavikadin\/wp-json\/wp\/v2\/comments?post=76479"}],"version-history":[{"count":1,"href":"https:\/\/www.tgrthaber.com\/mavikadin\/wp-json\/wp\/v2\/posts\/76479\/revisions"}],"predecessor-version":[{"id":76480,"href":"https:\/\/www.tgrthaber.com\/mavikadin\/wp-json\/wp\/v2\/posts\/76479\/revisions\/76480"}],"wp:featuredmedia":[{"embeddable":true,"href":"https:\/\/www.tgrthaber.com\/mavikadin\/wp-json\/wp\/v2\/media\/76478"}],"wp:attachment":[{"href":"https:\/\/www.tgrthaber.com\/mavikadin\/wp-json\/wp\/v2\/media?parent=76479"}],"wp:term":[{"taxonomy":"category","embeddable":true,"href":"https:\/\/www.tgrthaber.com\/mavikadin\/wp-json\/wp\/v2\/categories?post=76479"},{"taxonomy":"post_tag","embeddable":true,"href":"https:\/\/www.tgrthaber.com\/mavikadin\/wp-json\/wp\/v2\/tags?post=76479"}],"curies":[{"name":"wp","href":"https:\/\/api.w.org\/{rel}","templated":true}]}}