{"id":78387,"date":"2024-07-14T01:56:00","date_gmt":"2024-07-13T22:56:00","guid":{"rendered":"https:\/\/new.mavikadin.com\/?p=78387"},"modified":"2024-09-17T09:59:56","modified_gmt":"2024-09-17T06:59:56","slug":"abdli-estetisyenlerin-gozdesi-parlak-bir-cilde-kavusmanin-formulu-cay-agaci-yagi-faydalari-ile-sasirtiyor","status":"publish","type":"post","link":"https:\/\/www.tgrthaber.com\/mavikadin\/abdli-estetisyenlerin-gozdesi-parlak-bir-cilde-kavusmanin-formulu-cay-agaci-yagi-faydalari-ile-sasirtiyor\/","title":{"rendered":"ABD&#8217;li estetisyenlerin g\u00f6zdesi, parlak bir cilde kavu\u015fman\u0131n form\u00fcl\u00fc: \u00c7ay a\u011fac\u0131 ya\u011f\u0131 faydalar\u0131 ile \u015fa\u015f\u0131rt\u0131yor"},"content":{"rendered":"<p>Bir\u00e7ok cilt bak\u0131m \u00fcr\u00fcn\u00fcnde kullan\u0131lan \u00e7ay a\u011fac\u0131 ya\u011f\u0131 faydalar\u0131 ile \u015fa\u015f\u0131rt\u0131yor. Dermotog ve estetisyenlerin de g\u00f6zdesi olan \u00e7ay a\u011fac\u0131 parlak ve sa\u011fl\u0131kl\u0131 bir cilde kavu\u015fman\u0131n form\u00fcl\u00fc olabilecek kadar geni\u015f bir yalpezede etkili.<\/p>\n<p>Cilt bak\u0131m rutininin vazge&ccedil;ilmezleri do\u011fal ya\u011flar aras\u0131nda &ouml;nemli bir yere sahip olan &ccedil;ay a\u011fac\u0131 ya\u011f\u0131, sa\u011fl\u0131kl\u0131 ve parlak bir cilde kavu\u015fman\u0131n s\u0131rr\u0131 olabilir! Cilt bak\u0131m uzmanlar\u0131 taraf\u0131ndan s\u0131k s\u0131k &ouml;nerilen &ccedil;ay a\u011fac\u0131 ya\u011f\u0131, akne problemlerinden leke tedavisine kadar geni\u015f bir yelpazede etkili.<\/p>\n<h3><strong>&Ccedil;AY A\u011eACI YA\u011eININ &Ouml;ZELL\u0130KLER\u0130<\/strong><\/h3>\n<p>&Ccedil;ay a\u011fac\u0131 ya\u011f\u0131, Latince ad\u0131yla melaleuca alternifolia olarak bilinen &ccedil;ay a\u011fac\u0131n\u0131n yapraklar\u0131n\u0131n dam\u0131t\u0131lmas\u0131yla elde edilir. Esansiyel ya\u011f\u0131n, anti-bakteriyel, anti-fungal ve anti-inflamatuar &ouml;zellikleri bulunur.<\/p>\n<p><strong>ABD&#8217;deki cilt bak\u0131m &uuml;r&uuml;nleri Dr. Thrower&#8217;s Skincare&#8217;in sahibi Angelo P. Thrower<\/strong>, bu faydalar\u0131n onu cilt ve sa&ccedil; &uuml;r&uuml;nlerinde etkili bir bile\u015fen haline getirdi\u011fini s&ouml;yl&uuml;yor. &#8220;Bir&ccedil;ok cilt bak\u0131m \u015firketi, bu &ccedil;ok i\u015flevli, do\u011fal olarak olu\u015fan ya\u011f\u0131n iyile\u015ftirici &ouml;zelliklerinden yararland\u0131&#8221; diye ekliyor.<\/p>\n<p><img decoding=\"async\" src=\"https:\/\/www.tgrthaber.com\/mavikadin\/wp-content\/images\/haberler\/24-07\/13\/yeni-proje-3.jpg\" alt=\"\" title=\"\"><\/p>\n<h3><strong>&Ccedil;AY A\u011eACI NASIL KULLANILIR<\/strong><\/h3>\n<p>Dr. Thrower, &ccedil;ay a\u011fac\u0131 ya\u011f\u0131n\u0131n tek ba\u015f\u0131na cilde kuruluk, kabarc\u0131klar ve d&ouml;k&uuml;nt&uuml;ler gibi sorunlara yol a&ccedil;abilece\u011fini belirtiyor. Kendi kar\u0131\u015f\u0131m\u0131n\u0131z\u0131 olu\u015fturmak isterseniz, her 12 damla ta\u015f\u0131y\u0131c\u0131 ya\u011f i&ccedil;in 1 ila 2 damla &ccedil;ay a\u011fac\u0131 ya\u011f\u0131 oran\u0131n\u0131 kullanman\u0131z\u0131 &ouml;neriyor. Bu kar\u0131\u015f\u0131m hafif, nemlendirici ve cilt i&ccedil;in g&uuml;venli olmal\u0131d\u0131r. Ayr\u0131ca seyreltilmi\u015f ya\u011f\u0131n bir ila iki damlas\u0131n\u0131 i&ccedil; &ouml;n kolunuza uygulay\u0131n ve 24 saatlik bir s&uuml;re i&ccedil;inde tahri\u015f olmazsa, istedi\u011finiz ama&ccedil;lar i&ccedil;in kullanabilirsiniz.<\/p>\n<p>ABD&#8217;li <strong>estetisyen Tami Blake&#8217;e <\/strong>g&ouml;re m&uuml;kemmel bir ta\u015f\u0131y\u0131c\u0131 ya\u011f olarak kabul edilen Jojoba ya\u011f\u0131, cilt tahri\u015fini engellemek i&ccedil;in &ccedil;ay a\u011fac\u0131 ya\u011f\u0131 ile bir arada kullan\u0131labilir.<\/p>\n<p><img decoding=\"async\" src=\"https:\/\/www.tgrthaber.com\/mavikadin\/wp-content\/images\/haberler\/24-07\/13\/yeni-proje-4.jpg\" alt=\"\" title=\"\"><\/p>\n<h3><strong>C\u0130LT BAKIMINDA &Ccedil;AY A\u011eACI YA\u011eI<\/strong><\/h3>\n<p>&Ccedil;ay a\u011fac\u0131 ya\u011f\u0131, iyile\u015ftirici ve besleyici &ouml;zelliklere sahip oldu\u011fu i&ccedil;in en etkili akne ilac\u0131 olarak da kullan\u0131lmaktad\u0131r. Anti-stafilokok &ouml;zellikleri i&ccedil;eren &ccedil;ay a\u011fac\u0131 ya\u011f\u0131, bakteriyel kolonizasyonu azaltarak yara izlerini, &ccedil;izikleri ve kesikleri onarmaya yard\u0131mc\u0131 olabilir. Ayr\u0131ca ciltteki ya\u011f &uuml;retimini azaltma konusunda da etkilidir.<\/p>\n<p><strong>ABD&#8217;deki estetik merkezi Dermatology Associates of Plymouth Meeting&#8217;deki lazer ve estetik cerrahi b&ouml;l&uuml;m&uuml;nden Dermatolog Dr. Nazanin Saedi<\/strong>, &ouml;zellikle salisilik asit jellerinin genellikle bu akneyle sava\u015fan bitkiyle yap\u0131ld\u0131\u011f\u0131n\u0131 s&ouml;yl&uuml;yor. Bu jeller, akne ve g&ouml;zenek t\u0131kan\u0131kl\u0131\u011f\u0131 i&ccedil;in etkilidir. &Ccedil;ay a\u011fac\u0131 ya\u011f\u0131 i&ccedil;eren &uuml;r&uuml;nler, akneye neden olan iltihab\u0131 hafifletmeye de yard\u0131mc\u0131 olabilir.<\/p>\n<p><img decoding=\"async\" src=\"https:\/\/www.tgrthaber.com\/mavikadin\/wp-content\/images\/haberler\/24-07\/13\/yeni-proje-5.jpg\" alt=\"\" title=\"\"><\/p>\n<h3><strong>SA&Ccedil; BAKIMINDA &Ccedil;AY A\u011eACI YA\u011eI<\/strong><\/h3>\n<p>Estetisyen Tami Blake<strong>,<\/strong> &ccedil;ay a\u011fac\u0131 ya\u011f\u0131n\u0131n sa&ccedil; derisini temizleyerek fazla ya\u011f\u0131, &ouml;l&uuml; deriyi ve birikintiyi uzakla\u015ft\u0131rabilece\u011fini ifade ediyor. Ayn\u0131 zamanda sa&ccedil; derisinin g&ouml;zeneklerini a&ccedil;ma &ouml;zelli\u011fine sahip oldu\u011funu da belirtiyor. Bu durum, kepe\u011fi tetikleyen maya birikimini engellemeye yard\u0131mc\u0131 olabilir.<\/p>\n<p>Dr. Thrower, <strong>\u015fampuan\u0131n\u0131za birka&ccedil; damla &ccedil;ay a\u011fac\u0131 ya\u011f\u0131 ekle<\/strong>yerek sa&ccedil; derinize bak\u0131m yapabilirsiniz. B&ouml;ylece normal sa&ccedil; derisi floras\u0131n\u0131 korumaya, kimyasal birikimi ve &ouml;l&uuml; deri h&uuml;crelerinin birikmesini &ouml;nlemeye yard\u0131mc\u0131 olur.<\/p>\n<p><img decoding=\"async\" src=\"https:\/\/www.tgrthaber.com\/mavikadin\/wp-content\/images\/haberler\/24-07\/13\/yeni-proje-6.jpg\" alt=\"\" title=\"\"><\/p>\n<h3><strong>SONU&Ccedil;LARI G&Ouml;RMEK NE KADAR S&Uuml;RER?<\/strong><\/h3>\n<p>Dr. Saedi, &ccedil;ay a\u011fac\u0131 ya\u011f\u0131 cilt ve sa&ccedil; &uuml;r&uuml;nlerinin g&uuml;nl&uuml;k olarak kullan\u0131labilece\u011fini s&ouml;yl&uuml;yor. D&uuml;zenli bir \u015fekilde bu do\u011fal i&ccedil;eri\u011fi uygulamaya ba\u015flad\u0131\u011f\u0131n\u0131zda <strong>faydalar\u0131n\u0131 d&ouml;rt hafta sonra<\/strong> g&ouml;rmeye ba\u015flayabilirsiniz.<\/p>\n<p>&Ccedil;ay a\u011fac\u0131n\u0131n etkileri cilt tipinize ve ya\u015fam tarz\u0131n\u0131za g&ouml;re de\u011fi\u015fiklik g&ouml;sterebilir. Uygulama sonras\u0131nda cildinizde veya sa&ccedil;\u0131n\u0131zda sorunlar devam ederse veya iyile\u015fme g&ouml;r&uuml;lmezse tedavi se&ccedil;enekleri konusunda doktorunuza veya dermatolo\u011funuza dan\u0131\u015fman\u0131z&nbsp;gerekebilir.<\/p>\n<p><img decoding=\"async\" src=\"https:\/\/www.tgrthaber.com\/mavikadin\/wp-content\/images\/haberler\/24-07\/13\/yeni-proje-7.jpg\" alt=\"\" title=\"\"><\/p>\n<h3><strong>&Ccedil;AY A\u011eACI YA\u011eINI K\u0130MLER KULLANMAMALI<\/strong><\/h3>\n<p>&Ccedil;ay a\u011fac\u0131 ya\u011f\u0131 genellikle cilt bak\u0131m\u0131nda kullan\u0131lan do\u011fal bir &uuml;r&uuml;nd&uuml;r. &Uuml;r&uuml;n&uuml; kullan\u0131rken baz\u0131 durumlarda dikkatli olunmas\u0131 gerekebilir. &Ccedil;ay a\u011fac\u0131 ya\u011f\u0131n\u0131 a\u015fa\u011f\u0131daki durumlarda kullanmamak &ouml;nemlidir:<\/p>\n<ul>\n<li><strong>Hassas cilde sahip olan ki\u015filerde<\/strong> &ccedil;ay a\u011fac\u0131 ya\u011f\u0131 cilt tahri\u015fine veya alerjik reaksiyonlara sebep olabilir.<\/li>\n<li><strong>Hamilelik ve emzirme d&ouml;nemlerinde<\/strong> &ccedil;ay a\u011fac\u0131 ya\u011f\u0131 kullan\u0131m\u0131ndan ka&ccedil;\u0131n\u0131lmal\u0131d\u0131r &ccedil;&uuml;nk&uuml; bu d&ouml;nemlerde cildin daha hassas olabilece\u011fi d&uuml;\u015f&uuml;n&uuml;lmektedir.<\/li>\n<li><strong>&Ccedil;ocuklar\u0131n ciltleri<\/strong> daha hassas oldu\u011fundan, &ccedil;ay a\u011fac\u0131 ya\u011f\u0131 gibi yo\u011fun ya\u011flar do\u011frudan kullan\u0131lmamal\u0131 ve &ouml;ncelikle doktora dan\u0131\u015f\u0131lmal\u0131d\u0131r.<\/li>\n<li>Daha &ouml;nce <strong>bitkisel ya\u011flara kar\u015f\u0131 alerjisi olan ki\u015filer<\/strong>in &ccedil;ay a\u011fac\u0131 ya\u011f\u0131n\u0131 kullanmadan &ouml;nce bir uzmana dan\u0131\u015fmalar\u0131 gerekir.<\/li>\n<\/ul>\n","protected":false},"excerpt":{"rendered":"<p>Bir\u00e7ok cilt bak\u0131m \u00fcr\u00fcn\u00fcnde kullan\u0131lan \u00e7ay a\u011fac\u0131 ya\u011f\u0131 faydalar\u0131 ile \u015fa\u015f\u0131rt\u0131yor. Dermotog ve estetisyenlerin de g\u00f6zdesi olan \u00e7ay a\u011fac\u0131 parlak ve sa\u011fl\u0131kl\u0131 bir cilde kavu\u015fman\u0131n form\u00fcl\u00fc olabilecek kadar geni\u015f bir yalpezede etkili. Cilt bak\u0131m rutininin vazge&ccedil;ilmezleri do\u011fal ya\u011flar aras\u0131nda &ouml;nemli bir yere sahip olan &ccedil;ay a\u011fac\u0131 ya\u011f\u0131, sa\u011fl\u0131kl\u0131 ve parlak bir cilde kavu\u015fman\u0131n s\u0131rr\u0131 olabilir! [&hellip;]<\/p>\n","protected":false},"author":10,"featured_media":78386,"comment_status":"closed","ping_status":"open","sticky":false,"template":"","format":"standard","meta":{"rank_math_lock_modified_date":false,"footnotes":""},"categories":[95],"tags":[37131,34078,3836,16509,2832],"class_list":["post-78387","post","type-post","status-publish","format-standard","has-post-thumbnail","hentry","category-guzellik","tag-akne-tedavisi","tag-cay-agaci-yagi","tag-cilt-bakimi","tag-dogal-yaglar","tag-sac-bakimi"],"_links":{"self":[{"href":"https:\/\/www.tgrthaber.com\/mavikadin\/wp-json\/wp\/v2\/posts\/78387"}],"collection":[{"href":"https:\/\/www.tgrthaber.com\/mavikadin\/wp-json\/wp\/v2\/posts"}],"about":[{"href":"https:\/\/www.tgrthaber.com\/mavikadin\/wp-json\/wp\/v2\/types\/post"}],"author":[{"embeddable":true,"href":"https:\/\/www.tgrthaber.com\/mavikadin\/wp-json\/wp\/v2\/users\/10"}],"replies":[{"embeddable":true,"href":"https:\/\/www.tgrthaber.com\/mavikadin\/wp-json\/wp\/v2\/comments?post=78387"}],"version-history":[{"count":1,"href":"https:\/\/www.tgrthaber.com\/mavikadin\/wp-json\/wp\/v2\/posts\/78387\/revisions"}],"predecessor-version":[{"id":78388,"href":"https:\/\/www.tgrthaber.com\/mavikadin\/wp-json\/wp\/v2\/posts\/78387\/revisions\/78388"}],"wp:featuredmedia":[{"embeddable":true,"href":"https:\/\/www.tgrthaber.com\/mavikadin\/wp-json\/wp\/v2\/media\/78386"}],"wp:attachment":[{"href":"https:\/\/www.tgrthaber.com\/mavikadin\/wp-json\/wp\/v2\/media?parent=78387"}],"wp:term":[{"taxonomy":"category","embeddable":true,"href":"https:\/\/www.tgrthaber.com\/mavikadin\/wp-json\/wp\/v2\/categories?post=78387"},{"taxonomy":"post_tag","embeddable":true,"href":"https:\/\/www.tgrthaber.com\/mavikadin\/wp-json\/wp\/v2\/tags?post=78387"}],"curies":[{"name":"wp","href":"https:\/\/api.w.org\/{rel}","templated":true}]}}