{"id":78727,"date":"2024-07-17T14:56:00","date_gmt":"2024-07-17T11:56:00","guid":{"rendered":"https:\/\/new.mavikadin.com\/?p=78727"},"modified":"2024-09-17T16:26:29","modified_gmt":"2024-09-17T13:26:29","slug":"allik-nasil-kullanilir-sik-yapilan-7-yanlis-ve-cozum-yollari","status":"publish","type":"post","link":"https:\/\/www.tgrthaber.com\/mavikadin\/allik-nasil-kullanilir-sik-yapilan-7-yanlis-ve-cozum-yollari\/","title":{"rendered":"All\u0131k nas\u0131l kullan\u0131l\u0131r: S\u0131k yap\u0131lan 7 yanl\u0131\u015f ve \u00e7\u00f6z\u00fcm yollar\u0131"},"content":{"rendered":"<p>Makyaj rutininin vazge\u00e7ilmez ad\u0131mlar\u0131ndan biri olan all\u0131k kullan\u0131m\u0131, bazen istenmeyen sonu\u00e7lara yol a\u00e7abilir. \u0130\u015fte do\u011fru renk se\u00e7iminden uygulama y\u00f6ntemlerine all\u0131k kullan\u0131m\u0131n\u0131n p\u00fcf noktalar\u0131<\/p>\n<p>Makyaj rutininin vazge&ccedil;ilmez unsurlar\u0131ndan biri olan all\u0131k, y&uuml;z&uuml;m&uuml;ze canl\u0131l\u0131k ve ayd\u0131nl\u0131k katmak i&ccedil;in kullan\u0131l\u0131r. Ancak do\u011fru uygulanmad\u0131\u011f\u0131nda istenmeyen sonu&ccedil;lara yol a&ccedil;abilir. All\u0131k kullan\u0131m\u0131nda yap\u0131lan hatalar\u0131 fark edip d&uuml;zeltmek ise bazen zor olabilir. Bu yaz\u0131da, all\u0131k kullan\u0131m\u0131nda s\u0131kl\u0131kla kar\u015f\u0131la\u015f\u0131lan 7 yayg\u0131n hatay\u0131 ve bu hatalarla nas\u0131l ba\u015fa &ccedil;\u0131k\u0131labilce\u011fini ele alaca\u011f\u0131z.<\/p>\n<p>\u0130\u015fte all\u0131k kullan\u0131m\u0131nda s\u0131k yanl\u0131\u015flar ve &ccedil;&ouml;z&uuml;m yollar\u0131&#8230;<\/p>\n<p><img decoding=\"async\" src=\"https:\/\/www.tgrthaber.com\/mavikadin\/wp-content\/images\/haberler\/24-07\/09\/yeni-proje-21-1720546268.jpg\" alt=\"\" title=\"\"><\/p>\n<h3><strong>1- YANLI\u015e RENK VE B\u0130T\u0130\u015e KULLANMAK<\/strong><\/h3>\n<p>All\u0131k se&ccedil;erken dikkatli olmak &ccedil;ok &ouml;nemli! Sadece g&ouml;z&uuml;n&uuml;ze &ccedil;arpan\u0131 de\u011fil, cilt tonunuza da uygun olan\u0131 tercih etmelisiniz. &Ouml;zellikle geni\u015f g&ouml;zenekler veya lekeler varsa, \u0131\u015f\u0131lt\u0131l\u0131 all\u0131klardan ka&ccedil;\u0131nmakta fayda var. Mat bir all\u0131k daha do\u011fal ve d&uuml;zg&uuml;n bir g&ouml;r&uuml;n&uuml;m sa\u011flayabilir.<\/p>\n<p>Renk se&ccedil;iminde <strong>do\u011fall\u0131\u011f\u0131 tercih etmek<\/strong> &ouml;nemlidir. <strong>A&ccedil;\u0131k tenli<\/strong> ki\u015filer i&ccedil;in <strong>bebek pembesi tonlar\u0131<\/strong> uyumlu olabilirken, <strong>orta tenli<\/strong> bireyler <strong>hafif b&ouml;\u011f&uuml;rtlen renkleri<\/strong>ni deneyebilirler. Daha <strong>koyu cilt tonuna<\/strong> sahip olanlar ise cesur tercihler yapabilirler. Bu durumda <strong>koyu erik<\/strong> ve <strong>k\u0131rm\u0131z\u0131 tonlar\u0131 cilt tonlar\u0131<\/strong>yla g&uuml;zel bir uyum sa\u011flayabilir.<\/p>\n<p><img decoding=\"async\" src=\"https:\/\/www.tgrthaber.com\/mavikadin\/wp-content\/images\/haberler\/24-07\/09\/yeni-proje-26.jpg\" alt=\"\" title=\"\"><\/p>\n<h3><strong>2- PUDRA &Uuml;ZER\u0130NE KREM S&Uuml;RMEK<\/strong><\/h3>\n<p>Yanl\u0131\u015f dokular\u0131 kar\u0131\u015ft\u0131rmak genel g&ouml;r&uuml;n&uuml;m&uuml;n&uuml;ze zarar verebilir. Y&uuml;z&uuml;n&uuml;ze pudra s&uuml;rd&uuml;yseniz &uuml;st&uuml;ne krem \u200b\u200bveya jel all\u0131k eklememeye dikkat edin. Bu kombinasyon karma\u015f\u0131k bir g&ouml;r&uuml;n&uuml;me sebep olabilir. Pudra fond&ouml;ten kullan\u0131yorsan\u0131z, <strong>pudra all\u0131k tercih etmek<\/strong> her zaman daha iyi bir se&ccedil;enek olacakt\u0131r.<\/p>\n<p>Kremler ise <strong>&ccedil;\u0131plak ten ya da krem\/s\u0131v\u0131 form&uuml;ller<\/strong>in &uuml;st&uuml;nde rahatl\u0131kla kullan\u0131labilir. Makyaj rutininizde do\u011fru &uuml;r&uuml;nleri ve teknikleri kullanarak, p&uuml;r&uuml;zs&uuml;z ve g&uuml;zel bir g&ouml;r&uuml;n&uuml;m elde edebilirsiniz.<\/p>\n<p><img decoding=\"async\" src=\"https:\/\/www.tgrthaber.com\/mavikadin\/wp-content\/images\/haberler\/24-07\/09\/yeni-proje-24.jpg\" alt=\"\" title=\"\"><\/p>\n<h3><strong>3- SIVI FOND&Ouml;TEN &Uuml;ZER\u0130NE PUDRA S&Uuml;RMEK<\/strong><\/h3>\n<p>S\u0131v\u0131 fond&ouml;ten kullan\u0131rken pudra s&uuml;rmek bazen pekiyi bir fikir olmayabilir. S\u0131v\u0131 fond&ouml;ten, renkli nemlendirici veya BB krem \u200b\u200btercih ediyorsan\u0131z, direkt olarak &uuml;st&uuml;ne pudra all\u0131k uygulamak istemeyebilirsiniz. Bunun yerine, <strong>cilt tipinize uygun bir krem all\u0131k tercih edebilir<\/strong> veya makyaj\u0131n\u0131z\u0131n kal\u0131c\u0131l\u0131\u011f\u0131n\u0131 artt\u0131rmak i&ccedil;in &ouml;nce sabitleyici pudra ile baz\u0131n\u0131z\u0131 haz\u0131rlayabilirsiniz. Bu ad\u0131m\u0131 atlad\u0131\u011f\u0131n\u0131zda, makyaj\u0131n\u0131zda renk lekeleri olu\u015fabilir ve makyaj\u0131n\u0131z\u0131n da\u011f\u0131lmas\u0131na neden olabilirsiniz.<\/p>\n<p><img decoding=\"async\" src=\"https:\/\/www.tgrthaber.com\/mavikadin\/wp-content\/images\/haberler\/24-07\/09\/yeni-proje-23.jpg\" alt=\"\" title=\"\"><\/p>\n<h3><strong>4- YANLI\u015e NOKTAYA YERLE\u015eT\u0130RMEK<\/strong><\/h3>\n<p>All\u0131k uygularken dikkat etmeniz gereken noktalar\u0131 bilmek, makyaj\u0131n\u0131z\u0131n daha profesyonel ve do\u011fal g&ouml;r&uuml;nmesini sa\u011flar. &Ouml;ncelikle, <strong>all\u0131\u011f\u0131 kula\u011f\u0131n\u0131z\u0131n yan\u0131ndan ba\u015flayarak elmac\u0131k kemiklerinize do\u011fru yava\u015f&ccedil;a ilerletmek<\/strong> &ouml;nemlidir. A\u015f\u0131r\u0131 y&uuml;ksek ya da al&ccedil;ak s&uuml;rmekten ka&ccedil;\u0131n\u0131n. Aksi halde istenmeyen sonu&ccedil;larla kar\u015f\u0131la\u015fabilirsiniz.<\/p>\n<p><strong>Y&uuml;z&uuml;n&uuml;z&uuml;n yanlar\u0131na odaklanarak i&ccedil;eriye do\u011fru hafif&ccedil;e kar\u0131\u015ft\u0131rarak, do\u011fal ve canl\u0131 bir g&ouml;r&uuml;n&uuml;m elde edebilirsiniz<\/strong>. Do\u011fru teknikleri kullanarak all\u0131k uygulaman\u0131n p&uuml;f noktalar\u0131n\u0131 ke\u015ffederek makyaj rutininizi daha da geli\u015ftirebilirsiniz.<\/p>\n<p><img decoding=\"async\" src=\"https:\/\/www.tgrthaber.com\/mavikadin\/wp-content\/images\/haberler\/24-07\/09\/yeni-proje-22.jpg\" alt=\"\" title=\"\"><\/p>\n<h3><strong>5- Y&Uuml;Z \u015eEKL\u0130N\u0130Z\u0130 D\u0130KKATE ALMAMAK<\/strong><\/h3>\n<p><strong>Kare \u015fekilli y&uuml;zler i&ccedil;in elmac\u0131k kemikleri<\/strong>nin &uuml;zerine odaklanarak all\u0131k uygulamak, <strong>&ccedil;ene hatt\u0131n\u0131z\u0131<\/strong> daha yumu\u015fak g&ouml;stermenize yard\u0131mc\u0131 olabilir. <strong>Yuvarlak y&uuml;zl&uuml;ler<\/strong> ise <strong>elmac\u0131k kemikleri boyunca all\u0131\u011f\u0131 inceltici <\/strong>bir etki i&ccedil;in kullanabilirler. <strong>Dar bir y&uuml;z \u015fekli<\/strong>ne sahipseniz, <strong>yatay all\u0131k uygulamas\u0131yla<\/strong> y&uuml;z&uuml;n&uuml;z&uuml; dengeleyebilirsiniz. <strong>Kalp \u015feklindeki y&uuml;zler<\/strong> i&ccedil;inse keskin bir &ccedil;eneden dikkat da\u011f\u0131tmaya yard\u0131mc\u0131 olmak i&ccedil;in <strong>elmac\u0131k kemiklerinizin alt\u0131na all\u0131k uygulamal\u0131s\u0131n\u0131z<\/strong>.<\/p>\n<p><img decoding=\"async\" src=\"https:\/\/www.tgrthaber.com\/mavikadin\/wp-content\/images\/haberler\/24-07\/09\/yeni-proje-27-1720546510.jpg\" alt=\"\" title=\"\"><\/p>\n<h3><strong>6-&nbsp;&Ccedil;OK FAZLA &Uuml;R&Uuml;N KULLANMAK<\/strong><\/h3>\n<p>All\u0131kta a\u015f\u0131r\u0131ya ka&ccedil;mamaya dikkat edin. &Ccedil;ok fazla uygulamak, all\u0131k kullanman\u0131n as\u0131l amac\u0131n\u0131 ka&ccedil;\u0131r\u0131r. \u015eeffaf, kat kat uygulanabilen bir all\u0131k kullanarak, hafif vuru\u015flarla uygulay\u0131n. <strong>Evden &ccedil;\u0131kmadan &ouml;nce all\u0131\u011f\u0131n\u0131z\u0131 farkl\u0131 bir \u0131\u015f\u0131kta kontrol edin ve a\u015f\u0131r\u0131ya ka&ccedil;\u0131p ka&ccedil;mad\u0131\u011f\u0131n\u0131z\u0131 &ouml;\u011frenebilirsiniz. Ayr\u0131ca i&ccedil;eri \u0131\u015f\u0131k alan bir pencereniz varsa, g&uuml;ne\u015f \u0131\u015f\u0131\u011f\u0131 makyaj\u0131n\u0131z i&ccedil;in en iyi ger&ccedil;eklik kontrol&uuml;d&uuml;r.<\/strong> Bir ad\u0131m ileri gitti\u011finizi fark ederseniz, bir miktar yar\u0131 saydam pudra ile da\u011f\u0131tarak durumu kontrol alt\u0131na alabilirsiniz.<\/p>\n<p><img decoding=\"async\" src=\"https:\/\/www.tgrthaber.com\/mavikadin\/wp-content\/images\/haberler\/24-07\/09\/yeni-proje-25.jpg\" alt=\"\" title=\"\"><\/p>\n<h3><strong>7- HER \u015eEY\u0130 ATLAMAK<\/strong><\/h3>\n<p>Makyaj rutininizde yanaklar\u0131n\u0131za da yer vermek &ouml;nemli. All\u0131k, y&uuml;z&uuml;n&uuml;ze an\u0131nda canl\u0131l\u0131k katan etkili bir dokunu\u015f olabilir. <strong>Yanaklar\u0131n\u0131z\u0131 ihmal etmemek, makyaj\u0131n\u0131z\u0131n daha dengeli ve g&uuml;zel g&ouml;r&uuml;nmesini sa\u011flar.<\/strong> Do\u011fru tonlarda all\u0131k se&ccedil;erek cildinizi ayd\u0131nlatabilir ve daha gen&ccedil; bir g&ouml;r&uuml;n&uuml;m elde edebilirsiniz. &Ouml;zellikle solgun g&uuml;nlerde veya enerjisiz hissetti\u011finiz zamanlarda all\u0131k kullanarak kendinizi daha iyi hissedebilirsiniz.<\/p><\/p>\n","protected":false},"excerpt":{"rendered":"<p>Makyaj rutininin vazge\u00e7ilmez ad\u0131mlar\u0131ndan biri olan all\u0131k kullan\u0131m\u0131, bazen istenmeyen sonu\u00e7lara yol a\u00e7abilir. \u0130\u015fte do\u011fru renk se\u00e7iminden uygulama y\u00f6ntemlerine all\u0131k kullan\u0131m\u0131n\u0131n p\u00fcf noktalar\u0131 Makyaj rutininin vazge&ccedil;ilmez unsurlar\u0131ndan biri olan all\u0131k, y&uuml;z&uuml;m&uuml;ze canl\u0131l\u0131k ve ayd\u0131nl\u0131k katmak i&ccedil;in kullan\u0131l\u0131r. Ancak do\u011fru uygulanmad\u0131\u011f\u0131nda istenmeyen sonu&ccedil;lara yol a&ccedil;abilir. All\u0131k kullan\u0131m\u0131nda yap\u0131lan hatalar\u0131 fark edip d&uuml;zeltmek ise bazen zor olabilir. [&hellip;]<\/p>\n","protected":false},"author":10,"featured_media":78726,"comment_status":"closed","ping_status":"open","sticky":false,"template":"","format":"standard","meta":{"rank_math_lock_modified_date":false,"footnotes":""},"categories":[95],"tags":[53594,53595,50722,50421,43327],"class_list":["post-78727","post","type-post","status-publish","format-standard","has-post-thumbnail","hentry","category-guzellik","tag-allik-nasil-kullanilir","tag-allik-uygulama","tag-cilt-makyaji","tag-makyaj-hatalari","tag-makyaj-ipuclari"],"_links":{"self":[{"href":"https:\/\/www.tgrthaber.com\/mavikadin\/wp-json\/wp\/v2\/posts\/78727"}],"collection":[{"href":"https:\/\/www.tgrthaber.com\/mavikadin\/wp-json\/wp\/v2\/posts"}],"about":[{"href":"https:\/\/www.tgrthaber.com\/mavikadin\/wp-json\/wp\/v2\/types\/post"}],"author":[{"embeddable":true,"href":"https:\/\/www.tgrthaber.com\/mavikadin\/wp-json\/wp\/v2\/users\/10"}],"replies":[{"embeddable":true,"href":"https:\/\/www.tgrthaber.com\/mavikadin\/wp-json\/wp\/v2\/comments?post=78727"}],"version-history":[{"count":1,"href":"https:\/\/www.tgrthaber.com\/mavikadin\/wp-json\/wp\/v2\/posts\/78727\/revisions"}],"predecessor-version":[{"id":78728,"href":"https:\/\/www.tgrthaber.com\/mavikadin\/wp-json\/wp\/v2\/posts\/78727\/revisions\/78728"}],"wp:featuredmedia":[{"embeddable":true,"href":"https:\/\/www.tgrthaber.com\/mavikadin\/wp-json\/wp\/v2\/media\/78726"}],"wp:attachment":[{"href":"https:\/\/www.tgrthaber.com\/mavikadin\/wp-json\/wp\/v2\/media?parent=78727"}],"wp:term":[{"taxonomy":"category","embeddable":true,"href":"https:\/\/www.tgrthaber.com\/mavikadin\/wp-json\/wp\/v2\/categories?post=78727"},{"taxonomy":"post_tag","embeddable":true,"href":"https:\/\/www.tgrthaber.com\/mavikadin\/wp-json\/wp\/v2\/tags?post=78727"}],"curies":[{"name":"wp","href":"https:\/\/api.w.org\/{rel}","templated":true}]}}