{"id":81382,"date":"2024-08-15T15:33:00","date_gmt":"2024-08-15T12:33:00","guid":{"rendered":"https:\/\/new.mavikadin.com\/?p=81382"},"modified":"2024-09-17T18:58:12","modified_gmt":"2024-09-17T15:58:12","slug":"maymun-cicegi-turkiyede-var-mi-maymun-ciceginin-belirtileri-tedavisi-son-durum","status":"publish","type":"post","link":"https:\/\/www.tgrthaber.com\/mavikadin\/maymun-cicegi-turkiyede-var-mi-maymun-ciceginin-belirtileri-tedavisi-son-durum\/","title":{"rendered":"Maymun \u00c7i\u00e7e\u011fi T\u00fcrkiye&#8217;de var m\u0131? Maymun \u00c7i\u00e7e\u011finin belirtileri, tedavisi&#8230; | Son durum"},"content":{"rendered":"<p>D\u00fcnya Sa\u011fl\u0131k \u00d6rg\u00fct\u00fc (DS\u00d6), Maymun \u00c7i\u00e7e\u011fi vir\u00fcs\u00fc nedeniyle uluslararas\u0131 acil durum ilan etti. COVID-19 sonras\u0131 s\u00fcre\u00e7te DS\u00d6\u2019n\u00fcn bu karar\u0131 yeniden pandemi korkular\u0131na neden oldu. Peki Maymun \u00c7i\u00e7e\u011fi vakas\u0131 T\u00fcrkiye&#8217;de var m\u0131? Maymun \u00c7i\u00e7e\u011fi belirtileri detavisi ve di\u011fer detaylar\u0131 derledik.<\/p>\n<p><span data-contrast=\"auto\">D&uuml;nya Sa\u011fl\u0131k &Ouml;rg&uuml;t&uuml; (DS&Ouml;) Genel Direkt&ouml;r&uuml; Tedros Adhanom Ghebreyesus, Maymun &Ccedil;i&ccedil;ei\u011fi vir&uuml;s&uuml; ile ilgili durumun uluslararas\u0131 &ouml;neme sahip bir halk sa\u011fl\u0131\u011f\u0131 acil durumu olu\u015fturdu\u011fu tavsiye g&ouml;r&uuml;\u015f&uuml;n&uuml; kabul etti\u011fini a&ccedil;\u0131klad\u0131. D&uuml;nya kamuoyunda merak edilen Maymun &Ccedil;i&ccedil;e\u011fi vir&uuml;s&uuml; ile ilgili ayr\u0131nt\u0131lar merak ediliyor. Maymun &Ccedil;i&ccedil;e\u011fi vir&uuml;s&uuml; nedir? Maymun &Ccedil;i&ccedil;e\u011fi salg\u0131n\u0131n\u0131n belirtileri nelerdir? Maymun &Ccedil;i&ccedil;e\u011fi vir&uuml;s&uuml; T&uuml;rkiye&rsquo;de var m\u0131?<\/span>&nbsp;<\/p>\n<p><strong>Maymun &Ccedil;i&ccedil;e\u011fi (Monkeypox) hastal\u0131\u011f\u0131, ilk olarak 1958&#8217;de maymunlarda ke\u015ffedilen ve insanlara ge&ccedil;i\u015f yapabilen bir vir&uuml;s enfeksiyonudur. Hastal\u0131\u011f\u0131n belirtileri ve tedavisi hakk\u0131nda genel bilgiler \u015fu \u015fekildedir:<\/strong><\/p>\n<p><strong><em><img decoding=\"async\" src=\"https:\/\/www.tgrthaber.com\/mavikadin\/wp-content\/images\/haberler\/24-08\/15\/maymun_cicegi_virusu_4.jpg\" alt=\"\" title=\"\"><\/em><\/strong><\/p>\n<h3><strong>MAYMUN &Ccedil;\u0130&Ccedil;E\u011e\u0130 V\u0130R&Uuml;S&Uuml;N&Uuml;N BEL\u0130RT\u0130LER\u0130 NELERD\u0130R?<\/strong><span data-ccp-props=\"{&quot;201341983&quot;:0,&quot;335559739&quot;:160,&quot;335559740&quot;:279}\">&nbsp;<\/span><\/h3>\n<p><span data-contrast=\"auto\">Maymun &Ccedil;i&ccedil;e\u011fi genellikle \u015fu belirtilerle ba\u015flar:<\/span><span data-ccp-props=\"{&quot;201341983&quot;:0,&quot;335559739&quot;:160,&quot;335559740&quot;:279}\">&nbsp;<\/span><\/p>\n<ul style=\"list-style-type: circle;\">\n<li><span data-contrast=\"auto\"><strong>Ate\u015f:<\/strong> Genellikle y&uuml;ksek ate\u015f.<\/span><span data-ccp-props=\"{&quot;201341983&quot;:0,&quot;335559739&quot;:160,&quot;335559740&quot;:279}\">&nbsp;<\/span><\/li>\n<li><span data-contrast=\"auto\"><strong>Ba\u015f a\u011fr\u0131s\u0131:<\/strong> \u015eiddetli olabilir.<\/span><span data-ccp-props=\"{&quot;201341983&quot;:0,&quot;335559739&quot;:160,&quot;335559740&quot;:279}\">&nbsp;<\/span><\/li>\n<li><span data-contrast=\"auto\"><strong>Kas a\u011fr\u0131lar\u0131: <\/strong>V&uuml;cutta yayg\u0131n a\u011fr\u0131lar.<\/span><span data-ccp-props=\"{&quot;201341983&quot;:0,&quot;335559739&quot;:160,&quot;335559740&quot;:279}\">&nbsp;<\/span><\/li>\n<li><span data-contrast=\"auto\"><strong>S\u0131rt a\u011fr\u0131s\u0131:<\/strong> &Ouml;zellikle s\u0131rt b&ouml;lgesinde.<\/span><span data-ccp-props=\"{&quot;201341983&quot;:0,&quot;335559739&quot;:160,&quot;335559740&quot;:279}\">&nbsp;<\/span><\/li>\n<li><span data-contrast=\"auto\"><strong>Lenf bezlerinde \u015fi\u015flik:<\/strong> &Ouml;zellikle ba\u015f, boyun ve kas\u0131k b&ouml;lgesindeki lenf bezleri.<\/span><span data-ccp-props=\"{&quot;201341983&quot;:0,&quot;335559739&quot;:160,&quot;335559740&quot;:279}\">&nbsp;<\/span><\/li>\n<li><span data-contrast=\"auto\"><strong>Yorgunluk:<\/strong> Genel halsizlik ve yorgunluk hissi.<\/span><span data-ccp-props=\"{&quot;201341983&quot;:0,&quot;335559739&quot;:160,&quot;335559740&quot;:279}\">&nbsp;<\/span><\/li>\n<li><span data-contrast=\"auto\">Belirtiler ilerledik&ccedil;e, karakteristik bir d&ouml;k&uuml;nt&uuml; geli\u015fir. Bu d&ouml;k&uuml;nt&uuml; genellikle:<\/span><span data-ccp-props=\"{&quot;201341983&quot;:0,&quot;335559739&quot;:160,&quot;335559740&quot;:279}\">&nbsp;<\/span><\/li>\n<li><span data-contrast=\"auto\"><strong>K&uuml;&ccedil;&uuml;k, s\u0131v\u0131 dolu kabarc\u0131klar:<\/strong> Y&uuml;zeyde p&uuml;t&uuml;rl&uuml; bir g&ouml;r&uuml;n&uuml;m.<\/span><span data-ccp-props=\"{&quot;201341983&quot;:0,&quot;335559739&quot;:160,&quot;335559740&quot;:279}\">&nbsp;<\/span><\/li>\n<li><span data-contrast=\"auto\"><strong>Kabuklanma:<\/strong> Kabarc\u0131klar kurur ve kabukla\u015f\u0131r.<\/span><\/li>\n<\/ul>\n<p>&nbsp;<\/p>\n<p><span data-ccp-props=\"{&quot;201341983&quot;:0,&quot;335559739&quot;:160,&quot;335559740&quot;:279}\"><img decoding=\"async\" src=\"https:\/\/www.tgrthaber.com\/mavikadin\/wp-content\/images\/haberler\/24-08\/15\/maymun_cicegi_virusu_1.jpg\" alt=\"\" title=\"\"><\/span><\/p>\n<h3><strong>MAYMUN &Ccedil;\u0130&Ccedil;E\u011e\u0130 V\u0130R&Uuml;S&Uuml;N&Uuml;N TEDAV\u0130S\u0130 NED\u0130R?&nbsp;<\/strong><\/h3>\n<p><span data-contrast=\"auto\">Maymun &Ccedil;i&ccedil;e\u011fi i&ccedil;in &ouml;zel bir tedavi bulunmuyor, ancak destekleyici tedavi ve semptomlar\u0131 hafifletmek i&ccedil;in baz\u0131 yakla\u015f\u0131mlar uygulanabilir:<\/span><span data-ccp-props=\"{&quot;201341983&quot;:0,&quot;335559739&quot;:160,&quot;335559740&quot;:279}\">&nbsp;<\/span><\/p>\n<ul style=\"list-style-type: circle;\">\n<li><span data-contrast=\"auto\"><strong>A\u011fr\u0131 ve ate\u015fi kontrol alt\u0131na almak i&ccedil;in ila&ccedil;lar:<\/strong> &Ouml;rne\u011fin, parasetamol veya ibuprofen.<\/span><span data-ccp-props=\"{&quot;201341983&quot;:0,&quot;335559739&quot;:160,&quot;335559740&quot;:279}\">&nbsp;<\/span><\/li>\n<li><span data-contrast=\"auto\"><strong>S\u0131v\u0131 al\u0131m\u0131n\u0131 art\u0131rmak:<\/strong> V&uuml;cudun yeterli s\u0131v\u0131 al\u0131m\u0131n\u0131 sa\u011flamak.<\/span><span data-ccp-props=\"{&quot;201341983&quot;:0,&quot;335559739&quot;:160,&quot;335559740&quot;:279}\">&nbsp;<\/span><\/li>\n<li><span data-contrast=\"auto\"><strong>Antiviral ila&ccedil;lar:<\/strong> Belirli durumlarda, hastal\u0131k daha ciddi hale gelirse antiviral ila&ccedil;lar kullan\u0131labilir. &Ouml;rne\u011fin, tecovirimat gibi ila&ccedil;lar baz\u0131 &uuml;lkelerde kullan\u0131mda olabilir.<\/span><span data-ccp-props=\"{&quot;201341983&quot;:0,&quot;335559739&quot;:160,&quot;335559740&quot;:279}\">&nbsp;<\/span><\/li>\n<li><span data-contrast=\"auto\"><strong>Yaralar\u0131n temizli\u011fi ve bak\u0131m\u0131:<\/strong> D&ouml;k&uuml;nt&uuml;lerin hijyenine dikkat edilmelidir.<\/span><\/li>\n<\/ul>\n<p><span data-ccp-props=\"{&quot;201341983&quot;:0,&quot;335559739&quot;:160,&quot;335559740&quot;:279}\"><img decoding=\"async\" src=\"https:\/\/www.tgrthaber.com\/mavikadin\/wp-content\/images\/haberler\/24-08\/15\/maymun_cicegi_virusu_2.jpg\" alt=\"\" title=\"\"><\/span><\/p>\n<h3><strong>MAYMUN &Ccedil;\u0130&Ccedil;E\u011e\u0130 V\u0130R&Uuml;S&Uuml; T&Uuml;RK\u0130YE&rsquo;DE VAR MI?&nbsp;<\/strong><\/h3>\n<p><strong><em>Sa\u011fl\u0131k Bakan\u0131 Kemal Memi\u015fo\u011flu, 15 A\u011fustos&#8217;ta yapt\u0131\u011f\u0131 a&ccedil;\u0131klamada maymun &ccedil;i&ccedil;e\u011fi vir&uuml;s&uuml; ve Covid-19&rsquo;a ili\u015fkin, &ldquo;Maymun &ccedil;i&ccedil;e\u011fi ve Covid ile ilgili geli\u015fmeleri takip ediyoruz. Ancak \u015fu anda herhangi bir alarm durumumuz s&ouml;z konusu de\u011fil&rdquo; dedi.&nbsp;<\/em><\/strong><\/p>\n<p><img decoding=\"async\" src=\"https:\/\/www.tgrthaber.com\/mavikadin\/wp-content\/images\/haberler\/24-08\/15\/maymun_cicegi_virusu_5.jpg\" alt=\"\" title=\"\"><\/p>\n<h3><strong>DS&Ouml;&rsquo;N&Uuml;N MAYMUN &Ccedil;\u0130&Ccedil;E\u011e\u0130 V\u0130R&Uuml;S&Uuml; \u0130LE \u0130LG\u0130L\u0130 &Ouml;NLEM VE KARARLARI&nbsp;<\/strong><\/h3>\n<p><span data-contrast=\"auto\">D&uuml;nya Sa\u011fl\u0131k &Ouml;rg&uuml;t&uuml; (DS&Ouml;), Maymun &Ccedil;i&ccedil;e\u011fi&#8217;nin yay\u0131lmas\u0131n\u0131 &ouml;nlemek amac\u0131yla &ccedil;e\u015fitli &ouml;neriler ve kararlar alm\u0131\u015ft\u0131r:<\/span><span data-ccp-props=\"{&quot;201341983&quot;:0,&quot;335559739&quot;:160,&quot;335559740&quot;:279}\">&nbsp;<\/span><\/p>\n<ul style=\"list-style-type: circle;\">\n<li><span data-contrast=\"auto\"><strong>A\u015f\u0131lar: <\/strong>&Ccedil;i&ccedil;ek hastal\u0131\u011f\u0131na kar\u015f\u0131 a\u015f\u0131l\u0131 ki\u015filer, Maymun &Ccedil;i&ccedil;e\u011fi&#8217;ne kar\u015f\u0131 da belirli bir koruma sa\u011flayabilir.<\/span><span data-ccp-props=\"{&quot;201341983&quot;:0,&quot;335559739&quot;:160,&quot;335559740&quot;:279}\">&nbsp;<\/span><\/li>\n<li><span data-contrast=\"auto\"><strong>Ki\u015fisel koruma &ouml;nlemleri<\/strong>: Maske takma, el hijyenine dikkat etme ve hasta ki\u015filerle yak\u0131n temastan ka&ccedil;\u0131nma gibi genel enfeksiyon kontrol &ouml;nlemleri.<\/span><span data-ccp-props=\"{&quot;201341983&quot;:0,&quot;335559739&quot;:160,&quot;335559740&quot;:279}\">&nbsp;<\/span><\/li>\n<li><span data-contrast=\"auto\"><strong>Karantina ve izolasyon:<\/strong> Enfekte ki\u015filerin toplumdan izole edilmesi, hastal\u0131\u011f\u0131n yay\u0131lmas\u0131n\u0131 &ouml;nlemek i&ccedil;in &ouml;nemli bir ad\u0131md\u0131r.<\/span><span data-ccp-props=\"{&quot;201341983&quot;:0,&quot;335559739&quot;:160,&quot;335559740&quot;:279}\">&nbsp;<\/span><\/li>\n<li><span data-contrast=\"auto\">E\u011fitim ve bilgi payla\u015f\u0131m\u0131: Halk\u0131 bilgilendirme ve e\u011fitim &ccedil;al\u0131\u015fmalar\u0131, hastal\u0131\u011f\u0131n yay\u0131lmas\u0131n\u0131 &ouml;nlemeye yard\u0131mc\u0131 olur.<\/span><\/li>\n<\/ul>\n<p>&nbsp;<\/p>\n<p><span data-ccp-props=\"{&quot;201341983&quot;:0,&quot;335559739&quot;:160,&quot;335559740&quot;:279}\"><img decoding=\"async\" src=\"https:\/\/www.tgrthaber.com\/mavikadin\/wp-content\/images\/haberler\/24-08\/15\/dso_who.jpg\" alt=\"\" title=\"\"><\/span><\/p>\n<h3><strong>MAYMUN &Ccedil;\u0130&Ccedil;E\u011e\u0130 V\u0130R&Uuml;S&Uuml;NDEN DOLAYI &Ouml;L&Uuml;M SAYISI 524<\/strong><\/h3>\n<p><span data-ccp-props=\"{&quot;201341983&quot;:0,&quot;335559739&quot;:160,&quot;335559740&quot;:279}\"><strong><em>D&uuml;nya Sa\u011fl\u0131k &Ouml;rg&uuml;t&uuml; (DS&Ouml;) Genel Direkt&ouml;r&uuml; Tedros Adhanom Ghebreyesus, 2023&#8217;te bildirilen M &ccedil;i&ccedil;e\u011fi vir&uuml;s&uuml; vaka say\u0131s\u0131nda &ouml;nemli bir art\u0131\u015f ya\u015fand\u0131\u011f\u0131n\u0131 hat\u0131rlatarak, bu y\u0131l \u015fu ana kadar Afrika &uuml;lkelerinden bildirilen vaka say\u0131s\u0131n\u0131n ge&ccedil;en y\u0131l\u0131n toplam\u0131n\u0131 a\u015farak 14 bini ge&ccedil;ti\u011fini, buna ba\u011fl\u0131 524 &ouml;l&uuml;m kaydedildi\u011fini dile getirdi.<\/em><\/strong><br \/><\/span><\/p>\n<p><span data-contrast=\"auto\"><strong>Not:<\/strong> Maymun &Ccedil;i&ccedil;e\u011fi hakk\u0131nda g&uuml;ncel bilgi ve &ouml;neriler i&ccedil;in DS&Ouml;&rsquo;n&uuml;n resmi web sitesini veya yerel sa\u011fl\u0131k otoritelerinin a&ccedil;\u0131klamalar\u0131n\u0131 takip etmek &ouml;nemlidir. Ayr\u0131ca, semptomlar ortaya &ccedil;\u0131kt\u0131\u011f\u0131nda bir sa\u011fl\u0131k profesyoneline ba\u015fvurmak en do\u011fru ad\u0131m olacakt\u0131r.<\/span><\/p>\n<p><span data-ccp-props=\"{&quot;201341983&quot;:0,&quot;335559739&quot;:160,&quot;335559740&quot;:279}\"><\/span><\/p>\n","protected":false},"excerpt":{"rendered":"<p>D\u00fcnya Sa\u011fl\u0131k \u00d6rg\u00fct\u00fc (DS\u00d6), Maymun \u00c7i\u00e7e\u011fi vir\u00fcs\u00fc nedeniyle uluslararas\u0131 acil durum ilan etti. COVID-19 sonras\u0131 s\u00fcre\u00e7te DS\u00d6\u2019n\u00fcn bu karar\u0131 yeniden pandemi korkular\u0131na neden oldu. Peki Maymun \u00c7i\u00e7e\u011fi vakas\u0131 T\u00fcrkiye&#8217;de var m\u0131? Maymun \u00c7i\u00e7e\u011fi belirtileri detavisi ve di\u011fer detaylar\u0131 derledik. D&uuml;nya Sa\u011fl\u0131k &Ouml;rg&uuml;t&uuml; (DS&Ouml;) Genel Direkt&ouml;r&uuml; Tedros Adhanom Ghebreyesus, Maymun &Ccedil;i&ccedil;ei\u011fi vir&uuml;s&uuml; ile ilgili durumun uluslararas\u0131 [&hellip;]<\/p>\n","protected":false},"author":11,"featured_media":81381,"comment_status":"closed","ping_status":"open","sticky":false,"template":"","format":"standard","meta":{"rank_math_lock_modified_date":false,"footnotes":""},"categories":[101],"tags":[39002,54799,54798,39003,173,2108],"class_list":["post-81382","post","type-post","status-publish","format-standard","has-post-thumbnail","hentry","category-kesfet","tag-maymun-cicegi","tag-maymun-cicegi-belirtileri","tag-maymun-cicegi-turkiye","tag-monkeypox","tag-saglik","tag-virus"],"_links":{"self":[{"href":"https:\/\/www.tgrthaber.com\/mavikadin\/wp-json\/wp\/v2\/posts\/81382"}],"collection":[{"href":"https:\/\/www.tgrthaber.com\/mavikadin\/wp-json\/wp\/v2\/posts"}],"about":[{"href":"https:\/\/www.tgrthaber.com\/mavikadin\/wp-json\/wp\/v2\/types\/post"}],"author":[{"embeddable":true,"href":"https:\/\/www.tgrthaber.com\/mavikadin\/wp-json\/wp\/v2\/users\/11"}],"replies":[{"embeddable":true,"href":"https:\/\/www.tgrthaber.com\/mavikadin\/wp-json\/wp\/v2\/comments?post=81382"}],"version-history":[{"count":1,"href":"https:\/\/www.tgrthaber.com\/mavikadin\/wp-json\/wp\/v2\/posts\/81382\/revisions"}],"predecessor-version":[{"id":81383,"href":"https:\/\/www.tgrthaber.com\/mavikadin\/wp-json\/wp\/v2\/posts\/81382\/revisions\/81383"}],"wp:featuredmedia":[{"embeddable":true,"href":"https:\/\/www.tgrthaber.com\/mavikadin\/wp-json\/wp\/v2\/media\/81381"}],"wp:attachment":[{"href":"https:\/\/www.tgrthaber.com\/mavikadin\/wp-json\/wp\/v2\/media?parent=81382"}],"wp:term":[{"taxonomy":"category","embeddable":true,"href":"https:\/\/www.tgrthaber.com\/mavikadin\/wp-json\/wp\/v2\/categories?post=81382"},{"taxonomy":"post_tag","embeddable":true,"href":"https:\/\/www.tgrthaber.com\/mavikadin\/wp-json\/wp\/v2\/tags?post=81382"}],"curies":[{"name":"wp","href":"https:\/\/api.w.org\/{rel}","templated":true}]}}